{"id":1999,"date":"2017-07-07T21:00:00","date_gmt":"2017-07-07T18:00:00","guid":{"rendered":"https:\/\/yeni.assam.org.tr\/index.php\/2017\/07\/07\/kirikkale-mkek-fabrika-muduru-tutuklandi-ar\/"},"modified":"2017-07-07T21:00:00","modified_gmt":"2017-07-07T18:00:00","slug":"kirikkale-mkek-fabrika-muduru-tutuklandi-ar","status":"publish","type":"post","link":"https:\/\/assam.org.tr\/ar\/kirikkale-mkek-fabrika-muduru-tutuklandi-ar\/","title":{"rendered":"\u062a\u0645 \u0625\u0639\u062a\u0642\u0627\u0644 \u0645\u062f\u064a\u0631 \u0645\u0635\u0646\u0639 \u0645\u0624\u0633\u0633\u0629 \u0627\u0644\u0635\u0646\u0627\u0639\u0627\u062a \u0627\u0644\u0645\u064a\u0643\u0627\u0646\u064a\u0643\u064a\u0629 \u0648\u0627\u0644\u0643\u064a\u0645\u064a\u0627\u0626\u064a\u0629 \u0641\u064a \u0645\u062f\u064a\u0646\u0629 \u0643\u0631\u064a\u0643\u0627\u0644\u064a\u0629"},"content":{"rendered":"<img loading=\"lazy\" decoding=\"async\" class=\" size-full wp-image-1996\" src=\"https:\/\/assam.org.tr\/wp-content\/uploads\/2017\/07\/556202461533c16857a46ed5bfb7c21c.jpg\" alt=\"\" class=\"caption\" title=\"T\u00fcm d\u00fcnyan\u0131n pe\u015finde ko\u015ftu\u011fu Milli Piyade T\u00fcfe\u011fimiz\" width=\"600\" height=\"298\" \/>\n<p style=\"text-align: justify;\">\u062a\u0645 \u0625\u0639\u062a\u0642\u0627\u0644 \u0645\u062f\u064a\u0631 \u0645\u0635\u0646\u0639 \u0627\u0644\u0623\u0633\u0644\u062d\u0629 \u0641\u064a \u0643\u0631\u064a\u0643\u0627\u0644\u064a\u0629 \u0627\u0644\u062a\u0627\u0628\u0639 \u0644\u0645\u0624\u0633\u0633\u0629 \u0627\u0644\u0635\u0646\u0627\u0639\u0627\u062a \u0627\u0644\u0645\u064a\u0643\u0627\u0646\u064a\u0643\u064a\u0629 \u0648\u0627\u0644\u0643\u0645\u064a\u0627\u0626\u064a\u0629 \u0645\u0635\u0637\u0641\u0649 \u062a\u0627\u0646\u0631\u064a\u0641\u064a\u0631\u062f\u064a \u0628\u0627\u0644\u062c\u0631\u0645 \u0627\u0644\u0645\u0634\u0647\u0648\u062f \u0648\u0647\u0648 \u064a\u062d\u0627\u0648\u0644 \u0628\u064a\u0639 \u0645\u0634\u0631\u0648\u0639 \u0633\u0644\u0627\u062d \u0627\u0644\u0645\u0634\u0627\u0629 \u0627\u0644\u0648\u0637\u0646\u064a\u0629 \u0648\u0642\u062f \u0638\u0647\u0631 \u0641\u064a \u0627\u0644\u0625\u0639\u0644\u0627\u0645 \u0625\u0639\u062a\u0627\u0644\u0647.<\/p>\n<p style=\"text-align: justify;\">\u0646\u062d\u0646 \u0646\u0639\u0644\u0646 \u0644\u0644\u0639\u0627\u0645\u0629 \u0623\u0646\u0647 \u0644\u0627\u064a\u0648\u062c\u062f \u0623\u064a\u0629 \u0635\u0644\u0629 \u0642\u0631\u0627\u0628\u0629 \u0648\u0644\u0627 \u0625\u0631\u062a\u0628\u0627\u0637 \u0644\u0627\u0645\u0646 \u0642\u0631\u064a\u0628 \u0648\u0644\u0627 \u0645\u0646 \u0628\u0639\u064a\u062f \u0628\u064a\u0646 \u0627\u0644\u0634\u062e\u0635 \u0627\u0644\u0645\u0630\u0643\u0648\u0631 \u0648\u0625\u062f\u0627\u0631\u064a\u064a \u0634\u0631\u0643\u062a\u0646\u0627 \u0641\u0642\u0637 \u0647\u0646\u0627\u0644\u0643 \u062a\u0634\u0627\u0628\u0647 \u0628\u0627\u0644\u0644\u0642\u0628.<\/p>\n<p style=\"text-align: justify;\">\u0648\u0646\u0623\u0645\u0644 \u0623\u0646 \u064a\u0646\u0627\u0644 \u0627\u0644\u0645\u0630\u0643\u0648\u0631 \u0639\u0627\u0628\u0627 \u0634\u062f\u064a\u062f\u0627 \u0644\u0645\u062b\u0644 \u0647\u0630\u0627 \u0627\u0644\u0646\u0648\u0639 \u0645\u0646 \u0623\u0646\u0648\u0627\u0639 \u0627\u0644\u062a\u062c\u0633\u0633 \u0627\u0644\u0630\u064a \u0625\u0631\u062a\u0643\u0628\u0647\u060c \u0643\u0627\u0646 \u0645\u0646 \u0627\u0644\u0645\u0641\u0631\u0648\u0636 \u0623\u0646 \u064a\u0628\u0630\u0644 \u0631\u0648\u062d\u0647 \u0631\u062e\u064a\u0635\u0629 \u0644\u062d\u0645\u0627\u064a\u0629 \u0645\u062b\u0644 \u0647\u0630\u0627 \u0627\u0644\u0645\u0634\u0631\u0648\u0639 \u0627\u0644\u0630\u064a \u062a\u0639\u062f \u0645\u0646 \u0623\u0647\u0645 \u0627\u0644\u062e\u0637\u0648\u0627\u062a \u0641\u064a \u0637\u0631\u064a\u0642 \u062c\u0639\u0644 \u0627\u0644\u0628\u0644\u062f \u062d\u0631\u0627.<\/p>\n","protected":false},"excerpt":{"rendered":"<p>\u062a\u0645 \u0625\u0639\u062a\u0642\u0627\u0644 \u0645\u062f\u064a\u0631 \u0645\u0635\u0646\u0639 \u0627\u0644\u0623\u0633\u0644\u062d\u0629 \u0641\u064a \u0643\u0631\u064a\u0643\u0627\u0644\u064a\u0629&#46;&#46;&#46;<\/p>\n","protected":false},"author":1,"featured_media":1996,"comment_status":"open","ping_status":"open","sticky":false,"template":"","format":"standard","meta":{"_acf_changed":false,"footnotes":""},"categories":[69],"tags":[971,970],"manset":[],"class_list":["post-1999","post","type-post","status-publish","format-standard","has-post-thumbnail","hentry","category-new-ar","tag-casusluk","tag-milli-piyade-tufegi"],"acf":[],"yoast_head":"<!-- This site is optimized with the Yoast SEO plugin v26.1 - https:\/\/yoast.com\/wordpress\/plugins\/seo\/ -->\n<title>Assam<\/title>\n<meta name=\"description\" content=\"Makine Kimya End\u00fcstrisi Kurumu K\u0131r\u0131kkale Silah Fabrikas\u0131 m\u00fcd\u00fcr\u00fc Mustafa Tanr\u0131verdi&#039;nin Milli Piyade T\u00fcfe\u011fi proje dosyas\u0131n\u0131 satmaya \u00e7al\u0131\u015f\u0131rken su\u00e7 \u00fcst\u00fc yakalanarak tutukland\u0131\u011f\u0131 bas\u0131nda yer alm\u0131\u015ft\u0131r. Ad\u0131 ge\u00e7en m\u00fcd\u00fcr\u00fcn Kurumumuz y\u00f6neticileri ile Soyad\u0131 benzerli\u011fi d\u0131\u015f\u0131nda hi\u00e7 bir yak\u0131nl\u0131\u011f\u0131 ve irtibat\u0131 olmad\u0131\u011f\u0131n\u0131 kamuoyuna duyurur \u00fclkemizin ba\u011f\u0131ms\u0131zl\u0131\u011f\u0131 yolunda at\u0131lm\u0131\u015f en \u00f6nemli ad\u0131mlardan olan milli projeleri hayat\u0131 pahas\u0131na korumas\u0131 gereken ki\u015filerin i\u015fledikleri bu t\u00fcr casusluk su\u00e7lar\u0131n\u0131n en a\u011f\u0131r \u015fekilde cezaland\u0131r\u0131lmas\u0131n\u0131 \u00fcmit ederiz.\" \/>\n<meta name=\"robots\" content=\"index, follow, max-snippet:-1, max-image-preview:large, max-video-preview:-1\" \/>\n<link rel=\"canonical\" href=\"https:\/\/assam.org.tr\/ar\/kirikkale-mkek-fabrika-muduru-tutuklandi-ar\/\" \/>\n<meta property=\"og:locale\" content=\"ar_AR\" \/>\n<meta property=\"og:type\" content=\"article\" \/>\n<meta property=\"og:title\" content=\"\u062a\u0645 \u0625\u0639\u062a\u0642\u0627\u0644 \u0645\u062f\u064a\u0631 \u0645\u0635\u0646\u0639 \u0645\u0624\u0633\u0633\u0629 \u0627\u0644\u0635\u0646\u0627\u0639\u0627\u062a \u0627\u0644\u0645\u064a\u0643\u0627\u0646\u064a\u0643\u064a\u0629 \u0648\u0627\u0644\u0643\u064a\u0645\u064a\u0627\u0626\u064a\u0629 \u0641\u064a \u0645\u062f\u064a\u0646\u0629 \u0643\u0631\u064a\u0643\u0627\u0644\u064a\u0629 - Assam\" \/>\n<meta property=\"og:description\" content=\"Makine Kimya End\u00fcstrisi Kurumu K\u0131r\u0131kkale Silah Fabrikas\u0131 m\u00fcd\u00fcr\u00fc Mustafa Tanr\u0131verdi&#039;nin Milli Piyade T\u00fcfe\u011fi proje dosyas\u0131n\u0131 satmaya \u00e7al\u0131\u015f\u0131rken su\u00e7 \u00fcst\u00fc yakalanarak tutukland\u0131\u011f\u0131 bas\u0131nda yer alm\u0131\u015ft\u0131r. Ad\u0131 ge\u00e7en m\u00fcd\u00fcr\u00fcn Kurumumuz y\u00f6neticileri ile Soyad\u0131 benzerli\u011fi d\u0131\u015f\u0131nda hi\u00e7 bir yak\u0131nl\u0131\u011f\u0131 ve irtibat\u0131 olmad\u0131\u011f\u0131n\u0131 kamuoyuna duyurur \u00fclkemizin ba\u011f\u0131ms\u0131zl\u0131\u011f\u0131 yolunda at\u0131lm\u0131\u015f en \u00f6nemli ad\u0131mlardan olan milli projeleri hayat\u0131 pahas\u0131na korumas\u0131 gereken ki\u015filerin i\u015fledikleri bu t\u00fcr casusluk su\u00e7lar\u0131n\u0131n en a\u011f\u0131r \u015fekilde cezaland\u0131r\u0131lmas\u0131n\u0131 \u00fcmit ederiz.\" \/>\n<meta property=\"og:url\" content=\"https:\/\/assam.org.tr\/ar\/kirikkale-mkek-fabrika-muduru-tutuklandi-ar\/\" \/>\n<meta property=\"og:site_name\" content=\"Assam\" \/>\n<meta property=\"article:published_time\" content=\"2017-07-07T18:00:00+00:00\" \/>\n<meta property=\"og:image\" content=\"https:\/\/assam.org.tr\/downloads\/2017\/07\/556202461533c16857a46ed5bfb7c21c.jpg\" \/>\n\t<meta property=\"og:image:width\" content=\"600\" \/>\n\t<meta property=\"og:image:height\" content=\"298\" \/>\n\t<meta property=\"og:image:type\" content=\"image\/jpeg\" \/>\n<meta name=\"author\" content=\"admin\" \/>\n<meta name=\"twitter:card\" content=\"summary_large_image\" \/>\n<meta name=\"twitter:label1\" content=\"\u0643\u064f\u062a\u0628 \u0628\u0648\u0627\u0633\u0637\u0629\" \/>\n\t<meta name=\"twitter:data1\" content=\"admin\" \/>\n<script type=\"application\/ld+json\" class=\"yoast-schema-graph\">{\"@context\":\"https:\/\/schema.org\",\"@graph\":[{\"@type\":\"WebPage\",\"@id\":\"https:\/\/assam.org.tr\/ar\/kirikkale-mkek-fabrika-muduru-tutuklandi-ar\/\",\"url\":\"https:\/\/assam.org.tr\/ar\/kirikkale-mkek-fabrika-muduru-tutuklandi-ar\/\",\"name\":\"\u062a\u0645 \u0625\u0639\u062a\u0642\u0627\u0644 \u0645\u062f\u064a\u0631 \u0645\u0635\u0646\u0639 \u0645\u0624\u0633\u0633\u0629 \u0627\u0644\u0635\u0646\u0627\u0639\u0627\u062a \u0627\u0644\u0645\u064a\u0643\u0627\u0646\u064a\u0643\u064a\u0629 \u0648\u0627\u0644\u0643\u064a\u0645\u064a\u0627\u0626\u064a\u0629 \u0641\u064a \u0645\u062f\u064a\u0646\u0629 \u0643\u0631\u064a\u0643\u0627\u0644\u064a\u0629 - Assam\",\"isPartOf\":{\"@id\":\"https:\/\/assam.org.tr\/ar\/#website\"},\"primaryImageOfPage\":{\"@id\":\"https:\/\/assam.org.tr\/ar\/kirikkale-mkek-fabrika-muduru-tutuklandi-ar\/#primaryimage\"},\"image\":{\"@id\":\"https:\/\/assam.org.tr\/ar\/kirikkale-mkek-fabrika-muduru-tutuklandi-ar\/#primaryimage\"},\"thumbnailUrl\":\"https:\/\/assam.org.tr\/downloads\/2017\/07\/556202461533c16857a46ed5bfb7c21c.jpg\",\"datePublished\":\"2017-07-07T18:00:00+00:00\",\"author\":{\"@id\":\"https:\/\/assam.org.tr\/ar\/#\/schema\/person\/3acfcd4778cdd610ce53e7926748b2ef\"},\"description\":\"Makine Kimya End\u00fcstrisi Kurumu K\u0131r\u0131kkale Silah Fabrikas\u0131 m\u00fcd\u00fcr\u00fc Mustafa Tanr\u0131verdi'nin Milli Piyade T\u00fcfe\u011fi proje dosyas\u0131n\u0131 satmaya \u00e7al\u0131\u015f\u0131rken su\u00e7 \u00fcst\u00fc yakalanarak tutukland\u0131\u011f\u0131 bas\u0131nda yer alm\u0131\u015ft\u0131r. Ad\u0131 ge\u00e7en m\u00fcd\u00fcr\u00fcn Kurumumuz y\u00f6neticileri ile Soyad\u0131 benzerli\u011fi d\u0131\u015f\u0131nda hi\u00e7 bir yak\u0131nl\u0131\u011f\u0131 ve irtibat\u0131 olmad\u0131\u011f\u0131n\u0131 kamuoyuna duyurur \u00fclkemizin ba\u011f\u0131ms\u0131zl\u0131\u011f\u0131 yolunda at\u0131lm\u0131\u015f en \u00f6nemli ad\u0131mlardan olan milli projeleri hayat\u0131 pahas\u0131na korumas\u0131 gereken ki\u015filerin i\u015fledikleri bu t\u00fcr casusluk su\u00e7lar\u0131n\u0131n en a\u011f\u0131r \u015fekilde cezaland\u0131r\u0131lmas\u0131n\u0131 \u00fcmit ederiz.\",\"breadcrumb\":{\"@id\":\"https:\/\/assam.org.tr\/ar\/kirikkale-mkek-fabrika-muduru-tutuklandi-ar\/#breadcrumb\"},\"inLanguage\":\"ar\",\"potentialAction\":[{\"@type\":\"ReadAction\",\"target\":[\"https:\/\/assam.org.tr\/ar\/kirikkale-mkek-fabrika-muduru-tutuklandi-ar\/\"]}]},{\"@type\":\"ImageObject\",\"inLanguage\":\"ar\",\"@id\":\"https:\/\/assam.org.tr\/ar\/kirikkale-mkek-fabrika-muduru-tutuklandi-ar\/#primaryimage\",\"url\":\"https:\/\/assam.org.tr\/downloads\/2017\/07\/556202461533c16857a46ed5bfb7c21c.jpg\",\"contentUrl\":\"https:\/\/assam.org.tr\/downloads\/2017\/07\/556202461533c16857a46ed5bfb7c21c.jpg\",\"width\":600,\"height\":298,\"caption\":\"T\u00fcm d\u00fcnyan\u0131n pe\u015finde ko\u015ftu\u011fu Milli Piyade T\u00fcfe\u011fimiz\"},{\"@type\":\"BreadcrumbList\",\"@id\":\"https:\/\/assam.org.tr\/ar\/kirikkale-mkek-fabrika-muduru-tutuklandi-ar\/#breadcrumb\",\"itemListElement\":[{\"@type\":\"ListItem\",\"position\":1,\"name\":\"Anasayfa\",\"item\":\"https:\/\/assam.org.tr\/ar\/\"},{\"@type\":\"ListItem\",\"position\":2,\"name\":\"\u062a\u0645 \u0625\u0639\u062a\u0642\u0627\u0644 \u0645\u062f\u064a\u0631 \u0645\u0635\u0646\u0639 \u0645\u0624\u0633\u0633\u0629 \u0627\u0644\u0635\u0646\u0627\u0639\u0627\u062a \u0627\u0644\u0645\u064a\u0643\u0627\u0646\u064a\u0643\u064a\u0629 \u0648\u0627\u0644\u0643\u064a\u0645\u064a\u0627\u0626\u064a\u0629 \u0641\u064a \u0645\u062f\u064a\u0646\u0629 \u0643\u0631\u064a\u0643\u0627\u0644\u064a\u0629\"}]},{\"@type\":\"WebSite\",\"@id\":\"https:\/\/assam.org.tr\/ar\/#website\",\"url\":\"https:\/\/assam.org.tr\/ar\/\",\"name\":\"Assam\",\"description\":\"\",\"potentialAction\":[{\"@type\":\"SearchAction\",\"target\":{\"@type\":\"EntryPoint\",\"urlTemplate\":\"https:\/\/assam.org.tr\/ar\/?s={search_term_string}\"},\"query-input\":{\"@type\":\"PropertyValueSpecification\",\"valueRequired\":true,\"valueName\":\"search_term_string\"}}],\"inLanguage\":\"ar\"},{\"@type\":\"Person\",\"@id\":\"https:\/\/assam.org.tr\/ar\/#\/schema\/person\/3acfcd4778cdd610ce53e7926748b2ef\",\"name\":\"admin\",\"image\":{\"@type\":\"ImageObject\",\"inLanguage\":\"ar\",\"@id\":\"https:\/\/assam.org.tr\/ar\/#\/schema\/person\/image\/\",\"url\":\"https:\/\/secure.gravatar.com\/avatar\/b64b9f9a11c3402664510c42229973ea79f05e8f86997d5123fb1c02cf533ea4?s=96&d=mm&r=g\",\"contentUrl\":\"https:\/\/secure.gravatar.com\/avatar\/b64b9f9a11c3402664510c42229973ea79f05e8f86997d5123fb1c02cf533ea4?s=96&d=mm&r=g\",\"caption\":\"admin\"},\"sameAs\":[\"https:\/\/yeni.assam.org.tr\"],\"url\":\"https:\/\/assam.org.tr\/ar\/author\/admin\/\"}]}<\/script>\n<!-- \/ Yoast SEO plugin. -->","yoast_head_json":{"title":"Assam","description":"Makine Kimya End\u00fcstrisi Kurumu K\u0131r\u0131kkale Silah Fabrikas\u0131 m\u00fcd\u00fcr\u00fc Mustafa Tanr\u0131verdi'nin Milli Piyade T\u00fcfe\u011fi proje dosyas\u0131n\u0131 satmaya \u00e7al\u0131\u015f\u0131rken su\u00e7 \u00fcst\u00fc yakalanarak tutukland\u0131\u011f\u0131 bas\u0131nda yer alm\u0131\u015ft\u0131r. Ad\u0131 ge\u00e7en m\u00fcd\u00fcr\u00fcn Kurumumuz y\u00f6neticileri ile Soyad\u0131 benzerli\u011fi d\u0131\u015f\u0131nda hi\u00e7 bir yak\u0131nl\u0131\u011f\u0131 ve irtibat\u0131 olmad\u0131\u011f\u0131n\u0131 kamuoyuna duyurur \u00fclkemizin ba\u011f\u0131ms\u0131zl\u0131\u011f\u0131 yolunda at\u0131lm\u0131\u015f en \u00f6nemli ad\u0131mlardan olan milli projeleri hayat\u0131 pahas\u0131na korumas\u0131 gereken ki\u015filerin i\u015fledikleri bu t\u00fcr casusluk su\u00e7lar\u0131n\u0131n en a\u011f\u0131r \u015fekilde cezaland\u0131r\u0131lmas\u0131n\u0131 \u00fcmit ederiz.","robots":{"index":"index","follow":"follow","max-snippet":"max-snippet:-1","max-image-preview":"max-image-preview:large","max-video-preview":"max-video-preview:-1"},"canonical":"https:\/\/assam.org.tr\/ar\/kirikkale-mkek-fabrika-muduru-tutuklandi-ar\/","og_locale":"ar_AR","og_type":"article","og_title":"\u062a\u0645 \u0625\u0639\u062a\u0642\u0627\u0644 \u0645\u062f\u064a\u0631 \u0645\u0635\u0646\u0639 \u0645\u0624\u0633\u0633\u0629 \u0627\u0644\u0635\u0646\u0627\u0639\u0627\u062a \u0627\u0644\u0645\u064a\u0643\u0627\u0646\u064a\u0643\u064a\u0629 \u0648\u0627\u0644\u0643\u064a\u0645\u064a\u0627\u0626\u064a\u0629 \u0641\u064a \u0645\u062f\u064a\u0646\u0629 \u0643\u0631\u064a\u0643\u0627\u0644\u064a\u0629 - Assam","og_description":"Makine Kimya End\u00fcstrisi Kurumu K\u0131r\u0131kkale Silah Fabrikas\u0131 m\u00fcd\u00fcr\u00fc Mustafa Tanr\u0131verdi'nin Milli Piyade T\u00fcfe\u011fi proje dosyas\u0131n\u0131 satmaya \u00e7al\u0131\u015f\u0131rken su\u00e7 \u00fcst\u00fc yakalanarak tutukland\u0131\u011f\u0131 bas\u0131nda yer alm\u0131\u015ft\u0131r. Ad\u0131 ge\u00e7en m\u00fcd\u00fcr\u00fcn Kurumumuz y\u00f6neticileri ile Soyad\u0131 benzerli\u011fi d\u0131\u015f\u0131nda hi\u00e7 bir yak\u0131nl\u0131\u011f\u0131 ve irtibat\u0131 olmad\u0131\u011f\u0131n\u0131 kamuoyuna duyurur \u00fclkemizin ba\u011f\u0131ms\u0131zl\u0131\u011f\u0131 yolunda at\u0131lm\u0131\u015f en \u00f6nemli ad\u0131mlardan olan milli projeleri hayat\u0131 pahas\u0131na korumas\u0131 gereken ki\u015filerin i\u015fledikleri bu t\u00fcr casusluk su\u00e7lar\u0131n\u0131n en a\u011f\u0131r \u015fekilde cezaland\u0131r\u0131lmas\u0131n\u0131 \u00fcmit ederiz.","og_url":"https:\/\/assam.org.tr\/ar\/kirikkale-mkek-fabrika-muduru-tutuklandi-ar\/","og_site_name":"Assam","article_published_time":"2017-07-07T18:00:00+00:00","og_image":[{"width":600,"height":298,"url":"https:\/\/assam.org.tr\/downloads\/2017\/07\/556202461533c16857a46ed5bfb7c21c.jpg","type":"image\/jpeg"}],"author":"admin","twitter_card":"summary_large_image","twitter_misc":{"\u0643\u064f\u062a\u0628 \u0628\u0648\u0627\u0633\u0637\u0629":"admin"},"schema":{"@context":"https:\/\/schema.org","@graph":[{"@type":"WebPage","@id":"https:\/\/assam.org.tr\/ar\/kirikkale-mkek-fabrika-muduru-tutuklandi-ar\/","url":"https:\/\/assam.org.tr\/ar\/kirikkale-mkek-fabrika-muduru-tutuklandi-ar\/","name":"\u062a\u0645 \u0625\u0639\u062a\u0642\u0627\u0644 \u0645\u062f\u064a\u0631 \u0645\u0635\u0646\u0639 \u0645\u0624\u0633\u0633\u0629 \u0627\u0644\u0635\u0646\u0627\u0639\u0627\u062a \u0627\u0644\u0645\u064a\u0643\u0627\u0646\u064a\u0643\u064a\u0629 \u0648\u0627\u0644\u0643\u064a\u0645\u064a\u0627\u0626\u064a\u0629 \u0641\u064a \u0645\u062f\u064a\u0646\u0629 \u0643\u0631\u064a\u0643\u0627\u0644\u064a\u0629 - Assam","isPartOf":{"@id":"https:\/\/assam.org.tr\/ar\/#website"},"primaryImageOfPage":{"@id":"https:\/\/assam.org.tr\/ar\/kirikkale-mkek-fabrika-muduru-tutuklandi-ar\/#primaryimage"},"image":{"@id":"https:\/\/assam.org.tr\/ar\/kirikkale-mkek-fabrika-muduru-tutuklandi-ar\/#primaryimage"},"thumbnailUrl":"https:\/\/assam.org.tr\/downloads\/2017\/07\/556202461533c16857a46ed5bfb7c21c.jpg","datePublished":"2017-07-07T18:00:00+00:00","author":{"@id":"https:\/\/assam.org.tr\/ar\/#\/schema\/person\/3acfcd4778cdd610ce53e7926748b2ef"},"description":"Makine Kimya End\u00fcstrisi Kurumu K\u0131r\u0131kkale Silah Fabrikas\u0131 m\u00fcd\u00fcr\u00fc Mustafa Tanr\u0131verdi'nin Milli Piyade T\u00fcfe\u011fi proje dosyas\u0131n\u0131 satmaya \u00e7al\u0131\u015f\u0131rken su\u00e7 \u00fcst\u00fc yakalanarak tutukland\u0131\u011f\u0131 bas\u0131nda yer alm\u0131\u015ft\u0131r. Ad\u0131 ge\u00e7en m\u00fcd\u00fcr\u00fcn Kurumumuz y\u00f6neticileri ile Soyad\u0131 benzerli\u011fi d\u0131\u015f\u0131nda hi\u00e7 bir yak\u0131nl\u0131\u011f\u0131 ve irtibat\u0131 olmad\u0131\u011f\u0131n\u0131 kamuoyuna duyurur \u00fclkemizin ba\u011f\u0131ms\u0131zl\u0131\u011f\u0131 yolunda at\u0131lm\u0131\u015f en \u00f6nemli ad\u0131mlardan olan milli projeleri hayat\u0131 pahas\u0131na korumas\u0131 gereken ki\u015filerin i\u015fledikleri bu t\u00fcr casusluk su\u00e7lar\u0131n\u0131n en a\u011f\u0131r \u015fekilde cezaland\u0131r\u0131lmas\u0131n\u0131 \u00fcmit ederiz.","breadcrumb":{"@id":"https:\/\/assam.org.tr\/ar\/kirikkale-mkek-fabrika-muduru-tutuklandi-ar\/#breadcrumb"},"inLanguage":"ar","potentialAction":[{"@type":"ReadAction","target":["https:\/\/assam.org.tr\/ar\/kirikkale-mkek-fabrika-muduru-tutuklandi-ar\/"]}]},{"@type":"ImageObject","inLanguage":"ar","@id":"https:\/\/assam.org.tr\/ar\/kirikkale-mkek-fabrika-muduru-tutuklandi-ar\/#primaryimage","url":"https:\/\/assam.org.tr\/downloads\/2017\/07\/556202461533c16857a46ed5bfb7c21c.jpg","contentUrl":"https:\/\/assam.org.tr\/downloads\/2017\/07\/556202461533c16857a46ed5bfb7c21c.jpg","width":600,"height":298,"caption":"T\u00fcm d\u00fcnyan\u0131n pe\u015finde ko\u015ftu\u011fu Milli Piyade T\u00fcfe\u011fimiz"},{"@type":"BreadcrumbList","@id":"https:\/\/assam.org.tr\/ar\/kirikkale-mkek-fabrika-muduru-tutuklandi-ar\/#breadcrumb","itemListElement":[{"@type":"ListItem","position":1,"name":"Anasayfa","item":"https:\/\/assam.org.tr\/ar\/"},{"@type":"ListItem","position":2,"name":"\u062a\u0645 \u0625\u0639\u062a\u0642\u0627\u0644 \u0645\u062f\u064a\u0631 \u0645\u0635\u0646\u0639 \u0645\u0624\u0633\u0633\u0629 \u0627\u0644\u0635\u0646\u0627\u0639\u0627\u062a \u0627\u0644\u0645\u064a\u0643\u0627\u0646\u064a\u0643\u064a\u0629 \u0648\u0627\u0644\u0643\u064a\u0645\u064a\u0627\u0626\u064a\u0629 \u0641\u064a \u0645\u062f\u064a\u0646\u0629 \u0643\u0631\u064a\u0643\u0627\u0644\u064a\u0629"}]},{"@type":"WebSite","@id":"https:\/\/assam.org.tr\/ar\/#website","url":"https:\/\/assam.org.tr\/ar\/","name":"Assam","description":"","potentialAction":[{"@type":"SearchAction","target":{"@type":"EntryPoint","urlTemplate":"https:\/\/assam.org.tr\/ar\/?s={search_term_string}"},"query-input":{"@type":"PropertyValueSpecification","valueRequired":true,"valueName":"search_term_string"}}],"inLanguage":"ar"},{"@type":"Person","@id":"https:\/\/assam.org.tr\/ar\/#\/schema\/person\/3acfcd4778cdd610ce53e7926748b2ef","name":"admin","image":{"@type":"ImageObject","inLanguage":"ar","@id":"https:\/\/assam.org.tr\/ar\/#\/schema\/person\/image\/","url":"https:\/\/secure.gravatar.com\/avatar\/b64b9f9a11c3402664510c42229973ea79f05e8f86997d5123fb1c02cf533ea4?s=96&d=mm&r=g","contentUrl":"https:\/\/secure.gravatar.com\/avatar\/b64b9f9a11c3402664510c42229973ea79f05e8f86997d5123fb1c02cf533ea4?s=96&d=mm&r=g","caption":"admin"},"sameAs":["https:\/\/yeni.assam.org.tr"],"url":"https:\/\/assam.org.tr\/ar\/author\/admin\/"}]}},"_links":{"self":[{"href":"https:\/\/assam.org.tr\/ar\/wp-json\/wp\/v2\/posts\/1999","targetHints":{"allow":["GET"]}}],"collection":[{"href":"https:\/\/assam.org.tr\/ar\/wp-json\/wp\/v2\/posts"}],"about":[{"href":"https:\/\/assam.org.tr\/ar\/wp-json\/wp\/v2\/types\/post"}],"author":[{"embeddable":true,"href":"https:\/\/assam.org.tr\/ar\/wp-json\/wp\/v2\/users\/1"}],"replies":[{"embeddable":true,"href":"https:\/\/assam.org.tr\/ar\/wp-json\/wp\/v2\/comments?post=1999"}],"version-history":[{"count":0,"href":"https:\/\/assam.org.tr\/ar\/wp-json\/wp\/v2\/posts\/1999\/revisions"}],"wp:featuredmedia":[{"embeddable":true,"href":"https:\/\/assam.org.tr\/ar\/wp-json\/wp\/v2\/media\/1996"}],"wp:attachment":[{"href":"https:\/\/assam.org.tr\/ar\/wp-json\/wp\/v2\/media?parent=1999"}],"wp:term":[{"taxonomy":"category","embeddable":true,"href":"https:\/\/assam.org.tr\/ar\/wp-json\/wp\/v2\/categories?post=1999"},{"taxonomy":"post_tag","embeddable":true,"href":"https:\/\/assam.org.tr\/ar\/wp-json\/wp\/v2\/tags?post=1999"},{"taxonomy":"manset","embeddable":true,"href":"https:\/\/assam.org.tr\/ar\/wp-json\/wp\/v2\/manset?post=1999"}],"curies":[{"name":"wp","href":"https:\/\/api.w.org\/{rel}","templated":true}]}}