{"id":2709,"date":"2014-11-02T22:00:00","date_gmt":"2014-11-02T19:00:00","guid":{"rendered":"https:\/\/yeni.assam.org.tr\/index.php\/2014\/11\/02\/kuresel-saldirinin-hedefindeki-islam-dunyasi-ar\/"},"modified":"2014-11-02T22:00:00","modified_gmt":"2014-11-02T19:00:00","slug":"kuresel-saldirinin-hedefindeki-islam-dunyasi-ar","status":"publish","type":"post","link":"https:\/\/assam.org.tr\/ar\/kuresel-saldirinin-hedefindeki-islam-dunyasi-ar\/","title":{"rendered":"\u0627\u0644\u0639\u0627\u0644\u0645 \u0627\u0644\u0625\u0633\u0644\u0627\u0645\u064a \u0645\u0633\u062a\u0647\u062f\u0641 \u0628\u0627\u0644\u0647\u062c\u0648\u0645 \u0627\u0644\u0639\u0627\u0644\u0645\u064a"},"content":{"rendered":"<p><img loading=\"lazy\" decoding=\"async\" class=\" size-full wp-image-2706\" src=\"https:\/\/assam.org.tr\/wp-content\/uploads\/2014\/11\/4feb08b32fc2bca59f9db42b69cd4022.jpg\" alt=\"ASSAM Bursa Semineri\" width=\"800\" height=\"450\" \/><\/p>\n<p style=\"text-align: justify;\"><span style=\"font-size: 12pt;\">\u0639\u0642\u062f\u062a \u00a0\u0646\u062f\u0648\u0629ASSAM \u00a0&#8221; \u0627\u0644\u0639\u0627\u0644\u0645 \u0627\u0644\u0625\u0633\u0644\u0627\u0645\u064a \u0645\u0633\u062a\u0647\u062f\u0641 \u0628\u0627\u0644\u0647\u062c\u0648\u0645 \u0627\u0644\u0639\u0627\u0644\u0645\u064a &#8221; \u060c \u064a\u0648\u0645 \u0627\u0644\u0633\u0628\u062a \u060c 1 \u0646\u0648\u0641\u0645\u0628\u0631 2014 \u060c \u0628\u0648\u0631\u0635\u0629. \u0641\u064a \u0642\u0627\u0639\u0629 \u0627\u0648\u0641\u062a \u0627\u062f\u0649 \u0644\u0644\u0625\u062c\u062a\u0645\u0627\u0639\u0627\u062a \u0648\u0627\u0644\u0645\u0624\u062a\u0645\u0631\u0627\u062a \u0641\u064a \u0645\u0643\u062a\u0628\u0629 \u0633\u064a\u062a\u0628\u0627\u0634\u064a\u061b \u0628\u0627\u0644\u062a\u0639\u0627\u0648\u0646 \u0645\u0639 \u0631\u0626\u0627\u0633\u0629 \u0648\u0644\u0627\u064a\u0629 \u0628\u0648\u0631\u0635\u0629.\u00a0<\/span><\/p>\n<p style=\"text-align: center;\">\u00a0<\/p>\n<p><!--more--><\/p>\n<p><span style=\"font-size: 10pt;\"><img loading=\"lazy\" decoding=\"async\" class=\" size-full wp-image-1568\" style=\"display: block; margin-left: auto; margin-right: auto;\" src=\"https:\/\/assam.org.tr\/wp-content\/uploads\/2014\/11\/20141101_133234_u.jpg\" alt=\"20141101 133234 u\" width=\"400\" height=\"225\" \/>\u0641\u064a \u0627\u0644\u0639\u0631\u0636 \u0627\u0644\u0630\u064a \u0642\u062f\u0645\u0647 \u0627\u0644\u062c\u0646\u0631\u0627\u0644 \u0627\u0644\u0645\u062a\u0642\u0627\u0639\u062f \u0639\u062f\u0646\u0627\u0646 \u062a\u0627\u0646\u0631\u064a\u0641\u064a\u0631\u064a\u060c \u0631\u0626\u064a\u0633 ASSAM \u060c \u0623\u0648\u0636\u062d \u0623\u0628\u0639\u0627\u062f \u0627\u0644\u0647\u062c\u0648\u0645 \u0627\u0644\u0639\u0627\u0644\u0645\u064a \u0639\u0644\u0649 \u0627\u0644\u0639\u0627\u0644\u0645 \u0627\u0644\u0625\u0633\u0644\u0627\u0645\u064a \u0648\u0627\u0644\u062e\u0637\u0648\u0627\u062a \u0627\u0644\u0636\u0631\u0648\u0631\u064a\u0629\u0627\u0644\u062a\u064a \u064a\u062c\u0628 \u0627\u062a\u062e\u0627\u0630\u0647\u0627 \u0644\u0625\u062e\u0631\u0627\u062c \u0627\u0644\u0639\u0627\u0644\u0645 \u0627\u0644\u0625\u0633\u0644\u0627\u0645\u064a \u0645\u0646 \u0647\u0630\u0627 \u0627\u0644\u0648\u0636\u0639.\u0642\u0627\u0644 \u062a\u0627\u0646\u0631\u064a\u0641\u064a\u0631\u064a \u0623\u0646 \u0627\u0644\u062d\u0631\u0648\u0628 \u0627\u0644\u0635\u0644\u064a\u0628\u064a\u0629 \u062a\u062c\u0627\u0647 \u0627\u0644\u0639\u0627\u0644\u0645 \u0627\u0644\u0625\u0633\u0644\u0627\u0645\u064a \u0645\u0633\u062a\u0645\u0631\u0629 \u0628\u0627\u0644\u0631\u063a\u0645 \u0645\u0646 \u062a\u063a\u064a\u064a\u0631 \u0634\u0643\u0644\u0647\u0627.<\/span><\/p>\n<p><strong><span style=\"font-size: 10pt;\">\u0648\u0642\u0627\u0644: &#8220;\u064a\u062c\u0628 \u0639\u0644\u0649 \u0627\u0644\u0639\u0627\u0644\u0645 \u0627\u0644\u0625\u0633\u0644\u0627\u0645\u064a \u0623\u0646 \u064a\u062f\u0631\u0643 \u0623\u0646 \u0627\u0644\u0645\u0646\u0637\u0642\u0629 \u0623\u0635\u0628\u062d\u062a \u0645\u064a\u062f\u0627\u0646\u064b\u0627 \u0644\u0644\u062d\u0631\u0628 \u0627\u0644\u0639\u0627\u0644\u0645\u064a\u0629 \u0627\u0644\u062b\u0627\u0644\u062b\u0629 \u063a\u064a\u0631 \u0627\u0644\u0645\u0639\u0644\u0646\u0629 \u0648\u0627\u0644\u0633\u0631\u064a\u0629 \u0648\u0627\u0644\u062e\u0628\u064a\u062b\u0629 \u0648\u0627\u0644\u0642\u0630\u0631\u0629 \u0648\u063a\u064a\u0631 \u0627\u0644\u0645\u062a\u0643\u0627\u0641\u0626\u0629 \u0645\u0646 \u062e\u0644\u0627\u0644 \u0625\u0634\u0639\u0627\u0644 \u0627\u0644\u062d\u0631\u0628 \u0628\u064a\u0646 \u0627\u0644\u0639\u0646\u0627\u0635\u0631 \u0627\u0644\u062a\u064a \u0644\u062f\u064a\u0647\u0627 \u062e\u0644\u0627\u0641\u0627\u062a \u0639\u0631\u0642\u064a\u0629 \u0648\u0637\u0627\u0626\u0641\u064a\u0629 \u0648\u0642\u062f \u062a\u0642\u0627\u062a\u0644\u062a \u0636\u062f \u0628\u0639\u0636\u0647\u0627 \u0627\u0644\u0628\u0639\u0636 \u0627\u0644\u0645\u0648\u062c\u0648\u062f\u0629 \u062f\u0627\u062e\u0644 \u0627\u0644\u0647\u064a\u0627\u0643\u0644 \u0627\u0644\u0645\u0648\u062d\u062f\u0629 \u0627\u0644\u062a\u064a \u062a\u0634\u0643\u0644 \u062c\u063a\u0631\u0627\u0641\u064a\u062a\u0647\u0627 \u0627\u0644\u0625\u0633\u0644\u0627\u0645\u064a\u0629 &#8220;.<\/span><\/strong><\/p>\n<p><span style=\"font-size: 10pt;\">\u0644\u0644\u0648\u0635\u0648\u0644 \u0625\u0644\u0649 \u0645\u0644\u0641 \u0627\u0644\u0639\u0631\u0636 \u0627\u0644\u062a\u0642\u062f\u064a\u0645\u064a \u061b\u00a0<a href=\"https:\/\/assam.org.tr\/wp-content\/uploads\/2014\/11\/KURESEL_SALDIRININ_HEDEFINDEKI_ISLAM_DUNYASI.pdf\">\u0627\u0646\u0642\u0631 \u0647\u0646\u0627<\/a><\/span><\/p>\n<p>\u00a0<\/p>\n<p style=\"text-align: center;\"><img loading=\"lazy\" decoding=\"async\" class=\" size-full wp-image-1574\" src=\"https:\/\/assam.org.tr\/wp-content\/uploads\/2014\/11\/20141101_165927_u.jpg\" alt=\"20141101 165927 u\" width=\"200\" height=\"187\" \/><\/p>\n<p style=\"text-align: justify;\"><span style=\"font-size: 10pt;\">\u00a0\u0628\u0639\u062f \u0627\u0644\u0639\u0631\u0636 \u060c \u0639\u0642\u062f\u062a ASSAM \u0648\u0631\u0634\u0629 \u0639\u0645\u0644 \u0645\u0639\u0646\u064a\u0629 \u0628\u0645\u0635\u0631. \u0641\u064a \u0625\u0637\u0627\u0631 \u0648\u0631\u0634\u0629 \u0627\u0644\u0639\u0645\u0644\u061b \u062a\u0645 \u062a\u0642\u064a\u064a\u0645 \u0627\u0644\u0648\u0636\u0639 \u0627\u0644\u0627\u0642\u062a\u0635\u0627\u062f\u064a \u0648\u0627\u0644\u0633\u064a\u0627\u0633\u064a \u0627\u0644\u062d\u0627\u0644\u064a \u0645\u0646 \u0642\u0628\u0644 \u0623\u0639\u0636\u0627\u0621 \u0643\u0644\u064a\u0629 \u0627\u0644\u0625\u0644\u0647\u064a\u0627\u062a \u0628\u062c\u0627\u0645\u0639\u0629 \u0623\u0648\u0644\u0648\u062f\u0627\u063a \u0627\u0644\u0623\u0633\u062a\u0627\u0630 \u0627\u0644\u062f\u0643\u062a\u0648\u0631 \u0625\u0633\u0645\u0627\u0639\u064a\u0644 \u062c\u0648\u0644\u0631 \u0648\u0627\u0644\u0623\u0633\u062a\u0627\u0630 \u0627\u0644\u0645\u0635\u0631\u064a \u0627\u0644\u062f\u0643\u062a\u0648\u0631 \u0645\u062d\u0645\u062f \u0633\u0639\u064a\u062f \u060c \u0628\u0639\u062f \u0627\u0644\u0645\u0646\u0627\u0642\u0634\u0629 \u0627\u0644\u062a\u064a \u0642\u062f\u0645\u0647\u0627 \u0627\u0644\u0645\u062d\u0627\u0636\u0631 \u0625\u0633\u0644\u0627\u0645 \u0639\u0645\u0631 \u0639\u0646 \u0627\u0644\u062a\u0627\u0631\u064a\u062e \u0627\u0644\u0645\u0635\u0631\u064a \u0648\u0633\u064a\u0631\u062a\u0647 \u0627\u0644\u0630\u0627\u062a\u064a\u0629.<\/span><\/p>\n<p><img loading=\"lazy\" decoding=\"async\" class=\" size-full wp-image-1577\" style=\"display: block; margin-left: auto; margin-right: auto;\" src=\"https:\/\/assam.org.tr\/wp-content\/uploads\/2014\/11\/20141101_144510_u.jpg\" alt=\"20141101 144510 u\" width=\"800\" height=\"450\" \/><\/p>\n<p style=\"text-align: center;\">\u00a0<\/p>\n<p style=\"text-align: center;\"><img loading=\"lazy\" decoding=\"async\" class=\" size-full wp-image-1580\" src=\"https:\/\/assam.org.tr\/wp-content\/uploads\/2014\/11\/20141101_161311_u.jpg\" alt=\"20141101 161311 u\" width=\"800\" height=\"450\" \/><\/p>\n<p><span style=\"font-size: 10pt;\">\u0646\u064f\u0638\u0645\u062a \u0646\u062f\u0648\u0629 &#8220;\u0627\u0644\u0639\u0627\u0644\u0645 \u0627\u0644\u0625\u0633\u0644\u0627\u0645\u064a \u0645\u0633\u062a\u0647\u062f\u0641 \u0628\u0627\u0644\u0647\u062c\u0648\u0645 \u0627\u0644\u0639\u0627\u0644\u0645\u064a&#8221; \u064a\u0648\u0645 \u0627\u0644\u0623\u062d\u062f \u060c 2 \u0646\u0648\u0641\u0645\u0628\u0631 2014\u061b \u0641\u064a \u0642\u0627\u0639\u0629 \u0627\u0644\u0627\u062c\u062a\u0645\u0627\u0639\u0627\u062a \u0641\u064a \u0633\u0643\u0646 \u062a\u0648\u0641\u064a\u0642 \u062a\u0634\u0648\u0643\u0627 \u0627\u0644\u062a\u0627\u0628\u0639 \u0644\u062c\u0645\u0639\u064a\u0629 \u0646\u0634\u0631 \u0627\u0644\u0639\u0644\u0648\u0645 \u0641\u064a \u0628\u0648\u0631\u0635\u0629.<\/span><\/p>\n<p style=\"text-align: center;\">\u00a0<\/p>\n<p><img loading=\"lazy\" decoding=\"async\" class=\" size-full wp-image-1583\" style=\"display: block; margin-left: auto; margin-right: auto;\" src=\"https:\/\/assam.org.tr\/wp-content\/uploads\/2014\/11\/yurt_u.jpg\" alt=\"\u0130lim Yayma Cemiyeti Bursa Tevfik \u00c7uka \u00d6\u011frenci Yurdu\" width=\"800\" height=\"494\" \/><\/p>\n","protected":false},"excerpt":{"rendered":"<p>\u0639\u0642\u062f\u062a \u00a0\u0646\u062f\u0648\u0629ASSAM \u00a0&#8221; \u0627\u0644\u0639\u0627\u0644\u0645 \u0627\u0644\u0625\u0633\u0644\u0627\u0645\u064a \u0645\u0633\u062a\u0647\u062f\u0641 \u0628\u0627\u0644\u0647\u062c\u0648\u0645&#46;&#46;&#46;<\/p>\n","protected":false},"author":1,"featured_media":2706,"comment_status":"open","ping_status":"open","sticky":false,"template":"","format":"standard","meta":{"_acf_changed":false,"footnotes":""},"categories":[69],"tags":[873,656,874,875,699],"manset":[],"class_list":["post-2709","post","type-post","status-publish","format-standard","has-post-thumbnail","hentry","category-new-ar","tag-3-dunya-savasi","tag-bursa","tag-dunya-savasi","tag-iii-dunya-savasi","tag-seminer"],"acf":[],"yoast_head":"<!-- This site is optimized with the Yoast SEO plugin v26.1 - https:\/\/yoast.com\/wordpress\/plugins\/seo\/ -->\n<title>Assam<\/title>\n<meta name=\"description\" content=\"&quot;K\u00fcresel Sald\u0131r\u0131n\u0131n Hedefindeki \u0130slam D\u00fcnyas\u0131&quot; semineri Bursa ASSAM \u0130l Ba\u015fkanl\u0131\u011f\u0131 organizasyonu ile 1 Kas\u0131m 2014 Cumartesi g\u00fcn\u00fc Bursa Setba\u015f\u0131 K\u00fct\u00fcphanesi \u00dcftade Konferans ve Toplant\u0131 Salonunda ger\u00e7ekle\u015ftirildi. ASSAM Ba\u015fkan\u0131 (E) General Adnan TANRIVERD\u0130 taraf\u0131ndan yap\u0131lan sunumda \u0130slam D\u00fcnyas\u0131na yap\u0131lan k\u00fcresel sald\u0131r\u0131n\u0131n boyutlar\u0131 ve \u0130slam D\u00fcnyas\u0131n\u0131n bu durumdan \u00e7\u0131k\u0131\u015f\u0131 i\u00e7in at\u0131lmas\u0131 gereken ad\u0131mlar anlat\u0131ld\u0131. \u0130slam D\u00fcnyas\u0131na y\u00f6nelen ha\u00e7l\u0131 seferlerinin \u015fekil de\u011fi\u015ftirerek devam etti\u011fini s\u00f6yleyen TANRIVERD\u0130; \u0130slam D\u00fcnyas\u0131 kendi co\u011frafyas\u0131n\u0131n \u00fclkelerin \u00fcniter yap\u0131lar\u0131n\u0131n i\u00e7indeki etnik ve mezhepsel farkl\u0131l\u0131\u011fa sahip unsurlar\u0131n\u0131n birbirleri ile sava\u015ft\u0131r\u0131ld\u0131\u011f\u0131n\u0131n, ilan edilmemi\u015f, gizli, sinsi, kirli ve asimetrik 3. D\u00fcnya Sava\u015f\u0131 Alan\u0131 haline getirildi\u011finin fark\u0131na varmal\u0131d\u0131r. Seminer sonras\u0131nda ASSAM M\u0131s\u0131r \u00c7al\u0131\u015ftay\u0131 ger\u00e7ekle\u015ftirildi. \u00c7al\u0131\u015ftay&#039;da Uluda\u011f \u00dcniversitesi \u0130lahiyat Fak\u00fcltesi \u00f6\u011fretim \u00fcyeleri Prof Dr \u0130smail G\u00fcler ve M\u0131s\u0131rl\u0131 Prof Dr Muhammed Said, Okutman \u0130slam \u00d6mer taraf\u0131ndan M\u0131s\u0131r&#039;\u0131n tarihi, biyografik bilgilerine de\u011finildikten sonra g\u00fcncel ekonomik, siyasi durumu de\u011ferlendirildi. &quot;K\u00fcresel Sald\u0131r\u0131lar\u0131n Hedefindeki \u0130slam D\u00fcnyas\u0131&quot; semineri 2 Kas\u0131m 2014 Pazar g\u00fcn\u00fc de \u0130lim Yayma Cemiyeti Bursa Tevfik \u00c7uka Yurdu toplant\u0131 salonunda gelece\u011fimiz \u00fcniversite \u00f6\u011frencilerine de verilmi\u015ftir.\" \/>\n<meta name=\"robots\" content=\"index, follow, max-snippet:-1, max-image-preview:large, max-video-preview:-1\" \/>\n<link rel=\"canonical\" href=\"https:\/\/assam.org.tr\/ar\/kuresel-saldirinin-hedefindeki-islam-dunyasi-ar\/\" \/>\n<meta property=\"og:locale\" content=\"ar_AR\" \/>\n<meta property=\"og:type\" content=\"article\" \/>\n<meta property=\"og:title\" content=\"\u0627\u0644\u0639\u0627\u0644\u0645 \u0627\u0644\u0625\u0633\u0644\u0627\u0645\u064a \u0645\u0633\u062a\u0647\u062f\u0641 \u0628\u0627\u0644\u0647\u062c\u0648\u0645 \u0627\u0644\u0639\u0627\u0644\u0645\u064a - Assam\" \/>\n<meta property=\"og:description\" content=\"&quot;K\u00fcresel Sald\u0131r\u0131n\u0131n Hedefindeki \u0130slam D\u00fcnyas\u0131&quot; semineri Bursa ASSAM \u0130l Ba\u015fkanl\u0131\u011f\u0131 organizasyonu ile 1 Kas\u0131m 2014 Cumartesi g\u00fcn\u00fc Bursa Setba\u015f\u0131 K\u00fct\u00fcphanesi \u00dcftade Konferans ve Toplant\u0131 Salonunda ger\u00e7ekle\u015ftirildi. ASSAM Ba\u015fkan\u0131 (E) General Adnan TANRIVERD\u0130 taraf\u0131ndan yap\u0131lan sunumda \u0130slam D\u00fcnyas\u0131na yap\u0131lan k\u00fcresel sald\u0131r\u0131n\u0131n boyutlar\u0131 ve \u0130slam D\u00fcnyas\u0131n\u0131n bu durumdan \u00e7\u0131k\u0131\u015f\u0131 i\u00e7in at\u0131lmas\u0131 gereken ad\u0131mlar anlat\u0131ld\u0131. \u0130slam D\u00fcnyas\u0131na y\u00f6nelen ha\u00e7l\u0131 seferlerinin \u015fekil de\u011fi\u015ftirerek devam etti\u011fini s\u00f6yleyen TANRIVERD\u0130; \u0130slam D\u00fcnyas\u0131 kendi co\u011frafyas\u0131n\u0131n \u00fclkelerin \u00fcniter yap\u0131lar\u0131n\u0131n i\u00e7indeki etnik ve mezhepsel farkl\u0131l\u0131\u011fa sahip unsurlar\u0131n\u0131n birbirleri ile sava\u015ft\u0131r\u0131ld\u0131\u011f\u0131n\u0131n, ilan edilmemi\u015f, gizli, sinsi, kirli ve asimetrik 3. D\u00fcnya Sava\u015f\u0131 Alan\u0131 haline getirildi\u011finin fark\u0131na varmal\u0131d\u0131r. Seminer sonras\u0131nda ASSAM M\u0131s\u0131r \u00c7al\u0131\u015ftay\u0131 ger\u00e7ekle\u015ftirildi. \u00c7al\u0131\u015ftay&#039;da Uluda\u011f \u00dcniversitesi \u0130lahiyat Fak\u00fcltesi \u00f6\u011fretim \u00fcyeleri Prof Dr \u0130smail G\u00fcler ve M\u0131s\u0131rl\u0131 Prof Dr Muhammed Said, Okutman \u0130slam \u00d6mer taraf\u0131ndan M\u0131s\u0131r&#039;\u0131n tarihi, biyografik bilgilerine de\u011finildikten sonra g\u00fcncel ekonomik, siyasi durumu de\u011ferlendirildi. &quot;K\u00fcresel Sald\u0131r\u0131lar\u0131n Hedefindeki \u0130slam D\u00fcnyas\u0131&quot; semineri 2 Kas\u0131m 2014 Pazar g\u00fcn\u00fc de \u0130lim Yayma Cemiyeti Bursa Tevfik \u00c7uka Yurdu toplant\u0131 salonunda gelece\u011fimiz \u00fcniversite \u00f6\u011frencilerine de verilmi\u015ftir.\" \/>\n<meta property=\"og:url\" content=\"https:\/\/assam.org.tr\/ar\/kuresel-saldirinin-hedefindeki-islam-dunyasi-ar\/\" \/>\n<meta property=\"og:site_name\" content=\"Assam\" \/>\n<meta property=\"article:published_time\" content=\"2014-11-02T19:00:00+00:00\" \/>\n<meta property=\"og:image\" content=\"https:\/\/assam.org.tr\/downloads\/2014\/11\/4feb08b32fc2bca59f9db42b69cd4022.jpg\" \/>\n\t<meta property=\"og:image:width\" content=\"800\" \/>\n\t<meta property=\"og:image:height\" content=\"450\" \/>\n\t<meta property=\"og:image:type\" content=\"image\/jpeg\" \/>\n<meta name=\"author\" content=\"admin\" \/>\n<meta name=\"twitter:card\" content=\"summary_large_image\" \/>\n<meta name=\"twitter:label1\" content=\"\u0643\u064f\u062a\u0628 \u0628\u0648\u0627\u0633\u0637\u0629\" \/>\n\t<meta name=\"twitter:data1\" content=\"admin\" \/>\n<script type=\"application\/ld+json\" class=\"yoast-schema-graph\">{\"@context\":\"https:\/\/schema.org\",\"@graph\":[{\"@type\":\"WebPage\",\"@id\":\"https:\/\/assam.org.tr\/ar\/kuresel-saldirinin-hedefindeki-islam-dunyasi-ar\/\",\"url\":\"https:\/\/assam.org.tr\/ar\/kuresel-saldirinin-hedefindeki-islam-dunyasi-ar\/\",\"name\":\"\u0627\u0644\u0639\u0627\u0644\u0645 \u0627\u0644\u0625\u0633\u0644\u0627\u0645\u064a \u0645\u0633\u062a\u0647\u062f\u0641 \u0628\u0627\u0644\u0647\u062c\u0648\u0645 \u0627\u0644\u0639\u0627\u0644\u0645\u064a - Assam\",\"isPartOf\":{\"@id\":\"https:\/\/assam.org.tr\/ar\/#website\"},\"primaryImageOfPage\":{\"@id\":\"https:\/\/assam.org.tr\/ar\/kuresel-saldirinin-hedefindeki-islam-dunyasi-ar\/#primaryimage\"},\"image\":{\"@id\":\"https:\/\/assam.org.tr\/ar\/kuresel-saldirinin-hedefindeki-islam-dunyasi-ar\/#primaryimage\"},\"thumbnailUrl\":\"https:\/\/assam.org.tr\/downloads\/2014\/11\/4feb08b32fc2bca59f9db42b69cd4022.jpg\",\"datePublished\":\"2014-11-02T19:00:00+00:00\",\"author\":{\"@id\":\"https:\/\/assam.org.tr\/ar\/#\/schema\/person\/3acfcd4778cdd610ce53e7926748b2ef\"},\"description\":\"\\\"K\u00fcresel Sald\u0131r\u0131n\u0131n Hedefindeki \u0130slam D\u00fcnyas\u0131\\\" semineri Bursa ASSAM \u0130l Ba\u015fkanl\u0131\u011f\u0131 organizasyonu ile 1 Kas\u0131m 2014 Cumartesi g\u00fcn\u00fc Bursa Setba\u015f\u0131 K\u00fct\u00fcphanesi \u00dcftade Konferans ve Toplant\u0131 Salonunda ger\u00e7ekle\u015ftirildi. ASSAM Ba\u015fkan\u0131 (E) General Adnan TANRIVERD\u0130 taraf\u0131ndan yap\u0131lan sunumda \u0130slam D\u00fcnyas\u0131na yap\u0131lan k\u00fcresel sald\u0131r\u0131n\u0131n boyutlar\u0131 ve \u0130slam D\u00fcnyas\u0131n\u0131n bu durumdan \u00e7\u0131k\u0131\u015f\u0131 i\u00e7in at\u0131lmas\u0131 gereken ad\u0131mlar anlat\u0131ld\u0131. \u0130slam D\u00fcnyas\u0131na y\u00f6nelen ha\u00e7l\u0131 seferlerinin \u015fekil de\u011fi\u015ftirerek devam etti\u011fini s\u00f6yleyen TANRIVERD\u0130; \u0130slam D\u00fcnyas\u0131 kendi co\u011frafyas\u0131n\u0131n \u00fclkelerin \u00fcniter yap\u0131lar\u0131n\u0131n i\u00e7indeki etnik ve mezhepsel farkl\u0131l\u0131\u011fa sahip unsurlar\u0131n\u0131n birbirleri ile sava\u015ft\u0131r\u0131ld\u0131\u011f\u0131n\u0131n, ilan edilmemi\u015f, gizli, sinsi, kirli ve asimetrik 3. D\u00fcnya Sava\u015f\u0131 Alan\u0131 haline getirildi\u011finin fark\u0131na varmal\u0131d\u0131r. Seminer sonras\u0131nda ASSAM M\u0131s\u0131r \u00c7al\u0131\u015ftay\u0131 ger\u00e7ekle\u015ftirildi. \u00c7al\u0131\u015ftay'da Uluda\u011f \u00dcniversitesi \u0130lahiyat Fak\u00fcltesi \u00f6\u011fretim \u00fcyeleri Prof Dr \u0130smail G\u00fcler ve M\u0131s\u0131rl\u0131 Prof Dr Muhammed Said, Okutman \u0130slam \u00d6mer taraf\u0131ndan M\u0131s\u0131r'\u0131n tarihi, biyografik bilgilerine de\u011finildikten sonra g\u00fcncel ekonomik, siyasi durumu de\u011ferlendirildi. \\\"K\u00fcresel Sald\u0131r\u0131lar\u0131n Hedefindeki \u0130slam D\u00fcnyas\u0131\\\" semineri 2 Kas\u0131m 2014 Pazar g\u00fcn\u00fc de \u0130lim Yayma Cemiyeti Bursa Tevfik \u00c7uka Yurdu toplant\u0131 salonunda gelece\u011fimiz \u00fcniversite \u00f6\u011frencilerine de verilmi\u015ftir.\",\"breadcrumb\":{\"@id\":\"https:\/\/assam.org.tr\/ar\/kuresel-saldirinin-hedefindeki-islam-dunyasi-ar\/#breadcrumb\"},\"inLanguage\":\"ar\",\"potentialAction\":[{\"@type\":\"ReadAction\",\"target\":[\"https:\/\/assam.org.tr\/ar\/kuresel-saldirinin-hedefindeki-islam-dunyasi-ar\/\"]}]},{\"@type\":\"ImageObject\",\"inLanguage\":\"ar\",\"@id\":\"https:\/\/assam.org.tr\/ar\/kuresel-saldirinin-hedefindeki-islam-dunyasi-ar\/#primaryimage\",\"url\":\"https:\/\/assam.org.tr\/downloads\/2014\/11\/4feb08b32fc2bca59f9db42b69cd4022.jpg\",\"contentUrl\":\"https:\/\/assam.org.tr\/downloads\/2014\/11\/4feb08b32fc2bca59f9db42b69cd4022.jpg\",\"width\":800,\"height\":450,\"caption\":\"ASSAM Bursa Semineri\"},{\"@type\":\"BreadcrumbList\",\"@id\":\"https:\/\/assam.org.tr\/ar\/kuresel-saldirinin-hedefindeki-islam-dunyasi-ar\/#breadcrumb\",\"itemListElement\":[{\"@type\":\"ListItem\",\"position\":1,\"name\":\"Anasayfa\",\"item\":\"https:\/\/assam.org.tr\/ar\/\"},{\"@type\":\"ListItem\",\"position\":2,\"name\":\"\u0627\u0644\u0639\u0627\u0644\u0645 \u0627\u0644\u0625\u0633\u0644\u0627\u0645\u064a \u0645\u0633\u062a\u0647\u062f\u0641 \u0628\u0627\u0644\u0647\u062c\u0648\u0645 \u0627\u0644\u0639\u0627\u0644\u0645\u064a\"}]},{\"@type\":\"WebSite\",\"@id\":\"https:\/\/assam.org.tr\/ar\/#website\",\"url\":\"https:\/\/assam.org.tr\/ar\/\",\"name\":\"Assam\",\"description\":\"\",\"potentialAction\":[{\"@type\":\"SearchAction\",\"target\":{\"@type\":\"EntryPoint\",\"urlTemplate\":\"https:\/\/assam.org.tr\/ar\/?s={search_term_string}\"},\"query-input\":{\"@type\":\"PropertyValueSpecification\",\"valueRequired\":true,\"valueName\":\"search_term_string\"}}],\"inLanguage\":\"ar\"},{\"@type\":\"Person\",\"@id\":\"https:\/\/assam.org.tr\/ar\/#\/schema\/person\/3acfcd4778cdd610ce53e7926748b2ef\",\"name\":\"admin\",\"image\":{\"@type\":\"ImageObject\",\"inLanguage\":\"ar\",\"@id\":\"https:\/\/assam.org.tr\/ar\/#\/schema\/person\/image\/\",\"url\":\"https:\/\/secure.gravatar.com\/avatar\/b64b9f9a11c3402664510c42229973ea79f05e8f86997d5123fb1c02cf533ea4?s=96&d=mm&r=g\",\"contentUrl\":\"https:\/\/secure.gravatar.com\/avatar\/b64b9f9a11c3402664510c42229973ea79f05e8f86997d5123fb1c02cf533ea4?s=96&d=mm&r=g\",\"caption\":\"admin\"},\"sameAs\":[\"https:\/\/yeni.assam.org.tr\"],\"url\":\"https:\/\/assam.org.tr\/ar\/author\/admin\/\"}]}<\/script>\n<!-- \/ Yoast SEO plugin. -->","yoast_head_json":{"title":"Assam","description":"\"K\u00fcresel Sald\u0131r\u0131n\u0131n Hedefindeki \u0130slam D\u00fcnyas\u0131\" semineri Bursa ASSAM \u0130l Ba\u015fkanl\u0131\u011f\u0131 organizasyonu ile 1 Kas\u0131m 2014 Cumartesi g\u00fcn\u00fc Bursa Setba\u015f\u0131 K\u00fct\u00fcphanesi \u00dcftade Konferans ve Toplant\u0131 Salonunda ger\u00e7ekle\u015ftirildi. ASSAM Ba\u015fkan\u0131 (E) General Adnan TANRIVERD\u0130 taraf\u0131ndan yap\u0131lan sunumda \u0130slam D\u00fcnyas\u0131na yap\u0131lan k\u00fcresel sald\u0131r\u0131n\u0131n boyutlar\u0131 ve \u0130slam D\u00fcnyas\u0131n\u0131n bu durumdan \u00e7\u0131k\u0131\u015f\u0131 i\u00e7in at\u0131lmas\u0131 gereken ad\u0131mlar anlat\u0131ld\u0131. \u0130slam D\u00fcnyas\u0131na y\u00f6nelen ha\u00e7l\u0131 seferlerinin \u015fekil de\u011fi\u015ftirerek devam etti\u011fini s\u00f6yleyen TANRIVERD\u0130; \u0130slam D\u00fcnyas\u0131 kendi co\u011frafyas\u0131n\u0131n \u00fclkelerin \u00fcniter yap\u0131lar\u0131n\u0131n i\u00e7indeki etnik ve mezhepsel farkl\u0131l\u0131\u011fa sahip unsurlar\u0131n\u0131n birbirleri ile sava\u015ft\u0131r\u0131ld\u0131\u011f\u0131n\u0131n, ilan edilmemi\u015f, gizli, sinsi, kirli ve asimetrik 3. D\u00fcnya Sava\u015f\u0131 Alan\u0131 haline getirildi\u011finin fark\u0131na varmal\u0131d\u0131r. Seminer sonras\u0131nda ASSAM M\u0131s\u0131r \u00c7al\u0131\u015ftay\u0131 ger\u00e7ekle\u015ftirildi. \u00c7al\u0131\u015ftay'da Uluda\u011f \u00dcniversitesi \u0130lahiyat Fak\u00fcltesi \u00f6\u011fretim \u00fcyeleri Prof Dr \u0130smail G\u00fcler ve M\u0131s\u0131rl\u0131 Prof Dr Muhammed Said, Okutman \u0130slam \u00d6mer taraf\u0131ndan M\u0131s\u0131r'\u0131n tarihi, biyografik bilgilerine de\u011finildikten sonra g\u00fcncel ekonomik, siyasi durumu de\u011ferlendirildi. \"K\u00fcresel Sald\u0131r\u0131lar\u0131n Hedefindeki \u0130slam D\u00fcnyas\u0131\" semineri 2 Kas\u0131m 2014 Pazar g\u00fcn\u00fc de \u0130lim Yayma Cemiyeti Bursa Tevfik \u00c7uka Yurdu toplant\u0131 salonunda gelece\u011fimiz \u00fcniversite \u00f6\u011frencilerine de verilmi\u015ftir.","robots":{"index":"index","follow":"follow","max-snippet":"max-snippet:-1","max-image-preview":"max-image-preview:large","max-video-preview":"max-video-preview:-1"},"canonical":"https:\/\/assam.org.tr\/ar\/kuresel-saldirinin-hedefindeki-islam-dunyasi-ar\/","og_locale":"ar_AR","og_type":"article","og_title":"\u0627\u0644\u0639\u0627\u0644\u0645 \u0627\u0644\u0625\u0633\u0644\u0627\u0645\u064a \u0645\u0633\u062a\u0647\u062f\u0641 \u0628\u0627\u0644\u0647\u062c\u0648\u0645 \u0627\u0644\u0639\u0627\u0644\u0645\u064a - Assam","og_description":"\"K\u00fcresel Sald\u0131r\u0131n\u0131n Hedefindeki \u0130slam D\u00fcnyas\u0131\" semineri Bursa ASSAM \u0130l Ba\u015fkanl\u0131\u011f\u0131 organizasyonu ile 1 Kas\u0131m 2014 Cumartesi g\u00fcn\u00fc Bursa Setba\u015f\u0131 K\u00fct\u00fcphanesi \u00dcftade Konferans ve Toplant\u0131 Salonunda ger\u00e7ekle\u015ftirildi. ASSAM Ba\u015fkan\u0131 (E) General Adnan TANRIVERD\u0130 taraf\u0131ndan yap\u0131lan sunumda \u0130slam D\u00fcnyas\u0131na yap\u0131lan k\u00fcresel sald\u0131r\u0131n\u0131n boyutlar\u0131 ve \u0130slam D\u00fcnyas\u0131n\u0131n bu durumdan \u00e7\u0131k\u0131\u015f\u0131 i\u00e7in at\u0131lmas\u0131 gereken ad\u0131mlar anlat\u0131ld\u0131. \u0130slam D\u00fcnyas\u0131na y\u00f6nelen ha\u00e7l\u0131 seferlerinin \u015fekil de\u011fi\u015ftirerek devam etti\u011fini s\u00f6yleyen TANRIVERD\u0130; \u0130slam D\u00fcnyas\u0131 kendi co\u011frafyas\u0131n\u0131n \u00fclkelerin \u00fcniter yap\u0131lar\u0131n\u0131n i\u00e7indeki etnik ve mezhepsel farkl\u0131l\u0131\u011fa sahip unsurlar\u0131n\u0131n birbirleri ile sava\u015ft\u0131r\u0131ld\u0131\u011f\u0131n\u0131n, ilan edilmemi\u015f, gizli, sinsi, kirli ve asimetrik 3. D\u00fcnya Sava\u015f\u0131 Alan\u0131 haline getirildi\u011finin fark\u0131na varmal\u0131d\u0131r. Seminer sonras\u0131nda ASSAM M\u0131s\u0131r \u00c7al\u0131\u015ftay\u0131 ger\u00e7ekle\u015ftirildi. \u00c7al\u0131\u015ftay'da Uluda\u011f \u00dcniversitesi \u0130lahiyat Fak\u00fcltesi \u00f6\u011fretim \u00fcyeleri Prof Dr \u0130smail G\u00fcler ve M\u0131s\u0131rl\u0131 Prof Dr Muhammed Said, Okutman \u0130slam \u00d6mer taraf\u0131ndan M\u0131s\u0131r'\u0131n tarihi, biyografik bilgilerine de\u011finildikten sonra g\u00fcncel ekonomik, siyasi durumu de\u011ferlendirildi. \"K\u00fcresel Sald\u0131r\u0131lar\u0131n Hedefindeki \u0130slam D\u00fcnyas\u0131\" semineri 2 Kas\u0131m 2014 Pazar g\u00fcn\u00fc de \u0130lim Yayma Cemiyeti Bursa Tevfik \u00c7uka Yurdu toplant\u0131 salonunda gelece\u011fimiz \u00fcniversite \u00f6\u011frencilerine de verilmi\u015ftir.","og_url":"https:\/\/assam.org.tr\/ar\/kuresel-saldirinin-hedefindeki-islam-dunyasi-ar\/","og_site_name":"Assam","article_published_time":"2014-11-02T19:00:00+00:00","og_image":[{"width":800,"height":450,"url":"https:\/\/assam.org.tr\/downloads\/2014\/11\/4feb08b32fc2bca59f9db42b69cd4022.jpg","type":"image\/jpeg"}],"author":"admin","twitter_card":"summary_large_image","twitter_misc":{"\u0643\u064f\u062a\u0628 \u0628\u0648\u0627\u0633\u0637\u0629":"admin"},"schema":{"@context":"https:\/\/schema.org","@graph":[{"@type":"WebPage","@id":"https:\/\/assam.org.tr\/ar\/kuresel-saldirinin-hedefindeki-islam-dunyasi-ar\/","url":"https:\/\/assam.org.tr\/ar\/kuresel-saldirinin-hedefindeki-islam-dunyasi-ar\/","name":"\u0627\u0644\u0639\u0627\u0644\u0645 \u0627\u0644\u0625\u0633\u0644\u0627\u0645\u064a \u0645\u0633\u062a\u0647\u062f\u0641 \u0628\u0627\u0644\u0647\u062c\u0648\u0645 \u0627\u0644\u0639\u0627\u0644\u0645\u064a - Assam","isPartOf":{"@id":"https:\/\/assam.org.tr\/ar\/#website"},"primaryImageOfPage":{"@id":"https:\/\/assam.org.tr\/ar\/kuresel-saldirinin-hedefindeki-islam-dunyasi-ar\/#primaryimage"},"image":{"@id":"https:\/\/assam.org.tr\/ar\/kuresel-saldirinin-hedefindeki-islam-dunyasi-ar\/#primaryimage"},"thumbnailUrl":"https:\/\/assam.org.tr\/downloads\/2014\/11\/4feb08b32fc2bca59f9db42b69cd4022.jpg","datePublished":"2014-11-02T19:00:00+00:00","author":{"@id":"https:\/\/assam.org.tr\/ar\/#\/schema\/person\/3acfcd4778cdd610ce53e7926748b2ef"},"description":"\"K\u00fcresel Sald\u0131r\u0131n\u0131n Hedefindeki \u0130slam D\u00fcnyas\u0131\" semineri Bursa ASSAM \u0130l Ba\u015fkanl\u0131\u011f\u0131 organizasyonu ile 1 Kas\u0131m 2014 Cumartesi g\u00fcn\u00fc Bursa Setba\u015f\u0131 K\u00fct\u00fcphanesi \u00dcftade Konferans ve Toplant\u0131 Salonunda ger\u00e7ekle\u015ftirildi. ASSAM Ba\u015fkan\u0131 (E) General Adnan TANRIVERD\u0130 taraf\u0131ndan yap\u0131lan sunumda \u0130slam D\u00fcnyas\u0131na yap\u0131lan k\u00fcresel sald\u0131r\u0131n\u0131n boyutlar\u0131 ve \u0130slam D\u00fcnyas\u0131n\u0131n bu durumdan \u00e7\u0131k\u0131\u015f\u0131 i\u00e7in at\u0131lmas\u0131 gereken ad\u0131mlar anlat\u0131ld\u0131. \u0130slam D\u00fcnyas\u0131na y\u00f6nelen ha\u00e7l\u0131 seferlerinin \u015fekil de\u011fi\u015ftirerek devam etti\u011fini s\u00f6yleyen TANRIVERD\u0130; \u0130slam D\u00fcnyas\u0131 kendi co\u011frafyas\u0131n\u0131n \u00fclkelerin \u00fcniter yap\u0131lar\u0131n\u0131n i\u00e7indeki etnik ve mezhepsel farkl\u0131l\u0131\u011fa sahip unsurlar\u0131n\u0131n birbirleri ile sava\u015ft\u0131r\u0131ld\u0131\u011f\u0131n\u0131n, ilan edilmemi\u015f, gizli, sinsi, kirli ve asimetrik 3. D\u00fcnya Sava\u015f\u0131 Alan\u0131 haline getirildi\u011finin fark\u0131na varmal\u0131d\u0131r. Seminer sonras\u0131nda ASSAM M\u0131s\u0131r \u00c7al\u0131\u015ftay\u0131 ger\u00e7ekle\u015ftirildi. \u00c7al\u0131\u015ftay'da Uluda\u011f \u00dcniversitesi \u0130lahiyat Fak\u00fcltesi \u00f6\u011fretim \u00fcyeleri Prof Dr \u0130smail G\u00fcler ve M\u0131s\u0131rl\u0131 Prof Dr Muhammed Said, Okutman \u0130slam \u00d6mer taraf\u0131ndan M\u0131s\u0131r'\u0131n tarihi, biyografik bilgilerine de\u011finildikten sonra g\u00fcncel ekonomik, siyasi durumu de\u011ferlendirildi. \"K\u00fcresel Sald\u0131r\u0131lar\u0131n Hedefindeki \u0130slam D\u00fcnyas\u0131\" semineri 2 Kas\u0131m 2014 Pazar g\u00fcn\u00fc de \u0130lim Yayma Cemiyeti Bursa Tevfik \u00c7uka Yurdu toplant\u0131 salonunda gelece\u011fimiz \u00fcniversite \u00f6\u011frencilerine de verilmi\u015ftir.","breadcrumb":{"@id":"https:\/\/assam.org.tr\/ar\/kuresel-saldirinin-hedefindeki-islam-dunyasi-ar\/#breadcrumb"},"inLanguage":"ar","potentialAction":[{"@type":"ReadAction","target":["https:\/\/assam.org.tr\/ar\/kuresel-saldirinin-hedefindeki-islam-dunyasi-ar\/"]}]},{"@type":"ImageObject","inLanguage":"ar","@id":"https:\/\/assam.org.tr\/ar\/kuresel-saldirinin-hedefindeki-islam-dunyasi-ar\/#primaryimage","url":"https:\/\/assam.org.tr\/downloads\/2014\/11\/4feb08b32fc2bca59f9db42b69cd4022.jpg","contentUrl":"https:\/\/assam.org.tr\/downloads\/2014\/11\/4feb08b32fc2bca59f9db42b69cd4022.jpg","width":800,"height":450,"caption":"ASSAM Bursa Semineri"},{"@type":"BreadcrumbList","@id":"https:\/\/assam.org.tr\/ar\/kuresel-saldirinin-hedefindeki-islam-dunyasi-ar\/#breadcrumb","itemListElement":[{"@type":"ListItem","position":1,"name":"Anasayfa","item":"https:\/\/assam.org.tr\/ar\/"},{"@type":"ListItem","position":2,"name":"\u0627\u0644\u0639\u0627\u0644\u0645 \u0627\u0644\u0625\u0633\u0644\u0627\u0645\u064a \u0645\u0633\u062a\u0647\u062f\u0641 \u0628\u0627\u0644\u0647\u062c\u0648\u0645 \u0627\u0644\u0639\u0627\u0644\u0645\u064a"}]},{"@type":"WebSite","@id":"https:\/\/assam.org.tr\/ar\/#website","url":"https:\/\/assam.org.tr\/ar\/","name":"Assam","description":"","potentialAction":[{"@type":"SearchAction","target":{"@type":"EntryPoint","urlTemplate":"https:\/\/assam.org.tr\/ar\/?s={search_term_string}"},"query-input":{"@type":"PropertyValueSpecification","valueRequired":true,"valueName":"search_term_string"}}],"inLanguage":"ar"},{"@type":"Person","@id":"https:\/\/assam.org.tr\/ar\/#\/schema\/person\/3acfcd4778cdd610ce53e7926748b2ef","name":"admin","image":{"@type":"ImageObject","inLanguage":"ar","@id":"https:\/\/assam.org.tr\/ar\/#\/schema\/person\/image\/","url":"https:\/\/secure.gravatar.com\/avatar\/b64b9f9a11c3402664510c42229973ea79f05e8f86997d5123fb1c02cf533ea4?s=96&d=mm&r=g","contentUrl":"https:\/\/secure.gravatar.com\/avatar\/b64b9f9a11c3402664510c42229973ea79f05e8f86997d5123fb1c02cf533ea4?s=96&d=mm&r=g","caption":"admin"},"sameAs":["https:\/\/yeni.assam.org.tr"],"url":"https:\/\/assam.org.tr\/ar\/author\/admin\/"}]}},"_links":{"self":[{"href":"https:\/\/assam.org.tr\/ar\/wp-json\/wp\/v2\/posts\/2709","targetHints":{"allow":["GET"]}}],"collection":[{"href":"https:\/\/assam.org.tr\/ar\/wp-json\/wp\/v2\/posts"}],"about":[{"href":"https:\/\/assam.org.tr\/ar\/wp-json\/wp\/v2\/types\/post"}],"author":[{"embeddable":true,"href":"https:\/\/assam.org.tr\/ar\/wp-json\/wp\/v2\/users\/1"}],"replies":[{"embeddable":true,"href":"https:\/\/assam.org.tr\/ar\/wp-json\/wp\/v2\/comments?post=2709"}],"version-history":[{"count":0,"href":"https:\/\/assam.org.tr\/ar\/wp-json\/wp\/v2\/posts\/2709\/revisions"}],"wp:featuredmedia":[{"embeddable":true,"href":"https:\/\/assam.org.tr\/ar\/wp-json\/wp\/v2\/media\/2706"}],"wp:attachment":[{"href":"https:\/\/assam.org.tr\/ar\/wp-json\/wp\/v2\/media?parent=2709"}],"wp:term":[{"taxonomy":"category","embeddable":true,"href":"https:\/\/assam.org.tr\/ar\/wp-json\/wp\/v2\/categories?post=2709"},{"taxonomy":"post_tag","embeddable":true,"href":"https:\/\/assam.org.tr\/ar\/wp-json\/wp\/v2\/tags?post=2709"},{"taxonomy":"manset","embeddable":true,"href":"https:\/\/assam.org.tr\/ar\/wp-json\/wp\/v2\/manset?post=2709"}],"curies":[{"name":"wp","href":"https:\/\/api.w.org\/{rel}","templated":true}]}}