{"id":2119,"date":"2017-12-10T21:00:00","date_gmt":"2017-12-10T18:00:00","guid":{"rendered":"https:\/\/yeni.assam.org.tr\/index.php\/2017\/12\/10\/assam-islamic-states-confederation-declaration-press-conference\/"},"modified":"2017-12-10T21:00:00","modified_gmt":"2017-12-10T18:00:00","slug":"assam-islamic-states-confederation-declaration-press-conference","status":"publish","type":"post","link":"https:\/\/assam.org.tr\/en\/assam-islamic-states-confederation-declaration-press-conference\/","title":{"rendered":"ASSAM  \u201cIslamic States Confederation Declaration\u201d Press Conference."},"content":{"rendered":"<img loading=\"lazy\" decoding=\"async\" class=\" size-full wp-image-2116\" src=\"https:\/\/assam.org.tr\/wp-content\/uploads\/2017\/12\/34570ba96cc3a4daee50221a47a4e2ec-scaled.jpg\" alt=\"www.assam.org.tr\" class=\"caption\" title=\"ASSAM stand\u0131 \u00e7ok yo\u011fun ilgi g\u00f6rd\u00fc\" width=\"2560\" height=\"1244\" \/>\n<p>ASSAM announced \u201c<strong>Islamic States Confederation Declaration<\/strong>\u201d via press conference.<\/p>\n<p>(Press conference video is below)<\/p>\n<p>The decloration signed by 109 NGOs and hundreds of individuals.<\/p>\n<p>ASSAM attended UNIW 2nd international NGO Exhibition. The 2 days exhibiton held at Eurasia Show Center by 160 NGOs participation from 60 states around the world.<\/p>\n<p>ASSAM conducted two different signature campaign in the exhibiton.<\/p>\n<ol>\n<li>&#8221; <strong>ASSAM Islamic States Confederation Declaration<\/strong> &#8221; Signature Campaign\n<ol>\n<li>The declaration which prepared at the end of The first ASSAM International Islamic Union Congress(23-24 November 2017) firstly opened to NGOs\u2019 sign.<\/li>\n<li>The declaration signed by all NGOs those participated the exhibition.<\/li>\n<li>Please, click here to reach the declaration.<\/li>\n<li>Please, click here to give an on-line signature.<\/li>\n<\/ol>\n<\/li>\n<li>\u201c<strong>USA!<\/strong> Shut Down Your 34 Military Bases In Islamic States And <strong>Get Out!<\/strong>\u201d\n<ol>\n<li>USA has 32 air and 2 sea bases in 34 Islamic States.<\/li>\n<li><span style=\"font-size: 10pt; font-family: Verdana, sans-serif;\"><span style=\"font-size: 8pt;\">USA, who supports Israel (blody nife in Islamic World heart) has to fall into its own pit.<\/span> \u00a0<\/span><\/li>\n<li>We are calling all \u0130slamic States to shut down USAs\u2019 bases that based in their territory and territorial waters in a word we are calling to say, <strong>USA Get Out!<\/strong>.<\/li>\n<li>Please, click here to attend and support our USA Get Out! signature campaign.<\/li>\n<\/ol>\n<\/li>\n<\/ol>\n<p>Both campaigns signed by houndreds of people, actively.<\/p>\n<p>Now we are moving our campaign to internet. Please, participate in our campaign.<\/p>\n<p>\u00a0<\/p>\n<div class=\"k2_video\">\n<div class=\"k2_video_caption\">\u0130slam \u00dclkeleri Konfederasyonu Deklarasyonu<\/div>\n<p><iframe loading=\"lazy\" title=\"ASSAM \u0130slam \u00dclkeleri Konfederasyonu Deklarasyonu Bas\u0131n Toplant\u0131s\u0131\" width=\"500\" height=\"281\" src=\"data:image\/png;base64,iVBORw0KGgoAAAANSUhEUgAAAAIAAAABCAQAAABeK7cBAAAAC0lEQVR42mNkAAIAAAoAAv\/lxKUAAAAASUVORK5CYII=\" data-src=\"https:\/\/www.youtube.com\/embed\/c0qMx18Yh-I?feature=oembed\" frameborder=\"0\" allow=\"accelerometer; autoplay; clipboard-write; encrypted-media; gyroscope; picture-in-picture; web-share\" referrerpolicy=\"strict-origin-when-cross-origin\" class=\"kanews-lazy\" allowfullscreen><\/iframe><\/p>\n<div class=\"k2_video_credits\">ASSAM<\/div>\n<\/div>\n","protected":false},"excerpt":{"rendered":"<p>ASSAM announced \u201cIslamic States Confederation Declaration\u201d via&#46;&#46;&#46;<\/p>\n","protected":false},"author":1,"featured_media":2116,"comment_status":"open","ping_status":"open","sticky":false,"template":"","format":"standard","meta":{"_acf_changed":false,"footnotes":""},"categories":[356],"tags":[1031,1044,1033,1045,676,1043,1042],"manset":[],"class_list":["post-2119","post","type-post","status-publish","format-standard","has-post-thumbnail","hentry","category-press-announcement","tag-confederation","tag-exhibition","tag-fair","tag-islamic-union","tag-ngo","tag-ngo-exhibition","tag-ngos"],"acf":[],"yoast_head":"<!-- This site is optimized with the Yoast SEO plugin v26.1 - https:\/\/yoast.com\/wordpress\/plugins\/seo\/ -->\n<title>Assam<\/title>\n<meta name=\"robots\" content=\"index, follow, max-snippet:-1, max-image-preview:large, max-video-preview:-1\" \/>\n<link rel=\"canonical\" href=\"https:\/\/assam.org.tr\/en\/assam-islamic-states-confederation-declaration-press-conference\/\" \/>\n<meta property=\"og:locale\" content=\"en_US\" \/>\n<meta property=\"og:type\" content=\"article\" \/>\n<meta property=\"og:title\" content=\"ASSAM \u201cIslamic States Confederation Declaration\u201d Press Conference. - Assam\" \/>\n<meta property=\"og:description\" content=\"ASSAM announced \u201cIslamic States Confederation Declaration\u201d via&#046;&#046;&#046;\" \/>\n<meta property=\"og:url\" content=\"https:\/\/assam.org.tr\/en\/assam-islamic-states-confederation-declaration-press-conference\/\" \/>\n<meta property=\"og:site_name\" content=\"Assam\" \/>\n<meta property=\"article:published_time\" content=\"2017-12-10T18:00:00+00:00\" \/>\n<meta property=\"og:image\" content=\"https:\/\/assam.org.tr\/downloads\/2017\/12\/34570ba96cc3a4daee50221a47a4e2ec-1024x498.jpg\" \/>\n\t<meta property=\"og:image:width\" content=\"1024\" \/>\n\t<meta property=\"og:image:height\" content=\"498\" \/>\n\t<meta property=\"og:image:type\" content=\"image\/jpeg\" \/>\n<meta name=\"author\" content=\"admin\" \/>\n<meta name=\"twitter:card\" content=\"summary_large_image\" \/>\n<meta name=\"twitter:label1\" content=\"Written by\" \/>\n\t<meta name=\"twitter:data1\" content=\"admin\" \/>\n\t<meta name=\"twitter:label2\" content=\"Est. reading time\" \/>\n\t<meta name=\"twitter:data2\" content=\"1 minute\" \/>\n<script type=\"application\/ld+json\" class=\"yoast-schema-graph\">{\"@context\":\"https:\/\/schema.org\",\"@graph\":[{\"@type\":\"WebPage\",\"@id\":\"https:\/\/assam.org.tr\/en\/assam-islamic-states-confederation-declaration-press-conference\/\",\"url\":\"https:\/\/assam.org.tr\/en\/assam-islamic-states-confederation-declaration-press-conference\/\",\"name\":\"ASSAM \u201cIslamic States Confederation Declaration\u201d Press Conference. - Assam\",\"isPartOf\":{\"@id\":\"https:\/\/assam.org.tr\/en\/#website\"},\"primaryImageOfPage\":{\"@id\":\"https:\/\/assam.org.tr\/en\/assam-islamic-states-confederation-declaration-press-conference\/#primaryimage\"},\"image\":{\"@id\":\"https:\/\/assam.org.tr\/en\/assam-islamic-states-confederation-declaration-press-conference\/#primaryimage\"},\"thumbnailUrl\":\"https:\/\/assam.org.tr\/downloads\/2017\/12\/34570ba96cc3a4daee50221a47a4e2ec-scaled.jpg\",\"datePublished\":\"2017-12-10T18:00:00+00:00\",\"author\":{\"@id\":\"https:\/\/assam.org.tr\/en\/#\/schema\/person\/3acfcd4778cdd610ce53e7926748b2ef\"},\"breadcrumb\":{\"@id\":\"https:\/\/assam.org.tr\/en\/assam-islamic-states-confederation-declaration-press-conference\/#breadcrumb\"},\"inLanguage\":\"en-US\",\"potentialAction\":[{\"@type\":\"ReadAction\",\"target\":[\"https:\/\/assam.org.tr\/en\/assam-islamic-states-confederation-declaration-press-conference\/\"]}]},{\"@type\":\"ImageObject\",\"inLanguage\":\"en-US\",\"@id\":\"https:\/\/assam.org.tr\/en\/assam-islamic-states-confederation-declaration-press-conference\/#primaryimage\",\"url\":\"https:\/\/assam.org.tr\/downloads\/2017\/12\/34570ba96cc3a4daee50221a47a4e2ec-scaled.jpg\",\"contentUrl\":\"https:\/\/assam.org.tr\/downloads\/2017\/12\/34570ba96cc3a4daee50221a47a4e2ec-scaled.jpg\",\"width\":2560,\"height\":1244,\"caption\":\"ASSAM stand\u0131 \u00e7ok yo\u011fun ilgi g\u00f6rd\u00fc\"},{\"@type\":\"BreadcrumbList\",\"@id\":\"https:\/\/assam.org.tr\/en\/assam-islamic-states-confederation-declaration-press-conference\/#breadcrumb\",\"itemListElement\":[{\"@type\":\"ListItem\",\"position\":1,\"name\":\"Anasayfa\",\"item\":\"https:\/\/assam.org.tr\/en\/\"},{\"@type\":\"ListItem\",\"position\":2,\"name\":\"ASSAM \u201cIslamic States Confederation Declaration\u201d Press Conference.\"}]},{\"@type\":\"WebSite\",\"@id\":\"https:\/\/assam.org.tr\/en\/#website\",\"url\":\"https:\/\/assam.org.tr\/en\/\",\"name\":\"Assam\",\"description\":\"\",\"potentialAction\":[{\"@type\":\"SearchAction\",\"target\":{\"@type\":\"EntryPoint\",\"urlTemplate\":\"https:\/\/assam.org.tr\/en\/?s={search_term_string}\"},\"query-input\":{\"@type\":\"PropertyValueSpecification\",\"valueRequired\":true,\"valueName\":\"search_term_string\"}}],\"inLanguage\":\"en-US\"},{\"@type\":\"Person\",\"@id\":\"https:\/\/assam.org.tr\/en\/#\/schema\/person\/3acfcd4778cdd610ce53e7926748b2ef\",\"name\":\"admin\",\"image\":{\"@type\":\"ImageObject\",\"inLanguage\":\"en-US\",\"@id\":\"https:\/\/assam.org.tr\/en\/#\/schema\/person\/image\/\",\"url\":\"https:\/\/secure.gravatar.com\/avatar\/b64b9f9a11c3402664510c42229973ea79f05e8f86997d5123fb1c02cf533ea4?s=96&d=mm&r=g\",\"contentUrl\":\"https:\/\/secure.gravatar.com\/avatar\/b64b9f9a11c3402664510c42229973ea79f05e8f86997d5123fb1c02cf533ea4?s=96&d=mm&r=g\",\"caption\":\"admin\"},\"sameAs\":[\"https:\/\/yeni.assam.org.tr\"],\"url\":\"https:\/\/assam.org.tr\/en\/author\/admin\/\"}]}<\/script>\n<!-- \/ Yoast SEO plugin. -->","yoast_head_json":{"title":"Assam","robots":{"index":"index","follow":"follow","max-snippet":"max-snippet:-1","max-image-preview":"max-image-preview:large","max-video-preview":"max-video-preview:-1"},"canonical":"https:\/\/assam.org.tr\/en\/assam-islamic-states-confederation-declaration-press-conference\/","og_locale":"en_US","og_type":"article","og_title":"ASSAM \u201cIslamic States Confederation Declaration\u201d Press Conference. - Assam","og_description":"ASSAM announced \u201cIslamic States Confederation Declaration\u201d via&#46;&#46;&#46;","og_url":"https:\/\/assam.org.tr\/en\/assam-islamic-states-confederation-declaration-press-conference\/","og_site_name":"Assam","article_published_time":"2017-12-10T18:00:00+00:00","og_image":[{"width":1024,"height":498,"url":"https:\/\/assam.org.tr\/downloads\/2017\/12\/34570ba96cc3a4daee50221a47a4e2ec-1024x498.jpg","type":"image\/jpeg"}],"author":"admin","twitter_card":"summary_large_image","twitter_misc":{"Written by":"admin","Est. reading time":"1 minute"},"schema":{"@context":"https:\/\/schema.org","@graph":[{"@type":"WebPage","@id":"https:\/\/assam.org.tr\/en\/assam-islamic-states-confederation-declaration-press-conference\/","url":"https:\/\/assam.org.tr\/en\/assam-islamic-states-confederation-declaration-press-conference\/","name":"ASSAM \u201cIslamic States Confederation Declaration\u201d Press Conference. - Assam","isPartOf":{"@id":"https:\/\/assam.org.tr\/en\/#website"},"primaryImageOfPage":{"@id":"https:\/\/assam.org.tr\/en\/assam-islamic-states-confederation-declaration-press-conference\/#primaryimage"},"image":{"@id":"https:\/\/assam.org.tr\/en\/assam-islamic-states-confederation-declaration-press-conference\/#primaryimage"},"thumbnailUrl":"https:\/\/assam.org.tr\/downloads\/2017\/12\/34570ba96cc3a4daee50221a47a4e2ec-scaled.jpg","datePublished":"2017-12-10T18:00:00+00:00","author":{"@id":"https:\/\/assam.org.tr\/en\/#\/schema\/person\/3acfcd4778cdd610ce53e7926748b2ef"},"breadcrumb":{"@id":"https:\/\/assam.org.tr\/en\/assam-islamic-states-confederation-declaration-press-conference\/#breadcrumb"},"inLanguage":"en-US","potentialAction":[{"@type":"ReadAction","target":["https:\/\/assam.org.tr\/en\/assam-islamic-states-confederation-declaration-press-conference\/"]}]},{"@type":"ImageObject","inLanguage":"en-US","@id":"https:\/\/assam.org.tr\/en\/assam-islamic-states-confederation-declaration-press-conference\/#primaryimage","url":"https:\/\/assam.org.tr\/downloads\/2017\/12\/34570ba96cc3a4daee50221a47a4e2ec-scaled.jpg","contentUrl":"https:\/\/assam.org.tr\/downloads\/2017\/12\/34570ba96cc3a4daee50221a47a4e2ec-scaled.jpg","width":2560,"height":1244,"caption":"ASSAM stand\u0131 \u00e7ok yo\u011fun ilgi g\u00f6rd\u00fc"},{"@type":"BreadcrumbList","@id":"https:\/\/assam.org.tr\/en\/assam-islamic-states-confederation-declaration-press-conference\/#breadcrumb","itemListElement":[{"@type":"ListItem","position":1,"name":"Anasayfa","item":"https:\/\/assam.org.tr\/en\/"},{"@type":"ListItem","position":2,"name":"ASSAM \u201cIslamic States Confederation Declaration\u201d Press Conference."}]},{"@type":"WebSite","@id":"https:\/\/assam.org.tr\/en\/#website","url":"https:\/\/assam.org.tr\/en\/","name":"Assam","description":"","potentialAction":[{"@type":"SearchAction","target":{"@type":"EntryPoint","urlTemplate":"https:\/\/assam.org.tr\/en\/?s={search_term_string}"},"query-input":{"@type":"PropertyValueSpecification","valueRequired":true,"valueName":"search_term_string"}}],"inLanguage":"en-US"},{"@type":"Person","@id":"https:\/\/assam.org.tr\/en\/#\/schema\/person\/3acfcd4778cdd610ce53e7926748b2ef","name":"admin","image":{"@type":"ImageObject","inLanguage":"en-US","@id":"https:\/\/assam.org.tr\/en\/#\/schema\/person\/image\/","url":"https:\/\/secure.gravatar.com\/avatar\/b64b9f9a11c3402664510c42229973ea79f05e8f86997d5123fb1c02cf533ea4?s=96&d=mm&r=g","contentUrl":"https:\/\/secure.gravatar.com\/avatar\/b64b9f9a11c3402664510c42229973ea79f05e8f86997d5123fb1c02cf533ea4?s=96&d=mm&r=g","caption":"admin"},"sameAs":["https:\/\/yeni.assam.org.tr"],"url":"https:\/\/assam.org.tr\/en\/author\/admin\/"}]}},"_links":{"self":[{"href":"https:\/\/assam.org.tr\/en\/wp-json\/wp\/v2\/posts\/2119","targetHints":{"allow":["GET"]}}],"collection":[{"href":"https:\/\/assam.org.tr\/en\/wp-json\/wp\/v2\/posts"}],"about":[{"href":"https:\/\/assam.org.tr\/en\/wp-json\/wp\/v2\/types\/post"}],"author":[{"embeddable":true,"href":"https:\/\/assam.org.tr\/en\/wp-json\/wp\/v2\/users\/1"}],"replies":[{"embeddable":true,"href":"https:\/\/assam.org.tr\/en\/wp-json\/wp\/v2\/comments?post=2119"}],"version-history":[{"count":0,"href":"https:\/\/assam.org.tr\/en\/wp-json\/wp\/v2\/posts\/2119\/revisions"}],"wp:featuredmedia":[{"embeddable":true,"href":"https:\/\/assam.org.tr\/en\/wp-json\/wp\/v2\/media\/2116"}],"wp:attachment":[{"href":"https:\/\/assam.org.tr\/en\/wp-json\/wp\/v2\/media?parent=2119"}],"wp:term":[{"taxonomy":"category","embeddable":true,"href":"https:\/\/assam.org.tr\/en\/wp-json\/wp\/v2\/categories?post=2119"},{"taxonomy":"post_tag","embeddable":true,"href":"https:\/\/assam.org.tr\/en\/wp-json\/wp\/v2\/tags?post=2119"},{"taxonomy":"manset","embeddable":true,"href":"https:\/\/assam.org.tr\/en\/wp-json\/wp\/v2\/manset?post=2119"}],"curies":[{"name":"wp","href":"https:\/\/api.w.org\/{rel}","templated":true}]}}