{"id":2855,"date":"2017-11-24T21:00:00","date_gmt":"2017-11-24T18:00:00","guid":{"rendered":"https:\/\/yeni.assam.org.tr\/index.php\/2017\/11\/24\/gecmisten-gelecege-yonetim-bicimleri-kongresi-acis-konusmasi-en\/"},"modified":"2017-11-24T21:00:00","modified_gmt":"2017-11-24T18:00:00","slug":"gecmisten-gelecege-yonetim-bicimleri-kongresi-acis-konusmasi-en","status":"publish","type":"post","link":"https:\/\/assam.org.tr\/en\/gecmisten-gelecege-yonetim-bicimleri-kongresi-acis-konusmasi-en\/","title":{"rendered":"Ge\u00e7mi\u015ften Gelece\u011fe Y\u00f6netim Bi\u00e7imleri Kongresi A\u00e7\u0131\u015f Konu\u015fmas\u0131"},"content":{"rendered":"<img loading=\"lazy\" decoding=\"async\" class=\" size-full wp-image-2849\" src=\"https:\/\/assam.org.tr\/wp-content\/uploads\/2017\/11\/cb9c495b17bc28a44ffb50c55572ed63.jpg\" alt=\"www.assamcongress.com\" class=\"caption\" title=\"27 \u00dclkeden 1000'e yak\u0131n kat\u0131l\u0131mc\u0131 ile\" width=\"1600\" height=\"900\" \/>\n<p style=\"font-family: 'Times New Roman'; font-size: medium; margin-bottom: 0.0001pt; line-height: normal;\"><span style=\"font-size: 12pt; font-family: 'Times New Roman', serif;\">Kongremizin amac\u0131,<\/span><\/p>\n<p style=\"font-family: 'Times New Roman'; font-size: medium; margin-bottom: 0.0001pt; line-height: normal; text-align: justify;\"><strong><span style=\"font-size: 12pt; font-family: 'Times New Roman', serif;\">\u0130sl\u00e2m \u00dclkelerinin bir irade alt\u0131nda toplamas\u0131 i\u00e7in olmas\u0131 gereken m\u00fcesseseler ve bu m\u00fcesseselerin g\u00fcn\u00fcm\u00fcz \u015fartlar\u0131nda uygulanabilir mevzuat\u0131n\u0131n ara\u015ft\u0131r\u0131lmas\u0131 ve \u00fczerinde fikir birli\u011fine var\u0131labilecek bir hal tarz\u0131n\u0131n M\u00fcsl\u00fcman milletlerle payla\u015f\u0131lmas\u0131d\u0131r.<\/span><\/strong><\/p>\n<p><!--more--><\/p>\n<p style=\"text-align: center;\"><span style=\"font-size: 12pt; font-family: 'Times New Roman', serif;\">B\u0130R\u0130NC\u0130 ULUSLARARASI ASSAM \u0130SLAM B\u0130RL\u0130\u011e\u0130 KONGRES\u0130<\/span><\/p>\n<p style=\"text-align: center;\"><strong><span style=\"font-size: 12pt; font-family: 'Times New Roman', serif;\">A\u00c7I\u015e KONU\u015eMASI<\/span><\/strong><\/p>\n<p style=\"text-align: center;\"><span style=\"font-size: 12pt; font-family: 'Times New Roman', serif;\">23-24 KASIM 2017<\/span><\/p>\n<p style=\"text-align: center;\"><span style=\"font-size: 12pt; font-family: 'Times New Roman', serif;\">Adnan TANRIVERD\u0130<\/span><\/p>\n<p style=\"text-align: center;\">\u00a0<\/p>\n<p>NOT: A\u015fa\u011f\u0131da yer alan konu\u015fma metninde at\u0131f yap\u0131lan slaytlar\u0131 i\u00e7eren sunumu a\u015fa\u011f\u0131da bulabilirsiniz.<\/p>\n<p style=\"text-align: center;\">\u00a0<\/p>\n<p><strong><span style=\"text-decoration: underline;\"><span style=\"font-size: 12pt; font-family: 'Times New Roman', serif;\">SELAMLAMA:(Slayt-1)<\/span><\/span><\/strong><\/p>\n<p><span style=\"font-size: 12pt; font-family: 'Times New Roman', serif;\">Bismillahirrahmanirrahim.<\/span><\/p>\n<p><span style=\"font-size: 12pt; font-family: 'Times New Roman', serif;\">Elhamd\u00fclillahi Rabbil \u00c2lemin vel ak\u0131bet-\u00fcl m\u00fcttekiyn. Vesselat\u00fc vesselam\u00fc al\u00e2 seyyidina ve nebiyyina Muhammedin ve \u00e2lihi ve sahbihi ecmain.<\/span><\/p>\n<p>\u00a0<\/p>\n<p style=\"text-align: justify;\"><span style=\"font-size: 12pt; font-family: 'Times New Roman', serif;\">\u00c7ok De\u011ferli<strong> Bakan\u0131m<\/strong> (G\u00fcmr\u00fck ve Ticaret Bakan\u0131 Sn. B\u00fclent T\u00fcfenk\u00e7i), Millet Vekillerim,\u00a0 Valilerim, Kaymakamlar\u0131m, Belediye Ba\u015fkanlar\u0131m, Rekt\u00f6rlerim, Hocalar\u0131m, <strong>Arakan, Benin<\/strong>, <strong>Banglade\u015f, \u00c7ad, Etiyopya, Filistin, Gana, G\u00fcney Afrika, Jamaika, Kamerun, Katar, Kazakistan, Kenya, K\u0131rg\u0131zistan, Kolombiya, Malavi, Malezya, M\u0131s\u0131r, Mo\u011folistan, Moritanya, Nijer, Pakistan, Sudan, Suriye, Tunus, \u00dcrd\u00fcn ve Yemen\u2019den<\/strong> gelen misafirlerimiz, Sivil Toplum Kurulu\u015flar\u0131m\u0131z\u0131n ba\u015fkan ve temsilcileri, \u0130DSB, ASDER, ASSAM ve \u00dcsk\u00fcdar \u00dcniversitesi mensubu de\u011ferli karde\u015flerim, hepinizi sayg\u0131 ve muhabbetle selamlar\u0131m.<\/span><\/p>\n<p>\u00a0<\/p>\n<p><span style=\"font-size: 12pt; font-family: 'Times New Roman', serif;\">Ho\u015f geldiniz.<\/span><\/p>\n<p><span style=\"font-size: 12pt; font-family: 'Times New Roman', serif;\">Kongremizi \u015fereflendirdiniz.<\/span><\/p>\n<p><span style=\"font-size: 12pt; font-family: 'Times New Roman', serif;\">Anlam katt\u0131n\u0131z.<\/span><\/p>\n<p><span style=\"font-size: 12pt; font-family: 'Times New Roman', serif;\">Te\u015fekk\u00fcrlerimi sunar\u0131m.<\/span><\/p>\n<p>\u00a0<\/p>\n<p><span style=\"font-size: 12pt; font-family: 'Times New Roman', serif;\">Bu kongrede ASSAM Adaleti savunanlar Stratejik Ara\u015ft\u0131rmalar Merkezi Derne\u011fini yaln\u0131z b\u0131rakmayan;<\/span><\/p>\n<p><span style=\"font-size: 12pt; font-family: 'Times New Roman', serif;\">\u00dcsk\u00fcdar \u00dcniversitemize, \u0130slam D\u00fcnyas\u0131 Sivil Toplum Kurulu\u015flar\u0131 Birli\u011fine ve Adaleti savunanlar Derne\u011fine; <\/span><\/p>\n<p style=\"text-align: justify;\"><span style=\"font-size: 12pt; font-family: 'Times New Roman', serif;\">Kongremizin ger\u00e7ekle\u015fmesi i\u00e7in desteklerini esirgemeyen Marmara Belediyeler Birli\u011fine, Beyo\u011flu ve Sultan Gazi Belediye Ba\u015fkanlar\u0131m\u0131za, THY Ynt. ve \u0130cra Krl. Ba\u015fkan\u0131na, Emin Evim Ynt. Krl. B\u015fk.\u2019na ve Ekol G\u00fcvenlik YntKrl. B\u015fk.\u2019na;<\/span><\/p>\n<p><span style=\"font-size: 12pt; font-family: 'Times New Roman', serif;\">Kongremizde bildirileri ile kat\u0131lan de\u011ferli hocalar\u0131m\u0131za;<\/span><\/p>\n<p><span style=\"font-size: 12pt; font-family: 'Times New Roman', serif;\">Yaz\u0131l\u0131 ve g\u00f6rsel bas\u0131n\u0131m\u0131z\u0131n de\u011ferli mensuplar\u0131na;<\/span><\/p>\n<p><span style=\"font-size: 12pt; font-family: 'Times New Roman', serif;\">En kalbi \u015f\u00fckranlar\u0131m\u0131 sunar\u0131m.<\/span><\/p>\n<p style=\"margin-bottom: 0.0001pt; line-height: normal;\">\u00a0<\/p>\n<p style=\"margin-bottom: 0.0001pt; line-height: normal;\"><strong><span style=\"font-size: 12pt; font-family: 'Times New Roman', serif;\">De\u011ferli Konuklar\u0131m\u0131z,<\/span><\/strong><\/p>\n<p style=\"margin-bottom: 0.0001pt; line-height: normal;\"><span style=\"font-size: 12pt; font-family: 'Times New Roman', serif;\">Kongremizin amac\u0131,<\/span><\/p>\n<p style=\"margin-bottom: 0.0001pt; line-height: normal; text-align: justify;\"><strong><span style=\"font-size: 12pt; font-family: 'Times New Roman', serif;\">\u0130sl\u00e2m \u00dclkelerinin bir irade alt\u0131nda toplamas\u0131 i\u00e7in olmas\u0131 gereken m\u00fcesseseler ve bu m\u00fcesseselerin g\u00fcn\u00fcm\u00fcz \u015fartlar\u0131nda uygulanabilir mevzuat\u0131n\u0131n ara\u015ft\u0131r\u0131lmas\u0131 ve \u00fczerinde fikir birli\u011fine var\u0131labilecek bir hal tarz\u0131n\u0131n M\u00fcsl\u00fcman milletlerle payla\u015f\u0131lmas\u0131d\u0131r.<\/span><\/strong><\/p>\n<p style=\"margin-bottom: 0.0001pt; line-height: normal;\">\u00a0<\/p>\n<p style=\"margin-bottom: 0.0001pt; line-height: normal;\"><strong><span style=\"font-size: 12pt; font-family: 'Times New Roman', serif;\">***SUNUM PLANI:(Slayt-2)<\/span><\/strong><\/p>\n<ol style=\"margin-top: 0cm;\" start=\"1\">\n<li style=\"margin-bottom: 0.0001pt; text-align: left; line-height: normal;\"><strong><span style=\"font-size: 12pt; font-family: 'Times New Roman', serif;\">TAR\u0130HTE KURULMU\u015e \u0130SL\u00c2M DEVLETLER\u0130<\/span><\/strong><\/li>\n<li style=\"margin-bottom: 0.0001pt; text-align: left; line-height: normal;\"><strong><span style=\"font-size: 12pt; font-family: 'Times New Roman', serif;\">\u0130SL\u00c2M CO\u011eRAFYASININ JEOPOL\u0130T\u0130K DE\u011eER\u0130<\/span><\/strong><\/li>\n<li style=\"margin-bottom: 0.0001pt; text-align: left; line-height: normal;\"><strong><span style=\"font-size: 12pt; font-family: 'Times New Roman', serif;\">\u0130SLAM D\u00dcNYASININ \u0130\u00c7\u0130NDE BULUNDU\u011eU DURUM<\/span><\/strong><\/li>\n<li style=\"margin-bottom: 0.0001pt; text-align: left; line-height: normal;\"><strong><span style=\"font-size: 12pt; font-family: 'Times New Roman', serif;\">KUR\u2019ANDA VE S\u00dcNNETTE \u0130HT\u0130LAFI ZEMMEDEN H\u00dcK\u00dcMLER<\/span><\/strong><\/li>\n<li style=\"margin-bottom: 0.0001pt; text-align: left; line-height: normal;\"><strong><span style=\"font-size: 12pt; font-family: 'Times New Roman', serif;\">\u0130SL\u00c2M D\u00dcNYASININ \u0130\u00c7\u0130NDE BULUNDU\u011eU DURUMDAN KURTULMAK \u0130\u00c7\u0130N ALINMASI GEREKEN TEDB\u0130RLER<\/span><\/strong><\/li>\n<li style=\"margin-bottom: 0.0001pt; text-align: left; line-height: normal;\"><strong><span style=\"font-size: 12pt; font-family: 'Times New Roman', serif;\">\u0130SLAM B\u0130RL\u0130\u011e\u0130NE G\u0130DEN D\u0130KENL\u0130 YOLLARI NASIL A\u015eAB\u0130L\u0130R\u0130Z<\/span><\/strong><\/li>\n<\/ol>\n<ol>\n<li style=\"list-style-type: lower-alpha;\"><span style=\"font-size: 12pt; font-family: 'Times New Roman', serif;\">DEVLETLER\u0130N KURULU\u015e AMA\u00c7I<\/span><\/li>\n<li style=\"list-style-type: lower-alpha;\"><span style=\"font-size: 12pt; font-family: 'Times New Roman', serif;\">DEVLET\u0130N ASL\u0130 FAAL\u0130YET ALANLARI<\/span><\/li>\n<li style=\"list-style-type: lower-alpha;\"><span style=\"font-size: 12pt; font-family: 'Times New Roman', serif;\">\u0130SL\u00c2M \u00dcLKELER\u0130 KEND\u0130 SORUNLARINI KEND\u0130LER\u0130 \u00c7\u00d6ZMEL\u0130D\u0130R<\/span><\/li>\n<li style=\"list-style-type: lower-alpha;\"><span style=\"font-size: 12pt; font-family: 'Times New Roman', serif;\">\u0130SL\u00c2M \u00dcLKELER\u0130 B\u0130RL\u0130\u011e\u0130 S\u00dcREC\u0130NDE ASSAM TASAVVURU<\/span><\/li>\n<li style=\"list-style-type: lower-alpha;\"><span style=\"font-size: 12pt; font-family: 'Times New Roman', serif;\">\u0130SL\u00c2M B\u0130RL\u0130\u011e\u0130N\u0130N \u0130LK ADIMI NE OLMALIDIR?<\/span><\/li>\n<\/ol>\n<ol style=\"margin-top: 0cm;\" start=\"7\">\n<li style=\"margin-bottom: 0.0001pt; text-align: left; line-height: normal;\"><strong><span style=\"font-size: 12pt; font-family: 'Times New Roman', serif;\">\u0130SL\u00c2M B\u0130RL\u0130\u011e\u0130 \u0130\u00c7\u0130N B\u0130R HAL TARZININ TESP\u0130T\u0130NDE ASSAM YOL HAR\u0130TASI<\/span><\/strong><\/li>\n<\/ol>\n<p style=\"margin-bottom: 0.0001pt; line-height: normal;\">\u00a0<\/p>\n<p style=\"margin-bottom: 0.0001pt; line-height: normal; text-align: justify;\"><span style=\"font-size: 12pt; font-family: 'Times New Roman', serif;\">\u00d6ncelikle ve \u00d6zet olarak <strong>ge\u00e7mi\u015ften bu g\u00fcne \u0130sl\u00e2m devletlerini<\/strong> ve bu devletlerin s\u0131n\u0131rlar\u0131n\u0131n ula\u015ft\u0131\u011f\u0131 co\u011frafyalar hakk\u0131nda k\u0131sa bir hat\u0131rlatma yapmak istiyorum.<\/span><\/p>\n<p style=\"margin-bottom: 0.0001pt; line-height: normal;\">\u00a0<\/p>\n<p style=\"margin-bottom: 0.0001pt; line-height: normal;\"><strong><span style=\"font-size: 12pt; font-family: 'Times New Roman', serif;\">***TAR\u0130HTE KURULMU\u015e \u0130SL\u00c2M DEVLETLER\u0130(Slayt-3)<\/span><\/strong><\/p>\n<p style=\"margin-bottom: 0.0001pt; text-align: center; line-height: normal;\">\u00a0<\/p>\n<ol>\n<li><strong><span style=\"font-size: 12pt; font-family: 'Times New Roman', serif;\">PEYGAMBER\u0130M\u0130Z\u0130N DEVR\u0130-MED\u0130NE <\/span><\/strong><span style=\"font-size: 12pt; font-family: 'Times New Roman', serif;\">(<strong>622 -632-<\/strong>[H00-10])<strong>(Slayt-4)<\/strong><\/span><\/li>\n<\/ol>\n<p style=\"margin: 0cm 0cm 0.0001pt 35.4pt; text-indent: 0.1pt; line-height: normal;\"><strong><span style=\"font-size: 12pt; font-family: 'Times New Roman', serif;\">Kuzeyde Filistin-Hayber-Bahreyn-<\/span><\/strong><\/p>\n<p style=\"margin: 0cm 0cm 0.0001pt 35.4pt; text-indent: 0.1pt; line-height: normal;\"><strong><span style=\"font-size: 12pt; font-family: 'Times New Roman', serif;\">Do\u011fuda Necd; <\/span><\/strong><\/p>\n<p style=\"margin: 0cm 0cm 0.0001pt 35.4pt; text-indent: 0.1pt; line-height: normal;\"><strong><span style=\"font-size: 12pt; font-family: 'Times New Roman', serif;\">G\u00fcneyde Yemen-Aden-Uman \u2013<\/span><\/strong><\/p>\n<p style=\"margin: 0cm 0cm 0.0001pt 35.4pt; text-indent: 0.1pt; line-height: normal;\"><strong><span style=\"font-size: 12pt; font-family: 'Times New Roman', serif;\">Bat\u0131da K\u0131z\u0131l Deniz-<\/span><\/strong><\/p>\n<p style=\"margin-bottom: 0.0001pt; line-height: normal;\">\u00a0<\/p>\n<ol start=\"2\">\n<li><strong><span style=\"font-size: 12pt; font-family: 'Times New Roman', serif;\">D\u00d6RT HAL\u0130FE DEVR\u0130-MED\u0130NE<\/span><\/strong><span style=\"font-size: 12pt; font-family: 'Times New Roman', serif;\"> (<strong>632 &#8211; 661-[<\/strong>H11-40])<strong>(Slayt-4)<\/strong><\/span><\/li>\n<\/ol>\n<p style=\"margin: 0cm 0cm 0.0001pt 35.4pt; text-indent: 0.1pt; line-height: normal; text-align: justify;\"><span style=\"font-size: 12pt; font-family: 'Times New Roman', serif;\">(D\u00f6rt Hal\u00eefe Devri (632-661 \/ H.11-40), \u0130sl\u00e2m\u00ee faz\u00eeletlerin ya\u015fand\u0131\u011f\u0131 <strong>\u201cAlt\u0131n \u00c7a\u011f\u201d<\/strong> olarak kabul edilir. Bu devirde <strong>\u0130sl\u00e2m ordular\u0131 Kuzey Afrika, K\u0131br\u0131s, S\u00fbriye, Anadolu, Ir\u00e2k, \u0130r\u00e2n i\u00e7lerine seferlere \u00e7\u0131kt\u0131lar.<\/strong>)<\/span><\/p>\n<p style=\"margin-bottom: 0.0001pt; line-height: normal;\">\u00a0<\/p>\n<ol start=\"3\">\n<li><strong><span style=\"font-size: 12pt; font-family: 'Times New Roman', serif;\">EMEV\u0130 HAL\u0130FELER\u0130 DEVR\u0130<\/span><\/strong><span style=\"font-size: 12pt; font-family: 'Times New Roman', serif;\"> (<strong>661 &#8211; 1492 <\/strong>-[H40- 898])<strong>(Slayt-5)<\/strong><\/span><\/li>\n<\/ol>\n<p style=\"margin: 0cm 0cm 0.0001pt 35.4pt; text-indent: 0.1pt; line-height: normal; text-align: justify;\"><span style=\"font-size: 12pt; font-family: 'Times New Roman', serif;\">(Emev\u00eeler <strong>\u00c7in, Orta Asya, Hazar \u00fclkesi, Hindistan, b\u00fct\u00fcn Orta Do\u011fu \u00fclkeleri, Kuzey Afrika\u2019dan \u2013\u0130spanya d\u00e2hil<\/strong>&#8211; Avrupa i\u00e7lerine kadar geni\u015f bir co\u011frafyada, aral\u0131klarla sekiz y\u00fczy\u0131l h\u00fck\u00fcm s\u00fcrd\u00fcler.)<\/span><\/p>\n<p style=\"margin-bottom: 0.0001pt; text-indent: 35.4pt; line-height: normal;\"><strong><span style=\"font-size: 12pt; font-family: 'Times New Roman', serif;\">EMEV\u0130LER DEVR\u0130-\u015eAM<\/span><\/strong><span style=\"font-size: 12pt; font-family: 'Times New Roman', serif;\"> (<strong>661 -750 <\/strong>&#8211; [H40-132])<\/span><\/p>\n<p style=\"margin-bottom: 0.0001pt; text-indent: 35.4pt; line-height: normal;\"><strong><span style=\"font-size: 12pt; font-family: 'Times New Roman', serif;\">END\u00dcL\u00dcS EMEV\u0130LER\u0130<\/span><\/strong><span style=\"font-size: 12pt; font-family: 'Times New Roman', serif;\"> DEVR\u0130(<strong>756 -1492<\/strong> [H138-898])<\/span><\/p>\n<p style=\"margin-bottom: 0.0001pt; line-height: normal;\">\u00a0<\/p>\n<ol start=\"4\">\n<li><strong><span style=\"font-size: 12pt; font-family: 'Times New Roman', serif;\">ABBAS\u0130 HAL\u0130FELER\u0130 DEVR\u0130<\/span><\/strong><span style=\"font-size: 12pt; font-family: 'Times New Roman', serif;\"> (<strong>750 &#8211; 1517<\/strong> -[H132\u2013 923])<strong>(Slayt-6)<\/strong><\/span><\/li>\n<\/ol>\n<p style=\"margin: 0cm 0cm 0.0001pt 35.4pt; text-indent: 0.1pt; line-height: normal; text-align: justify;\"><span style=\"font-size: 12pt; font-family: 'Times New Roman', serif;\">Abbas\u00eeler Devrinde, \u0130sl\u00e2m d\u00eeni, <strong>do\u011fuda B\u00fcy\u00fck Okyanus\u2019tan, bat\u0131da Atlas Okyanusu k\u0131y\u0131lar\u0131na, kuzeyde Rusya i\u00e7lerinden, g\u00fcneyde Hind Okyanusu k\u0131y\u0131lar\u0131na kadar yay\u0131l\u0131p, \u00fc\u00e7 k\u0131tada \u0130sl\u00e2m devletleri h\u00e2kim oldu<\/strong><\/span><\/p>\n<ol start=\"A\">\n<ol start=\"A\">\n<li style=\"list-style-type: upper-alpha;\"><strong><span style=\"font-size: 12pt; font-family: 'Times New Roman', serif;\">ABBAS\u00ce HAL\u0130FELER\u0130 DEVR\u0130-BA\u011eDAT(750 &#8211; 1257<\/span><\/strong><span style=\"font-size: 12pt; font-family: 'Times New Roman', serif;\">-[H132-656])<\/span>\n<ol>\n<li style=\"list-style-type: lower-alpha;\"><strong><span style=\"font-size: 10pt; font-family: 'Times New Roman', serif;\">KARAHANLILAR SEMERKANT<\/span><\/strong><span style=\"font-size: 10pt; font-family: 'Times New Roman', serif;\">-\u00d6ZBEK\u0130STAN(840-1212)<\/span><strong><span style=\"font-size: 12pt; font-family: 'Times New Roman', serif;\">(Slayt-7)<\/span><\/strong><\/li>\n<li style=\"list-style-type: lower-alpha;\"><strong><span style=\"font-size: 10pt; font-family: 'Times New Roman', serif;\">GAZNEL\u0130LER-GAZNE<\/span><\/strong><span style=\"font-size: 10pt; font-family: 'Times New Roman', serif;\">-AFGAN\u0130STAN (963-1187)<\/span><strong><span style=\"font-size: 12pt; font-family: 'Times New Roman', serif;\">(Slayt-8)<\/span><\/strong><\/li>\n<li style=\"list-style-type: lower-alpha;\"><strong><span style=\"font-size: 10pt; font-family: 'Times New Roman', serif;\">TOLONO\u011eULLARI<\/span><\/strong><span style=\"font-size: 10pt; font-family: 'Times New Roman', serif;\">-MISIR (868-905)<\/span><strong><span style=\"font-size: 12pt; font-family: 'Times New Roman', serif;\">(Slayt-8)<\/span><\/strong><\/li>\n<li style=\"list-style-type: lower-alpha;\"><strong><span style=\"font-size: 10pt; font-family: 'Times New Roman', serif;\">AK\u015e\u0130TLER-<\/span><\/strong><span style=\"font-size: 10pt; font-family: 'Times New Roman', serif;\">MISIR (935-969)<\/span><strong><span style=\"font-size: 12pt; font-family: 'Times New Roman', serif;\">(Slayt-8)<\/span><\/strong><\/li>\n<li style=\"list-style-type: lower-alpha;\"><strong><span style=\"font-size: 10pt; font-family: 'Times New Roman', serif;\">B\u00dcY\u00dcK SEL\u00c7UKLU DEVLET\u0130<\/span><\/strong><span style=\"font-size: 10pt; font-family: 'Times New Roman', serif;\"> (1040-1157)<\/span><strong><span style=\"font-size: 12pt; font-family: 'Times New Roman', serif;\">(Slayt-9)<\/span><\/strong><\/li>\n<li style=\"list-style-type: lower-alpha;\"><strong><span style=\"font-size: 10pt; font-family: 'Times New Roman', serif;\">IRAK-HORASAN SEL\u00c7UKLULARI<\/span><\/strong><strong><span style=\"font-size: 12pt; font-family: 'Times New Roman', serif;\">(Slayt-9)<\/span><\/strong><\/li>\n<li style=\"list-style-type: lower-alpha;\"><strong><span style=\"font-size: 10pt; font-family: 'Times New Roman', serif;\">SUR\u0130YE SEL\u00c7UKLULARI (1069-<\/span><\/strong><strong><span style=\"font-size: 12pt; font-family: 'Times New Roman', serif;\">(Slayt-9)<\/span><\/strong><\/li>\n<li style=\"list-style-type: lower-alpha;\"><strong><span style=\"font-size: 10pt; font-family: 'Times New Roman', serif;\">K\u0130RMAN SEL\u00c7UKLULARI-\u0130RAN (1157-1187)<\/span><\/strong><strong><span style=\"font-size: 12pt; font-family: 'Times New Roman', serif;\">(Slayt-9)<\/span><\/strong><\/li>\n<li style=\"list-style-type: lower-roman;\"><strong><span style=\"font-size: 10pt; font-family: 'Times New Roman', serif;\">ANADOLU SEL\u00c7UKLULARI (1157-<\/span><\/strong><strong><span style=\"font-size: 12pt; font-family: 'Times New Roman', serif;\">(Slayt-9)<\/span><\/strong><\/li>\n<li style=\"list-style-type: lower-alpha;\"><strong><span style=\"font-size: 10pt; font-family: 'Times New Roman', serif;\">HARZEM\u015eAHLAR-HARZEM (1097-1231)<\/span><\/strong><strong><span style=\"font-size: 12pt; font-family: 'Times New Roman', serif;\">(Slayt-10)<\/span><\/strong><\/li>\n<li style=\"list-style-type: lower-alpha;\"><strong><span style=\"font-size: 10pt; font-family: 'Times New Roman', serif;\">EYY\u00dcB\u00ce DEVLET\u0130 (1174-1250)<\/span><\/strong><strong><span style=\"font-size: 12pt; font-family: 'Times New Roman', serif;\">(Slayt-11)<\/span><\/strong><\/li>\n<li style=\"list-style-type: lower-alpha;\"><strong><span style=\"font-size: 10pt; font-family: 'Times New Roman', serif;\">OSMANLI DEVLET\u0130 (1299-1922)<\/span><\/strong><\/li>\n<li style=\"list-style-type: upper-alpha;\"><strong><span style=\"font-size: 12pt; font-family: 'Times New Roman', serif;\">MEML\u00dcKL\u00dcLER DEVR\u0130-MISIR<\/span><\/strong><span style=\"font-size: 12pt; font-family: 'Times New Roman', serif;\"> (<strong>1257 1517<\/strong> &#8211; [H656-923])<strong>(Slayt-12)<\/strong><\/span><\/li>\n<\/ol>\n<ol start=\"5\">\n<li><strong><span style=\"font-size: 12pt; font-family: 'Times New Roman', serif;\">OSMANLI HAL\u0130FELER\u0130 DEVR\u0130<\/span><\/strong><span style=\"font-size: 12pt; font-family: 'Times New Roman', serif;\"> (<strong>1517<\/strong>&#8211; <strong>1924<\/strong> \u2013 [H923 &#8211;<strong>1342<\/strong>]) <strong>(Slayt-13)<\/strong><\/span><\/li>\n<\/ol>\n<\/li>\n<\/ol>\n<\/ol>\n<p style=\"margin: 0cm 0cm 0.0001pt 35.4pt; line-height: normal;\"><strong><span style=\"font-size: 12pt; font-family: 'Times New Roman', serif;\">Osmanl\u0131 Devletinin h\u00e2kimiyeti<\/span><\/strong><\/p>\n<p style=\"margin: 0cm 0cm 0.0001pt 35.4pt; line-height: normal;\"><strong><span style=\"font-size: 12pt; font-family: 'Times New Roman', serif;\">Avrupa\u2019da Viyana\u2019ya kadar olan yerlerde, <\/span><\/strong><\/p>\n<p style=\"margin: 0cm 0cm 0.0001pt 35.4pt; line-height: normal;\"><strong><span style=\"font-size: 12pt; font-family: 'Times New Roman', serif;\">Asya\u2019da K\u0131r\u0131m, Kafkasya, b\u00fct\u00fcn Orta Do\u011fu \u00fclkeleri, <\/span><\/strong><\/p>\n<p style=\"margin: 0cm 0cm 0.0001pt 35.4pt; line-height: normal;\"><strong><span style=\"font-size: 12pt; font-family: 'Times New Roman', serif;\">Afrika\u2019da Kuzey Afrika, <\/span><\/strong><\/p>\n<p style=\"margin: 0cm 0cm 0.0001pt 35.4pt; line-height: normal; text-align: justify;\"><strong><span style=\"font-size: 12pt; font-family: 'Times New Roman', serif;\">Denizlerde Hint ve Atlas Okyanuslar\u0131 ile Karadeniz, Marmara, Ege, Akdeniz, Adriyatik, Umman denizlerinde s\u00fcrd\u00fc.<\/span><\/strong><\/p>\n<p style=\"margin-bottom: 0.0001pt; line-height: normal;\">\u00a0<\/p>\n<p style=\"margin-bottom: 0.0001pt; line-height: normal;\"><strong><span style=\"font-size: 12pt; font-family: 'Times New Roman', serif;\">\u0130sl\u00e2m Devletlerinin Zaman\u0131m\u0131zdaki S\u0131n\u0131rlar\u0131: (Slayt-14)<\/span><\/strong><\/p>\n<p style=\"margin: 0cm 0cm 0.0001pt 35.4pt; line-height: normal;\"><strong><span style=\"font-size: 10pt; font-family: 'Times New Roman', serif;\">AVRUPA\u2019DA: 28 DEVLET<\/span><\/strong><\/p>\n<p style=\"margin: 0cm 0cm 0.0001pt 35.4pt; line-height: normal;\"><strong><span style=\"font-size: 10pt; font-family: 'Times New Roman', serif;\">AFR\u0130KA\u2019DA: 22 DEVLET<\/span><\/strong><\/p>\n<p style=\"margin: 0cm 0cm 0.0001pt 35.4pt; line-height: normal;\"><strong><span style=\"font-size: 10pt; font-family: 'Times New Roman', serif;\">ASYA\u2019DA: 14 DEVLET<\/span><\/strong><\/p>\n<p style=\"margin: 0cm 0cm 0.0001pt 35.4pt; line-height: normal;\"><strong><span style=\"font-size: 10pt; font-family: 'Times New Roman', serif;\">TOPLAM: 64<\/span><\/strong><\/p>\n<p style=\"margin: 0cm 0cm 0.0001pt 35.4pt; line-height: normal;\"><strong><span style=\"font-size: 10pt; font-family: 'Times New Roman', serif;\">H\u0130LAFETE BA\u011eLI DEVLET: 8<\/span><\/strong><\/p>\n<p style=\"margin-bottom: 0.0001pt; line-height: normal; text-align: justify;\"><strong><span style=\"font-size: 12pt; font-family: 'Times New Roman', serif;\">Osmanl\u0131 \u0130mparatorlu\u011funun da\u011f\u0131lmas\u0131ndan sonra, s\u0131n\u0131rlar\u0131 kendi iradeleri d\u0131\u015f\u0131nda \u00e7izilen hilafete ba\u011fl\u0131 8 devlette dikkate al\u0131nd\u0131\u011f\u0131nda, 72 ayr\u0131 devlet kurulmu\u015ftur. Aradan ge\u00e7en 100 y\u0131l sonra etnik ve mezhepsel ayr\u0131l\u0131klar tahrik edilerek her devletin en az \u00fc\u00e7 ayr\u0131 devlete b\u00f6l\u00fcnmesi i\u00e7in \u0130sl\u00e2m D\u00fcnyas\u0131 k\u00fcresel g\u00fc\u00e7lerin hedefinde bulunmaktad\u0131r<\/span><\/strong><span style=\"font-size: 12pt; font-family: 'Times New Roman', serif;\">.<\/span><\/p>\n<p style=\"margin-bottom: 0.0001pt; line-height: normal;\">\u00a0<\/p>\n<p style=\"margin-bottom: 0.0001pt; line-height: normal;\"><strong><span style=\"font-size: 12pt; font-family: 'Times New Roman', serif;\">***\u0130SL\u00c2M CO\u011eRAFYASININ <\/span><\/strong><i><span style=\"font-size: 12pt; font-family: 'Times New Roman', serif;\">(AFRASYA\/ASR\u0130KA) <\/span><\/i><strong><span style=\"font-size: 12pt; font-family: 'Times New Roman', serif;\">JEOPOL\u0130T\u0130K DE\u011eER\u0130<\/span><\/strong><\/p>\n<p style=\"margin-bottom: 0.0001pt; line-height: normal;\"><strong><span style=\"font-size: 12pt; font-family: 'Times New Roman', serif;\">(Slayt-15,16) <\/span><\/strong><\/p>\n<p style=\"text-align: justify;\"><span style=\"font-size: 12pt; font-family: 'Times New Roman', serif;\">Birle\u015fmi\u015f Milletler Te\u015fkil\u00e2t\u0131na \u00fcye 193 Devlet\u2019in 60\u2019\u0131n\u0131<strong><i>(\u00dcye Say\u0131s\u0131n\u0131n %31\u2019i)<\/i><\/strong>halk\u0131 M\u00fcsl\u00fcman \u00dclkeler te\u015fkil etmektedir.<\/span><strong><span style=\"font-size: 12pt; font-family: 'Times New Roman', serif;\">(Slayt-16)<\/span><\/strong><\/p>\n<p style=\"text-align: justify;\"><span style=\"font-size: 12pt; font-family: 'Times New Roman', serif;\">7,145 milyarl\u0131k D\u00fcnya N\u00fcfusunun 1,6 Milyar\u2019\u0131n\u0131 (<strong><i>D\u00fcnya N\u00fcfusunun %22,5\u2019u<\/i><\/strong><i>)<\/i> M\u00fcsl\u00fcman Devletlerin insanlar\u0131, 150 milyon Km<sup>2<\/sup> olan d\u00fcnya karalar\u0131n\u0131n 19 milyon Km<sup>2<\/sup>\u2019sini <i>(<strong>D\u00fcnya Karalar\u0131n\u0131n %12,8\u2019i<\/strong>)<\/i> de 60 \u0130sl\u00e2m \u00dclkesinin topraklar\u0131 te\u015fkil etmektedir. <\/span><\/p>\n<p style=\"text-align: justify;\"><span style=\"font-size: 12pt; font-family: 'Times New Roman', serif;\">60 \u0130sl\u00e2m \u00dclkesinin 28\u2019i Asya K\u0131ta\u2019s\u0131nda, 28\u2019i Afrika k\u0131tas\u0131nda, 4\u2019\u00fc de Avrupa K\u0131ta\u2019s\u0131ndad\u0131r. \u0130sl\u00e2m D\u00fcnyas\u0131n\u0131n dayand\u0131\u011f\u0131 co\u011frafyay\u0131 \u0130sl\u00e2m \u00dclkelerinin a\u011f\u0131rl\u0131kl\u0131 olarak bulunduklar\u0131 Afrika ve Asya K\u0131ta\u2019lar\u0131n\u0131 dikkate alarak,<strong> AFRASYA veya ASR\u0130KA <\/strong>olarak vas\u0131fland\u0131r\u0131larak bu co\u011frafyan\u0131n insanlara verdi\u011fi \u00f6zelliklere i\u015faret etmek ve Jeopolitik bir kavram olu\u015fturmak ASSAM \u00e7al\u0131\u015fmalar\u0131n\u0131n kapsam\u0131 i\u00e7inde bulunmaktad\u0131r.<\/span><\/p>\n<p>\u00a0<\/p>\n<p><span style=\"font-size: 12pt; font-family: 'Times New Roman', serif;\">\u0130sl\u00e2m Co\u011frafyas\u0131; kendi aralar\u0131ndaki s\u0131n\u0131rlar yok say\u0131ld\u0131\u011f\u0131nda olu\u015fturduklar\u0131 <strong><i>ASR\u0130KA\/AFRASYA <\/i><\/strong>blok ile; <\/span><strong><span style=\"font-size: 12pt; font-family: 'Times New Roman', serif;\">(Slayt-17)<\/span><\/strong><\/p>\n<ol start=\"A\">\n<ol start=\"A\">\n<ul>\n<li><strong><span style=\"font-size: 12pt; font-family: 'Times New Roman', serif;\">D\u00fcnya adas\u0131 olarak bilinen Asya, Avrupa ve Afrika K\u0131talar\u0131n\u0131n merkezinde bulunan<\/span><\/strong><span style=\"font-size: 12pt; font-family: 'Times New Roman', serif;\">; <\/span><\/li>\n<li><strong><span style=\"font-size: 12pt; font-family: 'Times New Roman', serif;\">D\u00fcnyan\u0131n en b\u00fcy\u00fck i\u00e7 denizi konumundaki <\/span><\/strong>\n<ul>\n<li><strong><span style=\"font-size: 12pt; font-family: 'Times New Roman', serif;\">Akdeniz, <\/span><\/strong><\/li>\n<li><strong><span style=\"font-size: 12pt; font-family: 'Times New Roman', serif;\">K\u0131z\u0131l Deniz ve <\/span><\/strong><\/li>\n<li><strong><span style=\"font-size: 12pt; font-family: 'Times New Roman', serif;\">Karadeniz\u2019in giri\u015f kap\u0131lar\u0131 say\u0131lan <\/span><\/strong><\/li>\n<li><strong><span style=\"font-size: 12pt; font-family: 'Times New Roman', serif;\">Cebeli Tar\u0131k, <\/span><\/strong><\/li>\n<li><strong><span style=\"font-size: 12pt; font-family: 'Times New Roman', serif;\">Bab-El Mendeb, <\/span><\/strong><\/li>\n<li><strong><span style=\"font-size: 12pt; font-family: 'Times New Roman', serif;\">\u00c7anakkale ve \u0130stanbul bo\u011fazlar\u0131 ve <\/span><\/strong><\/li>\n<li><strong><span style=\"font-size: 12pt; font-family: 'Times New Roman', serif;\">S\u00fcvey\u015f Kanal\u0131n\u0131 kontrol eden<\/span><\/strong><span style=\"font-size: 12pt; font-family: 'Times New Roman', serif;\">; <\/span><strong><span style=\"font-size: 12pt; font-family: 'Times New Roman', serif;\">(Slayt-18)<\/span><\/strong><\/li>\n<li><strong><span style=\"font-size: 12pt; font-family: 'Times New Roman', serif;\">Atlas Okyanusu, Hint Okyanusu, Akdeniz, Karadeniz ve Hazar Denizine k\u0131y\u0131lar\u0131 olan<\/span><\/strong><span style=\"font-size: 12pt; font-family: 'Times New Roman', serif;\">; <\/span><\/li>\n<li style=\"text-align: justify;\"><strong><span style=\"font-size: 12pt; font-family: 'Times New Roman', serif;\">Asya, Avrupa ve Afrika K\u0131talar\u0131na, Avrupa Birli\u011fi, Rusya, Hindistan \u00c7in gibi s\u00fcper g\u00fc\u00e7 say\u0131lan D\u00fcnyan\u0131n b\u00fcy\u00fck devletlerine kara ve denizden, Amerika Birle\u015fik Devletlerine denizden s\u0131n\u0131r kom\u015fusu olan; <\/span><\/strong><\/li>\n<li style=\"text-align: justify;\"><strong><span style=\"font-size: 12pt; font-family: 'Times New Roman', serif;\">D\u00fcnya kara, hava ve deniz ula\u015f\u0131m yollar\u0131n\u0131n alternatifsiz merkezi olma imk\u00e2n\u0131na sahip bulunan; <\/span><\/strong><strong><span style=\"font-size: 12pt; font-family: 'Times New Roman', serif;\">(Slayt-19)<\/span><\/strong><\/li>\n<li style=\"text-align: justify;\"><strong><span style=\"font-size: 12pt; font-family: 'Times New Roman', serif;\">D\u00fcnya petrol rezervlerinin % 55,5\u2019ine, \u00fcretiminin % 45,6\u2019s\u0131na, do\u011falgaz rezervlerinin % 64,1\u2019ine, \u00fcretiminin % 33\u2019\u00fcne<a id=\"ftnref1\" style=\"vertical-align: super;\" href=\"#ftn1\" name=\"_ftnref1\"><strong>[1]<\/strong><\/a>, sahip olan<\/span><\/strong><span style=\"font-size: 12pt; font-family: 'Times New Roman', serif;\">; <\/span><\/li>\n<li style=\"text-align: justify;\"><strong><span style=\"font-size: 12pt; font-family: 'Times New Roman', serif;\">Jeopolitik konumu, ortak medeniyet de\u011ferleri ve tarihi birikimi ile imk\u00e2n, gayret ve hedeflerini birle\u015ftirerek AFRASYA\/ASR\u0130KA Co\u011frafyas\u0131nda gelece\u011fin s\u00fcper g\u00fcc\u00fc olmaya namzet potansiyel bir g\u00fcce sahiptir.<\/span><\/strong><\/li>\n<\/ul>\n<\/li>\n<\/ul>\n<\/ol>\n<\/ol>\n<p>\u00a0<\/p>\n<p><span style=\"font-size: 12pt; font-family: 'Times New Roman', serif;\">\u0130sl\u00e2m D\u00fcnyas\u0131n\u0131 olu\u015fturan <strong>devletlerin ger\u00e7ek potansiyeline ra\u011fmen<\/strong>; <\/span><strong><span style=\"font-size: 12pt; font-family: 'Times New Roman', serif;\">(Slayt-20)<\/span><\/strong><\/p>\n<ol start=\"A\">\n<ol start=\"A\">\n<ul>\n<li><strong><span style=\"font-size: 12pt; font-family: 'Times New Roman', serif;\">Bug\u00fcn topraklar\u0131na en \u00e7ok m\u00fcdahale edilen, <\/span><\/strong><\/li>\n<li><strong><span style=\"font-size: 12pt; font-family: 'Times New Roman', serif;\">Birle\u015fmi\u015f Milletleri en fazla me\u015fgul eden, <\/span><\/strong><\/li>\n<li><strong><span style=\"font-size: 12pt; font-family: 'Times New Roman', serif;\">Ter\u00f6r ve anar\u015finin topraklar\u0131nda eksik olmad\u0131\u011f\u0131, <\/span><\/strong><\/li>\n<li><strong><span style=\"font-size: 12pt; font-family: 'Times New Roman', serif;\">Kaynaklar\u0131 yabanc\u0131 g\u00fc\u00e7ler taraf\u0131ndan y\u00f6netilen, <\/span><\/strong><\/li>\n<li><strong><span style=\"font-size: 12pt; font-family: 'Times New Roman', serif;\">\u0130nsan hak ve \u00f6zg\u00fcrl\u00fcklerinin ihlal edildi\u011fi, <\/span><\/strong><\/li>\n<li><strong><span style=\"font-size: 12pt; font-family: 'Times New Roman', serif;\">Gelir da\u011f\u0131l\u0131m\u0131n\u0131n bozuk oldu\u011fu, <\/span><\/strong><\/li>\n<li><strong><span style=\"font-size: 12pt; font-family: 'Times New Roman', serif;\">Siyasi, sosyal ve ekonomik istikrars\u0131zl\u0131klar\u0131n h\u00e2kim oldu\u011fu, <\/span><\/strong><\/li>\n<li><strong><span style=\"font-size: 12pt; font-family: 'Times New Roman', serif;\">\u0130\u00e7 meselelerini \u00e7\u00f6zmek i\u00e7in d\u0131\u015f g\u00fc\u00e7 merkezlerinin yard\u0131m ve deste\u011fini talep eden ve muhta\u00e7 olan,<\/span><\/strong><\/li>\n<\/ul>\n<\/ol>\n<\/ol>\n<p><strong><span style=\"font-size: 12pt; font-family: 'Times New Roman', serif;\">\u00dclkeler konumunda bulunmaktad\u0131r.<\/span><\/strong><\/p>\n<p style=\"margin-bottom: 0.0001pt; line-height: normal;\">\u00a0<\/p>\n<p style=\"margin-bottom: 0.0001pt; line-height: normal;\"><strong><span style=\"font-size: 12pt; font-family: 'Times New Roman', serif;\">***\u0130SLAM D\u00dcNYASININ \u0130\u00c7\u0130NDE BULUNDU\u011eU DURUM<\/span><\/strong><strong><span style=\"font-size: 10pt; font-family: 'Times New Roman', serif;\">:<\/span><\/strong><strong><span style=\"font-size: 12pt; font-family: 'Times New Roman', serif;\">(Slayt-21)<\/span><\/strong><\/p>\n<p>\u00a0<\/p>\n<p><strong><span style=\"font-size: 12pt; font-family: 'Times New Roman', serif;\">De\u011ferli Konuklar\u0131m\u0131z,<\/span><\/strong><strong><span style=\"font-size: 12pt; font-family: 'Times New Roman', serif;\">(Slayt-22)<\/span><\/strong><\/p>\n<p style=\"text-align: justify;\"><strong><span style=\"font-size: 12pt; font-family: 'Times New Roman', serif;\">Ge\u00e7en y\u00fczy\u0131l\u0131n ba\u015f\u0131nda<\/span><\/strong><span style=\"font-size: 12pt; font-family: 'Times New Roman', serif;\"> imparatorluklar da\u011f\u0131ld\u0131. \u0130mparatorluklar\u0131n b\u00fcnyesinde bulunan milletler Birinci D\u00fcnya Sava\u015f\u0131n\u0131n galipleri taraf\u0131ndan g\u00fcd\u00fcml\u00fc devlet\u00e7ikler halinde te\u015fkilatland\u0131r\u0131ld\u0131. Ba\u011f\u0131ml\u0131 devletler, \u00f6zg\u00fcr olduklar\u0131n\u0131 zannettikleri halde, totaliter rejimlere mahk\u00fbm edildi. Diktat\u00f6rler, vasi devletler taraf\u0131ndan korundu ve desteklendi.<\/span><\/p>\n<p style=\"text-align: justify;\"><span style=\"font-size: 12pt; font-family: 'Times New Roman', serif;\">\u0130ki d\u00fcnya harbi aras\u0131nda, bat\u0131n\u0131n geli\u015fmi\u015f devletleri daha ziyade fa\u015fist diktalarla, Sovyetler ve ba\u011fl\u0131lar\u0131 da kom\u00fcnist diktalarla idare edildi.<\/span><\/p>\n<p>\u00a0<\/p>\n<p style=\"text-align: justify;\"><strong><span style=\"font-size: 12pt; font-family: 'Times New Roman', serif;\">\u0130kinci D\u00fcnya sava\u015f\u0131ndan sonra<\/span><\/strong><span style=\"font-size: 12pt; font-family: 'Times New Roman', serif;\">, <\/span><strong><span style=\"font-size: 12pt; font-family: 'Times New Roman', serif;\">(Slayt-23, 24) <\/span><\/strong><span style=\"font-size: 12pt; font-family: 'Times New Roman', serif;\">Milletler Cemiyeti <i>(10 Ocak 1920: 18 Nisan 1946);<\/i>\u00a0 Sava\u015f\u0131n galipleri taraf\u0131ndan revize edilerek yeniden te\u015fkilatland\u0131r\u0131ld\u0131 ve 24 Ekim 1945 tarihinde <strong>Birle\u015fmi\u015f Milletler (BM) kuruldu<\/strong>. Amac\u0131 <i>\u201c<strong>adalet ve g\u00fcvenli\u011fi, ekonomik kalk\u0131nma ve sosyal e\u015fitli\u011fi uluslararas\u0131nda t\u00fcm \u00fclkelere sa\u011flamak\u201d <\/strong><\/i>olarak g\u00f6sterilmesine ra\u011fmen, <\/span><strong><span style=\"font-size: 12pt; font-family: 'Times New Roman', serif;\">(Slayt-25) <\/span><\/strong><span style=\"font-size: 12pt; font-family: 'Times New Roman', serif;\">2. D\u00fcnya Harbinin galibi ve <strong>BM G\u00fcvenlik Konseyinin Daim\u00ee \u00fcyelerinin<\/strong> (<strong>ABD, \u0130ngiltere, Fransa, Rusya, \u00c7in<\/strong>) D\u00fcnyadaki ve \u00f6zellikle \u0130slam Co\u011frafyas\u0131ndaki <strong>\u00e7\u0131karlar\u0131n\u0131 korumak i\u00e7in kurulmu\u015f bir te\u015fkilat olarak i\u015flev g\u00f6rm\u00fc\u015ft\u00fcr.<\/strong><\/span><\/p>\n<p style=\"text-align: justify;\"><strong><span style=\"font-size: 12pt; font-family: 'Times New Roman', serif;\">(Slayt-26) Cumhurba\u015fkan\u0131m\u0131z bu \u00e7arp\u0131k ve g\u00fcc\u00fcn adaletini temsil eden yap\u0131lanmaya \u201cD\u00dcNYA BE\u015eTEN B\u00dcY\u00dcKT\u00dcR\u201d s\u00f6ylemiyle tepki g\u00f6stererek, \u0130sl\u00e2m D\u00fcnyas\u0131n\u0131n hak ve hukukunun savunulaca\u011f\u0131 yeni bir sisteme ihtiyac\u0131 belirtmi\u015f ve belirmeye devam etmektedir.<\/span><\/strong><\/p>\n<p>\u00a0<\/p>\n<p style=\"text-align: justify;\"><strong><span style=\"font-size: 12pt; font-family: 'Times New Roman', serif;\">\u0130kinci D\u00fcnya Sava\u015f\u0131 sonras\u0131nda<\/span><\/strong><span style=\"font-size: 12pt; font-family: 'Times New Roman', serif;\">, <\/span><strong><span style=\"font-size: 12pt; font-family: 'Times New Roman', serif;\">(Slayt-27) <\/span><\/strong><span style=\"font-size: 12pt; font-family: 'Times New Roman', serif;\">bat\u0131l\u0131 devletlerde,\u00a0 ABD ve \u0130ngiltere \u00f6rnek al\u0131narak, demokratik sistemler yerle\u015firken, Rusya ve ba\u011f\u0131ml\u0131lar\u0131nda Kom\u00fcnizm y\u00f6netim sistemi olarak benimsendi.<\/span><\/p>\n<p style=\"text-align: justify;\"><span style=\"font-size: 12pt; font-family: 'Times New Roman', serif;\">Bat\u0131, kom\u00fcnizme kar\u015f\u0131 Amerika\u2019n\u0131n \u00f6nderli\u011finde NATO blo\u011funu, Rusya\u2019n\u0131n liderli\u011findeki Sovyetler Birli\u011fi de, azg\u0131n kapitalizme kar\u015f\u0131 VAR\u015eOVA Pakt\u0131n\u0131 olu\u015fturdu.<\/span><\/p>\n<p style=\"text-align: justify;\"><span style=\"font-size: 12pt; font-family: 'Times New Roman', serif;\">Ge\u00e7en y\u00fcz y\u0131l, Silahl\u0131 G\u00fc\u00e7 \u00f6ne \u00e7\u0131kar\u0131larak, geli\u015ftirilerek ve te\u015fvik edilerek, iki s\u00fcper g\u00fcc\u00fcn ve temsil ettikleri ideolojilerin \u00e7at\u0131\u015ft\u0131r\u0131lmas\u0131 sonucunda, tam ba\u011f\u0131ms\u0131zl\u0131klar\u0131n\u0131 kazanamam\u0131\u015f \u00fclkelerin s\u00f6m\u00fcr\u00fclmesi ile ge\u00e7ti.<\/span><\/p>\n<p style=\"text-align: justify;\"><span style=\"font-size: 12pt; font-family: 'Times New Roman', serif;\">\u0130kinci D\u00fcnya Sava\u015f\u0131ndan sonra, <strong>27. Ha\u00e7l\u0131 Seferinin ileri karakolu olarak Filistin\u2019e yerle\u015ftirilen \u0130srail, han\u00e7er gibi girdi\u011fi \u0130slam Co\u011frafyas\u0131n\u0131n kalbi mesabesindeki co\u011frafyada<\/strong>, H\u0131ristiyan D\u00fcnyas\u0131n\u0131n g\u00f6z\u00fc, kula\u011f\u0131 ve yumru\u011fu gibi desteklenirken ve BM d\u00e2hil Bat\u0131n\u0131n Kontrol\u00fcndeki b\u00fct\u00fcn kurulu\u015flar taraf\u0131ndan himaye edilirken, yo\u011fun psikolojik harek\u00e2tla, D\u00fcnyan\u0131n y\u00f6netimi Siyonizm\u2019in kontrol\u00fcndeymi\u015f gibi g\u00f6sterilerek ve \u0130slam D\u00fcnyas\u0131na g\u00f6zda\u011f\u0131 verilerek, Bu k\u00fc\u00e7\u00fck Devletin Bat\u0131n\u0131n ma\u015fas\u0131 oldu\u011fu unutturulmak istenmi\u015ftir.<\/span><\/p>\n<p>\u00a0<\/p>\n<p><span style=\"font-size: 12pt; font-family: 'Times New Roman', serif;\">Y\u00fczy\u0131l\u0131n sonunda, Afganistan\u2019\u0131 i\u015fgali alt\u0131nda tutmaya \u00e7al\u0131\u015fan Sovyetler Birli\u011fi da\u011f\u0131lm\u0131\u015f ve sosyalist ideoloji \u00e7\u00f6km\u00fc\u015ft\u00fcr.<\/span><\/p>\n<p>\u00a0<\/p>\n<p style=\"text-align: justify;\"><strong><span style=\"font-size: 12pt; font-family: 'Times New Roman', serif;\">Bu y\u00fczy\u0131l\u0131n ba\u015f\u0131nda<\/span><\/strong><span style=\"font-size: 12pt; font-family: 'Times New Roman', serif;\">, rakipsiz kalan ABD ve NATO, d\u00fcnya jandarmal\u0131\u011f\u0131n\u0131 \u00fcslenmi\u015f, \u00f6zg\u00fcrl\u00fck getirmek bahanesiyle <strong>\u201cMedeniyetler \u00c7at\u0131\u015fmas\u0131\u201d<\/strong> misyonu ile Afganistan\u2019\u0131 ve Irak\u2019\u0131 i\u015fgal etmi\u015f, fiili i\u015fgaller pahal\u0131ya mal oldu\u011fundan, <strong>\u201cB\u00fcy\u00fck Ortado\u011fu Projesi\u201d<\/strong> ad\u0131 alt\u0131nda yeni bir senaryoyu d\u00fcnyaya deklare ederek, <strong>Tunus, M\u0131s\u0131r, Libya, Yemen, Somali, Irak ve Suriye\u2019den<\/strong> ba\u015flamak \u00fczere <strong>\u0130slam d\u00fcnyas\u0131n\u0131 sosyal, siyasi ve ekonomik \u00e7alkant\u0131lara ve istikrars\u0131zl\u0131\u011fa sevk etmi\u015ftir.<\/strong> Toparlanan <strong>Rusya ve<\/strong> ekonomisini g\u00fc\u00e7lendiren <strong>\u00c7in de<\/strong>, \u0130slam D\u00fcnyas\u0131 \u00fczerinde kendilerine b\u0131rak\u0131lan egemenlik sahalar\u0131nda daha aktif rol alarak, <strong>perde arkas\u0131nda Bat\u0131 ile ittifak halinde, \u0130slam \u00dclkelerinin ak\u0131tt\u0131\u011f\u0131 kan ve g\u00f6zya\u015f\u0131ndan kendilerine siyasi ve ekonomik \u00e7\u0131kar sa\u011flama yolunu tutmu\u015flard\u0131r.<\/strong><\/span><\/p>\n<p style=\"margin-bottom: 0.0001pt; line-height: normal;\">\u00a0<\/p>\n<p style=\"text-align: justify;\"><span style=\"font-size: 12pt; font-family: 'Times New Roman', serif;\">Egemen olmas\u0131 gerekti\u011fi Co\u011frafyas\u0131nda \u0130sl\u00e2m D\u00fcnyas\u0131, her bir \u0130slam \u00dclkesinin \u00fcniter yap\u0131lar\u0131n\u0131n i\u00e7indeki etnik ve mezhepsel farkl\u0131l\u0131\u011fa sahip unsurlar\u0131n\u0131n <strong>bir birleri ile sava\u015ft\u0131r\u0131ld\u0131\u011f\u0131, ilan edilmemi\u015f, gizli, sinsi, kirli ve asimetrik \u00dc\u00e7\u00fcnc\u00fc D\u00fcnya Sava\u015f\u0131n\u0131n alan\u0131 haline<\/strong> getirilmi\u015ftir. T\u00fcrkiye\u2019yi ve \u0130sl\u00e2m Co\u011frafyas\u0131n\u0131 kan ve g\u00f6zya\u015f\u0131na bo\u011fan ve harabe haline getiren;<\/span><\/p>\n<p style=\"text-align: justify;\"><strong><span style=\"font-size: 12pt; font-family: 'Times New Roman', serif;\">Afganistan\u2019da<\/span><\/strong><span style=\"font-size: 12pt; font-family: 'Times New Roman', serif;\">,<\/span><strong><span style=\"font-size: 12pt; font-family: 'Times New Roman', serif;\">(Slayt-28) <\/span><\/strong><span style=\"font-size: 12pt; font-family: 'Times New Roman', serif;\">EL KA\u0130DE; <strong>Irak\u2019ta<\/strong> HA\u015eD\u0130 \u015eAB\u0130; <strong>Sudan\u2019da<\/strong> BOKO HARAM, <strong>T\u00fcrkiye\u2019de <\/strong>DEVR\u0130MC\u0130 HALK KURTULU\u015e CEPHES\u0130 (DHKP-C), T\u00dcRK\u0130YE KOM\u00dcN\u0130ST PART\u0130S\u0130\/MARKS\u0130ST LEN\u0130N\u0130ST (TKP\/ML), PKK, PYD, FET\u00d6\/PDY; <strong>Suriye\u2019de<\/strong> EL NUSRA CEPHES\u0130, DEA\u015e, PYD, HT\u015e, <strong>L\u00fcbnan\u2019da<\/strong> H\u0130ZBULLAH silahl\u0131 ter\u00f6r \u00f6rg\u00fctleri k\u00fcresel g\u00fc\u00e7lerin kontrol ve deste\u011finde faaliyet g\u00f6stermektedirler.<\/span><\/p>\n<p style=\"margin-bottom: 0.0001pt; line-height: normal;\">\u00a0<\/p>\n<p style=\"margin-bottom: 0.0001pt; line-height: normal; text-align: justify;\"><strong><span style=\"font-size: 12pt; font-family: 'Times New Roman', serif;\">Sahip oldu\u011fu avantajlara ra\u011fmen \u0130slam \u00fclkeleri<\/span><\/strong><span style=\"font-size: 12pt; font-family: 'Times New Roman', serif;\">, <strong>(Slayt-29) <\/strong>emperyalist bat\u0131 devletlerinin m\u00fcdahaleleri ile b\u00fcy\u00fck bir karga\u015fa i\u00e7ine d\u00fc\u015fm\u00fc\u015ft\u00fcr. Bu karga\u015fan\u0131n sonucu olarak \u0130slam co\u011frafyas\u0131nda b\u00fcy\u00fck ac\u0131lar ve y\u0131k\u0131mlar ya\u015fanmaktad\u0131r. <\/span><\/p>\n<p style=\"margin-bottom: 0.0001pt; line-height: normal;\">\u00a0<\/p>\n<p style=\"margin-bottom: 0.0001pt; line-height: normal; text-align: justify;\"><span style=\"font-size: 12pt; font-family: 'Times New Roman', serif;\">Milyonlarca M\u00fcsl\u00fcman evlerini, yurtlar\u0131n\u0131 terk etmek veya \u00f6lmek aras\u0131nda tercih yapmak zorunda b\u0131rak\u0131lmaktad\u0131r. <strong>(Slayt-30)<\/strong><\/span><\/p>\n<p style=\"margin-bottom: 0.0001pt; text-align: center; line-height: normal;\">\u00a0<\/p>\n<p style=\"margin-bottom: 0.0001pt; line-height: normal; text-align: justify;\"><span style=\"font-size: 12pt; font-family: 'Times New Roman', serif;\">G\u00f6\u00e7 yollar\u0131nda binlerce M\u00fcsl\u00fcman \u00e7e\u015fitli \u015fekillerde \u00f6lmekte, g\u00f6\u00e7 etmeyi ba\u015faranlar ise yoksulluk ve sefalet i\u00e7inde ya\u015famaya mahk\u00fbm b\u0131rak\u0131lmaktad\u0131r. <\/span><\/p>\n<p style=\"margin-bottom: 0.0001pt; line-height: normal; text-align: justify;\"><strong><span style=\"font-size: 14pt; font-family: 'Times New Roman', serif;\">(Slayt-31)<\/span><\/strong><span style=\"font-size: 12pt; font-family: 'Times New Roman', serif;\">Her g\u00fcn yeni bir katliam ya\u015fanmaktad\u0131r. \u00dclkelere \u00f6ld\u00fcrerek giriyorlar. Girdikten sonra ortal\u0131\u011f\u0131 \u00f6yle kar\u0131\u015ft\u0131r\u0131yorlar ki kan durmuyor. 2003 y\u0131l\u0131ndan beri Irak\u2019ta <strong>650.000<\/strong> sivil katledilmi\u015f. Afganistan\u2019da her y\u0131l binlerce sivil hayat\u0131n\u0131 kaybediyor. Filistin 60 y\u0131ld\u0131r kan a\u011fl\u0131yor.<\/span><\/p>\n<p style=\"margin-bottom: 0.0001pt; line-height: normal; text-align: justify;\"><span style=\"font-size: 12pt; font-family: 'Times New Roman', serif;\">2017 verilerine g\u00f6re sadece <strong>Suriye\u2019de 400.000<\/strong> insan hayat\u0131n\u0131 kaybetmi\u015f<strong>, 6,5 milyon<\/strong> Suriye vatanda\u015f\u0131 yerinden yurdundan g\u00f6\u00e7 etmi\u015ftir. Suriyeli m\u00fclteciler, T\u00fcrkiye (<strong>3.285.533<\/strong>), <strong>Irak (249.726), \u00dcrd\u00fcn (629.128), M\u0131s\u0131r (132.275), L\u00fcbnan (1.172.753)<\/strong> ve Kuzey Afrika\u2019da di\u011fer yerlere g\u00f6\u00e7 etmi\u015ftir. Bu rakamlar\u0131n d\u0131\u015f\u0131nda yo\u011fun bir \u015fekilde Avrupa\u2019ya g\u00f6\u00e7 giri\u015fimleri olmakta ve b\u00fcy\u00fck bir k\u0131sm\u0131 Ak Denizde ya\u015famlar\u0131n\u0131 yitirmektedir. <\/span><\/p>\n<p style=\"margin-bottom: 0.0001pt; line-height: normal;\">\u00a0<\/p>\n<p style=\"margin-bottom: 0.0001pt; line-height: normal; text-align: justify;\"><strong><span style=\"font-size: 12pt; font-family: 'Times New Roman', serif;\">(Slayt-32) \u00dc\u00e7\u00fcnc\u00fc D\u00fcnya Sava\u015f\u0131 \u0130slam \u00dclkelerine kar\u015f\u0131 ilan edilmemi\u015f bir sava\u015f olarak s\u00fcrd\u00fcr\u00fclmektedir<\/span><\/strong><span style=\"font-size: 12pt; font-family: 'Times New Roman', serif;\">. Osmanl\u0131\u2019n\u0131n y\u0131k\u0131lmas\u0131ndan sonra y\u00f6netimsiz kalan M\u00fcsl\u00fcmanlar k\u00fc\u00e7\u00fck devlet\u00e7ikler kurarak varl\u0131klar\u0131n\u0131 devam ettirmeye \u00e7al\u0131\u015fm\u0131\u015f, ancak birlik ve beraberli\u011fini kaybettiklerinden k\u00fcresel g\u00fc\u00e7ler i\u00e7in s\u00f6m\u00fcr\u00fc alan\u0131 haline gelmi\u015flerdir. <strong>Amerika Birle\u015fik Devletleri, Avrupa Birli\u011fi, NATO, Ba\u011f\u0131ms\u0131z Devletler Toplulu\u011fu \u0130slam Co\u011frafyas\u0131n\u0131 ele ge\u00e7irmek i\u00e7in \u0130slam \u00dclkelerinde, kontrol ettikleri ter\u00f6r \u00f6rg\u00fctleri vas\u0131tas\u0131yla vek\u00e2let sava\u015flar\u0131 (asimetrik Sava\u015f)<\/strong> y\u00fcr\u00fcterek otorite tesis etmeyi ama\u00e7lamaktad\u0131r.<\/span><\/p>\n<p style=\"margin-bottom: 0.0001pt; line-height: normal;\">\u00a0<\/p>\n<p style=\"margin-bottom: 0.0001pt; line-height: normal;\"><strong><span style=\"font-size: 12pt; font-family: 'Times New Roman', serif;\">***KUR\u2019ANDA VE S\u00dcNNETTE \u0130HT\u0130LAFI ZEMMEDEN H\u00dcK\u00dcMLER (Slayt-33)<\/span><\/strong><\/p>\n<p style=\"margin-bottom: 0.0001pt; line-height: normal;\"><strong><span style=\"font-size: 12pt; font-family: 'Times New Roman', serif;\">EN\u2019AM SURES\u0130 65. AYET(Slayt-34)<\/span><\/strong><\/p>\n<p style=\"margin-bottom: 0.0001pt; line-height: normal; text-align: justify;\"><i><span style=\"font-size: 12pt; font-family: 'Times New Roman', serif;\">\u201c(Habibim)<\/span><\/i><span style=\"font-size: 12pt; font-family: 'Times New Roman', serif;\"> De ki; O <i>(Allah-u Teal\u00e2)<\/i> size \u00fcst\u00fcn\u00fczden <i>(g\u00f6kten)<\/i> veya ayaklar\u0131n\u0131z\u0131n alt\u0131ndan <i>(yerden)<\/i> bir azap g\u00f6ndermeye <strong>ya da sizi f\u0131rkalar halinde<\/strong><i>(bir birinize d\u00fc\u015f\u00fcr\u00fcp)<\/i><strong>kar\u0131\u015ft\u0131rarak kiminize kiminizin be\u2019sini <\/strong><i>(h\u0131nc\u0131n\u0131) <\/i><strong>tatt\u0131rmaya k\u00e2dir <\/strong><i>(g\u00fcc\u00fc yeten) <\/i><strong>dir.<\/strong> Bak! Anlas\u0131nlar diye ayetleri t\u00fcrl\u00fc t\u00fcrl\u00fc nas\u0131l a\u00e7\u0131kl\u0131yoruz.\u201d (En\u2019am 65)<\/span><\/p>\n<p style=\"margin-bottom: 0.0001pt; line-height: normal;\">\u00a0<\/p>\n<p dir=\"rtl\" style=\"margin-bottom: 0.0001pt; line-height: normal; text-align: right;\"><span dir=\"RTL\" style=\"font-family: Arial, sans-serif;\">\u0642\u064f\u0644\u0652 \u0647\u064f\u0648\u064e \u0627\u0644\u0652\u0642\u064e\u0627\u062f\u0650\u0631\u064f \u0639\u064e\u0644\u064e\u0649 \u0623\u064e\u0646 \u064a\u064e\u0628\u0652\u0639\u064e\u062b\u064e \u0639\u064e\u0644\u064e\u064a\u0652\u0643\u064f\u0645\u0652 \u0639\u064e\u0630\u064e\u0627\u0628\u064b\u0627 \u0645\u0651\u0650\u0646 \u0641\u064e\u0648\u0652\u0642\u0650\u0643\u064f\u0645\u0652 \u0623\u064e\u0648\u0652 \u0645\u0650\u0646 \u062a\u064e\u062d\u0652\u062a\u0650 \u0623\u064e\u0631\u0652\u062c\u064f\u0644\u0650\u0643\u064f\u0645\u0652 \u0623\u064e\u0648\u0652 \u064a\u064e\u0644\u0652\u0628\u0650\u0633\u064e\u0643\u064f\u0645\u0652 \u0634\u0650\u064a\u064e\u0639\u0627\u064b \u0648\u064e\u064a\u064f\u0630\u0650\u064a\u0642\u064e \u0628\u064e\u0639\u0652\u0636\u064e\u0643\u064f\u0645 \u0628\u064e\u0623\u0652\u0633\u064e \u0628\u064e\u0639\u0652\u0636\u064d \u0627\u0646\u0638\u064f\u0631\u0652 \u0643\u064e\u064a\u0652\u0641\u064e \u0646\u064f\u0635\u064e\u0631\u0651\u0650\u0641\u064f \u0627\u0644\u0622\u064a\u064e\u0627\u062a\u0650 \u0644\u064e\u0639\u064e\u0644\u0651\u064e\u0647\u064f\u0645\u0652 \u064a\u064e\u0641\u0652\u0642\u064e\u0647\u064f\u0648\u0646\u064e {\u0627\u0644\u0623\u0646\u0639\u0627\u0645\/65}<\/span><\/p>\n<p style=\"margin-bottom: 0.0001pt; line-height: normal;\"><strong><span style=\"font-size: 14pt; font-family: 'Times New Roman', serif;\">(Slayt-35)<\/span><\/strong><strong><span style=\"font-size: 12pt; font-family: 'Times New Roman', serif;\">\u201cF\u0131rka f\u0131rka olup dinlerini par\u00e7a par\u00e7a edenlerle senin hi\u00e7bir ilgin yoktur. <\/span><\/strong><span style=\"font-size: 12pt; font-family: 'Times New Roman', serif;\">Onlar\u0131n i\u015fi Allah\u2019a kalm\u0131\u015ft\u0131r. Sonra O, yapt\u0131klar\u0131n\u0131 kendilerine haber verecektir.\u201d (En\u2019am: 159)<\/span><\/p>\n<p dir=\"rtl\" style=\"margin-bottom: 0.0001pt; text-align: right; line-height: normal;\"><span dir=\"RTL\" style=\"font-family: Arial, sans-serif;\">\u0625\u0650\u0646\u0651\u064e \u0627\u0644\u0651\u064e\u0630\u0650\u064a\u0646\u064e \u0641\u064e\u0631\u0651\u064e\u0642\u064f\u0648\u0627\u0652 \u062f\u0650\u064a\u0646\u064e\u0647\u064f\u0645\u0652 \u0648\u064e\u0643\u064e\u0627\u0646\u064f\u0648\u0627\u0652 \u0634\u0650\u064a\u064e\u0639\u064b\u0627 \u0644\u0651\u064e\u0633\u0652\u062a\u064e \u0645\u0650\u0646\u0652\u0647\u064f\u0645\u0652 \u0641\u0650\u064a \u0634\u064e\u064a\u0652\u0621\u064d \u0625\u0650\u0646\u0651\u064e\u0645\u064e\u0627 \u0623\u064e\u0645\u0652\u0631\u064f\u0647\u064f\u0645\u0652 \u0625\u0650\u0644\u064e\u0649 \u0627\u0644\u0644\u0651\u0647\u0650 \u062b\u064f\u0645\u0651\u064e \u064a\u064f\u0646\u064e\u0628\u0651\u0650\u0626\u064f\u0647\u064f\u0645 \u0628\u0650\u0645\u064e\u0627 \u0643\u064e\u0627\u0646\u064f\u0648\u0627\u0652 \u064a\u064e\u0641\u0652\u0639\u064e\u0644\u064f\u0648\u0646\u064e {\u0627\u0644\u0623\u0646\u0639\u0627\u0645\/159}<\/span><\/p>\n<p style=\"margin-bottom: 0.0001pt; line-height: normal;\">\u00a0<\/p>\n<p style=\"margin-bottom: 0.0001pt; line-height: normal;\"><strong><span style=\"font-size: 12pt; font-family: 'Times New Roman', serif;\">HAD\u0130S\u0130 \u015eER\u0130FLER:<\/span><\/strong><strong><span style=\"font-size: 14pt; font-family: 'Times New Roman', serif;\">(Slayt-36)<\/span><\/strong><\/p>\n<p style=\"margin-bottom: 0.0001pt; line-height: normal; text-align: justify;\"><span style=\"font-size: 12pt; font-family: 'Times New Roman', serif;\">Habb\u00e2b ibni Erett <i>(Rad\u0131yallahu Anh)<\/i>\u2019ten rivayet edildi\u011fine g\u00f6re, Resulullah <i>(Sallallahu Aleyhi ve sellem)<\/i> \u015f\u00f6yle buyurdu;<\/span><\/p>\n<p style=\"margin-bottom: 0.0001pt; line-height: normal;\"><strong><span style=\"font-size: 12pt; font-family: 'Times New Roman', serif;\">\u201cRabbim Tebareke ve Teal\u00e2-dan \u00fc\u00e7 haslet istedim, bana ikisini verdi, birisini vermedi.<\/span><\/strong><\/p>\n<p style=\"margin-bottom: 0.0001pt; line-height: normal; text-align: justify;\"><strong><span style=\"font-size: 12pt; font-family: 'Times New Roman', serif;\">Rabbim Tebareke ve Teal\u00e2-dan bizi bizden \u00f6nce ge\u00e7en \u00fcmmetleri hel\u00e2k etti\u011fi<\/span><\/strong><i><span style=\"font-size: 12pt; font-family: 'Times New Roman', serif;\">(k\u0131tl\u0131k, tufan, maymun ve domuza d\u00f6n\u00fc\u015ft\u00fcr\u00fclme gibi \u00fcmmetin k\u00f6k\u00fcn\u00fc kaz\u0131yacak azaplar)<\/span><\/i><strong><span style=\"font-size: 12pt; font-family: 'Times New Roman', serif;\">ile hel\u00e2k etmemesini istedim, bunu bana verdi:<\/span><\/strong><\/p>\n<p style=\"margin-bottom: 0.0001pt; line-height: normal; text-align: justify;\"><strong><span style=\"font-size: 12pt; font-family: 'Times New Roman', serif;\">Rabbim Azze ve Celle-den bizim \u00fczerimize bizden gayri d\u00fc\u015fman <\/span><\/strong><i><span style=\"font-size: 12pt; font-family: 'Times New Roman', serif;\">(k\u00e2firler<strong>) <\/strong><\/span><\/i><strong><span style=\"font-size: 12pt; font-family: 'Times New Roman', serif;\">i musallat etmemesini istedim, bunu da bana verdi.<\/span><\/strong><\/p>\n<p style=\"margin-bottom: 0.0001pt; line-height: normal; text-align: justify;\"><strong><span style=\"font-size: 12pt; font-family: 'Times New Roman', serif;\">Rabbim Tebareke ve Teal\u00e2-dan bizi, \u00e7e\u015fitli f\u0131kralar haline getir<\/span><\/strong><i><span style=\"font-size: 12pt; font-family: 'Times New Roman', serif;\">(ip birbirimizle muharebe ettir)<\/span><\/i><strong><span style=\"font-size: 12pt; font-family: 'Times New Roman', serif;\">memesini istedim, fakat bunu bana vermedi<\/span><\/strong><span style=\"font-size: 12pt; font-family: 'Times New Roman', serif;\">.\u201d <\/span><i><span style=\"font-size: 9pt; font-family: 'Times New Roman', serif;\">(Ahmet \u0130bni Hanbel, M\u00fcsned, No: 21109, 21112, 7\/449-450, No: 12488, 4\/294,Tirmizi, Fiten:14, No: 2175, 4\/471, \u0130bni M\u00e2ce, Fiten: 9, No: 3951, 2\/1303, Nas\u00e2i, K\u0131yam\u00fc\u2019l-leyl: 16, No: 1637, 3\/239)<\/span><\/i><\/p>\n<p style=\"margin-bottom: 0.0001pt; line-height: normal;\">\u00a0<\/p>\n<p style=\"text-align: justify;\">***<span style=\"font-size: 12pt; font-family: 'Times New Roman', serif;\">\u0130SL\u00c2M D\u00dcNYASININ \u0130\u00c7\u0130NDE BULUNDU\u011eU DURUMDAN KURTULMAK \u0130\u00c7\u0130N ALINMASI GEREKEN TEDB\u0130RLER (Slayt-37)<\/span><\/p>\n<p><strong><span style=\"font-size: 12pt; font-family: 'Times New Roman', serif;\">\u0130sl\u00e2m D\u00fcnyas\u0131 kendi co\u011frafyas\u0131n\u0131n;<\/span><\/strong><span style=\"font-size: 12pt; font-family: 'Times New Roman', serif;\">(slayt-38)<\/span><\/p>\n<ol start=\"A\">\n<ol start=\"A\">\n<ul>\n<li style=\"text-align: justify;\"><span style=\"font-size: 12pt; font-family: 'Times New Roman', serif;\">\u00dclkelerin \u00fcniter yap\u0131lar\u0131n\u0131n i\u00e7indeki etnik ve mezhepsel farkl\u0131l\u0131\u011fa sahip unsurlar\u0131n\u0131n bir birleri ile sava\u015ft\u0131r\u0131ld\u0131\u011f\u0131n\u0131n, <\/span><\/li>\n<li style=\"text-align: justify;\"><span style=\"font-size: 12pt; font-family: 'Times New Roman', serif;\">\u0130lan edilmemi\u015f, gizli, sinsi, kirli ve asimetrik 3. d\u00fcnya sava\u015f\u0131n\u0131n alan\u0131 haline getirildi\u011finin fark\u0131na varmal\u0131d\u0131r.<\/span><\/li>\n<\/ul>\n<\/ol>\n<\/ol>\n<p><strong><span style=\"font-size: 12pt; font-family: 'Times New Roman', serif;\">Bu sava\u015ftan galip \u00e7\u0131kmak i\u00e7in \u0130sl\u00e2m \u00dclkeleri;<\/span><\/strong><strong><span style=\"font-size: 14pt; font-family: 'Times New Roman', serif;\">(slayt-39)<\/span><\/strong><\/p>\n<ol start=\"A\">\n<ol start=\"A\">\n<ul>\n<li style=\"text-align: justify;\"><span style=\"font-size: 12pt; font-family: 'Times New Roman', serif;\">Egemen g\u00fc\u00e7lerin, her g\u00fcn bir kat daha artan, zaaflar\u0131n\u0131 anlamal\u0131 ve hassasiyetlerinin artt\u0131r\u0131lmas\u0131n\u0131 sa\u011flayacak giri\u015fimler yapmal\u0131d\u0131rlar.<\/span><\/li>\n<li style=\"text-align: justify;\"><strong><span style=\"font-size: 12pt; font-family: 'Times New Roman', serif;\">\u00dclkelerinde hakk\u0131n adaletini sa\u011flamal\u0131d\u0131rlar,<\/span><\/strong><\/li>\n<li style=\"text-align: justify;\"><strong><span style=\"font-size: 12pt; font-family: 'Times New Roman', serif;\">\u0130nsanlar\u0131n temel hak ve \u00f6zg\u00fcrl\u00fcklerini garanti alt\u0131na almal\u0131d\u0131rlar,<\/span><\/strong><\/li>\n<li style=\"text-align: justify;\"><strong><span style=\"font-size: 12pt; font-family: 'Times New Roman', serif;\">Siyasi ve ekonomik istikrar\u0131 sa\u011flamal\u0131 ve devam ettirmelidirler,<\/span><\/strong><\/li>\n<li style=\"text-align: justify;\"><strong><span style=\"font-size: 12pt; font-family: 'Times New Roman', serif;\">M\u00fcsl\u00fcman milletler ne sebeple olursa olsun, yerine koyacaklar\u0131 kurumlar\u0131 ve kadrolar\u0131 Haz\u0131rlamadan devletlerinin iktidarlar\u0131n\u0131 devirmek i\u00e7in isyan etmemelidirler,<\/span><\/strong><\/li>\n<li style=\"text-align: justify;\"><strong><span style=\"font-size: 12pt; font-family: 'Times New Roman', serif;\">\u00dclkelerinde adaleti, ki\u015fi hak ve \u00f6zg\u00fcrl\u00fcklerini, siyasi ve ekonomik istikrar\u0131 temin ettikten sonra, <\/span><\/strong><\/li>\n<li style=\"text-align: justify;\"><strong><span style=\"font-size: 12pt; font-family: 'Times New Roman', serif;\">\u0130sl\u00e2m \u00fclkelerinin bir irade alt\u0131nda toplanmalar\u0131n\u0131 sa\u011flayacak giri\u015fimleri ba\u015flatmal\u0131d\u0131rlar.<\/span><\/strong><\/li>\n<\/ul>\n<\/ol>\n<\/ol>\n<p>\u00a0<\/p>\n<ol start=\"A\">\n<ol start=\"A\">\n<ul>\n<li style=\"text-align: justify;\"><strong><span style=\"font-size: 12pt; font-family: 'Times New Roman', serif;\">Sivil toplum kurulu\u015flar\u0131, kanaat \u00f6nderleri, y\u00fcksek\u00f6\u011fretim kurumlar\u0131 \u0130sl\u00e2m birli\u011finin zaruretini, tesis edilmesinin usul ve esaslar\u0131n\u0131 g\u00fcndemlerinin ilk maddelerine almal\u0131d\u0131rlar.<\/span><\/strong><strong><span style=\"font-size: 14pt; font-family: 'Times New Roman', serif;\">(slayt-40)<\/span><\/strong><\/li>\n<li style=\"text-align: justify;\"><strong><span style=\"font-size: 12pt; font-family: 'Times New Roman', serif;\">\u0130sl\u00e2m birli\u011fi fikri M\u00fcsl\u00fcman milletlerde yerle\u015ftirilmelidir.<\/span><\/strong><\/li>\n<li style=\"text-align: justify;\"><strong><span style=\"font-size: 12pt; font-family: 'Times New Roman', serif;\">Farkl\u0131 mezheplere sahip \u0130sl\u00e2m \u00e2limleri toplant\u0131 ve isti\u015farelerle \u00e7at\u0131\u015fmay\u0131 ve ihtilaflar\u0131 giderecek \u00e7\u00f6z\u00fcm yollar\u0131n\u0131 bulmal\u0131d\u0131rlar.<\/span><\/strong><\/li>\n<li style=\"text-align: justify;\"><strong><span style=\"font-size: 12pt; font-family: 'Times New Roman', serif;\">\u00dclke lider ve y\u00f6neticileri birli\u011fin sa\u011flanma usul ve esaslar\u0131nda inceleme, ara\u015ft\u0131rma yapt\u0131rmal\u0131, her seviyedeki temsilcilerin kat\u0131ld\u0131\u011f\u0131 \u0130sl\u00e2m \u00fclkeleri toplant\u0131lar\u0131n\u0131n birinci g\u00fcndem maddesinin \u0130sl\u00e2m Birli\u011finin tesisi konusu olmas\u0131n\u0131 sa\u011flamal\u0131d\u0131rlar.<\/span><\/strong><\/li>\n<\/ul>\n<\/ol>\n<\/ol>\n<p>\u00a0<\/p>\n<p style=\"margin-bottom: 0.0001pt; line-height: normal;\"><strong><span style=\"font-size: 14pt; font-family: 'Times New Roman', serif;\">***\u0130SLAM B\u0130RL\u0130\u011e\u0130NE G\u0130DEN D\u0130KENL\u0130 YOLLARI NASIL A\u015eAB\u0130L\u0130R\u0130Z?<\/span><\/strong><strong><span style=\"font-size: 14pt; font-family: 'Times New Roman', serif;\">(Slayt-41)<\/span><\/strong><\/p>\n<p><strong><span style=\"font-size: 12pt; font-family: 'Times New Roman', serif;\">Devletlerin kurulu\u015f amac\u0131<\/span><\/strong><strong><span style=\"font-size: 14pt; font-family: 'Times New Roman', serif;\">(slayt-42)<\/span><\/strong><\/p>\n<p><strong><span style=\"font-size: 12pt; font-family: 'Times New Roman', serif;\">Devletlerin kurulu\u015f amac\u0131 adaleti tesistir.<\/span><\/strong><\/p>\n<p style=\"text-align: justify;\"><strong><span style=\"font-size: 12pt; font-family: 'Times New Roman', serif;\">Ki\u015filerle ki\u015filer aras\u0131nda, ki\u015filerle devlet aras\u0131nda ve ba\u015fka devletlerle kendi devleti ve toplumu aras\u0131nda temel hak ve \u00f6zg\u00fcrl\u00fcklerin korunup kollanmas\u0131, devletlerin asli g\u00f6revleridir.<\/span><\/strong><\/p>\n<p>\u00a0<\/p>\n<p><strong><span style=\"font-size: 12pt; font-family: 'Times New Roman', serif;\">Devletin asli faaliyet alanlar\u0131:<\/span><\/strong><strong><span style=\"font-size: 14pt; font-family: 'Times New Roman', serif;\">(Slayt-43)<\/span><\/strong><\/p>\n<p><strong><span style=\"font-size: 12pt; font-family: 'Times New Roman', serif;\">Te\u015fkilatlanarak, otoritesini tesis etmi\u015f bir devletin merkezden y\u00f6netilmesi gereken asli faaliyet alan\u0131 d\u00f6rtt\u00fcr.<\/span><\/strong><\/p>\n<p><span style=\"font-size: 12pt; font-family: 'Times New Roman', serif;\">\u015e\u00fcphesiz bunlar\u0131n ba\u015f\u0131nda <strong>ADALET<\/strong> gelir.<\/span><\/p>\n<p><span style=\"font-size: 12pt; font-family: 'Times New Roman', serif;\">Adaletin tesisi g\u00fc\u00e7 ister. Bu nedenle <strong>\u0130\u00c7 G\u00dcVENL\u0130K<\/strong> ve d\u0131\u015f tehditlere kar\u015f\u0131 <strong>SAVUNMA<\/strong> alan\u0131 da merkezden y\u00f6netilmelidir.<\/span><\/p>\n<p style=\"text-align: justify;\"><span style=\"font-size: 12pt; font-family: 'Times New Roman', serif;\">Ki\u015filerin, toplumun ve devletin di\u011fer devletler nezdindeki hak ve menfaatleri ile ilgili politikalar\u0131 geli\u015ftirecek olan <strong>DI\u015e \u0130\u015eLER\u0130<\/strong> faaliyetleri de merkezden y\u00f6netilmesi zaruri olan faaliyetlerle birlikte d\u00fc\u015f\u00fcn\u00fclmelidir.<\/span><\/p>\n<p style=\"text-align: justify;\"><span style=\"font-size: 12pt; font-family: 'Times New Roman', serif;\">\u00c7a\u011fda\u015f Devlet y\u00f6netim prensiplerinden say\u0131lan bu tespit, <strong>Peygamber Efendimiz<\/strong> (SAV) taraf\u0131ndan Medine\u2019ye Hicret edip de \u0130sl\u00e2m Devletini kurdu\u011fu Milad\u00ee 622 y\u0131l\u0131nda bizzat uygulanm\u0131\u015ft\u0131r.<\/span><\/p>\n<p style=\"text-align: justify;\"><span style=\"font-size: 12pt; font-family: 'Times New Roman', serif;\">Peygamber Efendimizin yapt\u0131\u011f\u0131 ilk i\u015flerin ba\u015f\u0131nda, ki\u015filerle ki\u015filer aras\u0131nda olabilecek ihtilaflar\u0131 \u00e7\u00f6zmek \u00fczere yarg\u0131\u00e7lar (<strong>Adalet Sistemi<\/strong>) g\u00f6revlendirmi\u015ftir.<\/span><\/p>\n<p><span style=\"font-size: 12pt; font-family: 'Times New Roman', serif;\">\u0130kinci olarak, asayi\u015f ve emniyeti sa\u011flayacak bir g\u00fc\u00e7\u00a0<strong>(\u0130\u00e7i\u015fleri)<\/strong> olu\u015fturmu\u015ftur.<\/span><\/p>\n<p style=\"text-align: justify;\"><span style=\"font-size: 12pt; font-family: 'Times New Roman', serif;\">\u00dc\u00e7\u00fcnc\u00fc olarak, Medine d\u0131\u015f\u0131ndan gelecek tehlikeleri tespit ve erkenden \u00f6nlenmesi i\u00e7in seyyieler\/ ke\u015fif kollar\u0131 <strong>(Savunma G\u00fcc\u00fc)<\/strong> te\u015fkil ve g\u00f6revlendirmi\u015ftir.<\/span><\/p>\n<p style=\"text-align: justify;\"><span style=\"font-size: 12pt; font-family: 'Times New Roman', serif;\">D\u00f6rd\u00fcnc\u00fc olarak da; \u0130sl\u00e2m\u0131 zaman\u0131n b\u00fcy\u00fck devletlerine ve kom\u015fu a\u015firetlere anlatacak tebli\u011fciler <strong>(D\u0131\u015fi\u015fleri Faaliyetleri)<\/strong> g\u00f6revlendirmi\u015ftir.<\/span><\/p>\n<p style=\"text-align: justify;\"><span style=\"font-size: 12pt; font-family: 'Times New Roman', serif;\">\u0130sl\u00e2m \u00dclkeleri aras\u0131nda birli\u011fin tesis edilebilmesi i\u00e7in asgari bu d\u00f6rt faaliyetin merkezden y\u00fcr\u00fct\u00fclmesini sa\u011flayacak bir organizasyonun tesisi hedef al\u0131nmal\u0131d\u0131r.<\/span><\/p>\n<p>\u00a0<\/p>\n<p><span style=\"font-size: 12pt; font-family: 'Times New Roman', serif;\">***\u0130SL\u00c2M \u00dcLKELER\u0130 KEND\u0130 SORUNLARINI KEND\u0130LER\u0130 \u00c7\u00d6ZMEL\u0130D\u0130R<\/span><strong><span style=\"font-size: 14pt; font-family: 'Times New Roman', serif;\">(Slayt- 44)<\/span><\/strong><\/p>\n<p>\u00a0<\/p>\n<p><strong><span style=\"font-size: 12pt; font-family: 'Times New Roman', serif;\">Afganistan, Suriye, Irak, Libya, Yemen, Somali, v.b \u0130sl\u00e2m \u00fclkelerinde h\u00fck\u00fcm s\u00fcren karga\u015fa; <\/span><\/strong><strong><span style=\"font-size: 14pt; font-family: 'Times New Roman', serif;\">(slayt- 45)<\/span><\/strong><\/p>\n<ol start=\"A\">\n<ol start=\"A\">\n<ul>\n<li style=\"text-align: justify;\"><span style=\"font-size: 12pt; font-family: 'Times New Roman', serif;\">Ba\u015fka \u00fclkeleri kar\u0131\u015ft\u0131rmadan, \u0130sl\u00e2m d\u00fcnyas\u0131 taraf\u0131ndan olu\u015fturulacak bir organizasyon ile \u00e7\u00f6z\u00fcmlenebilir. Bu organizasyon \u0130sl\u00e2m birli\u011fi i\u00e7in de \u00e7ekirdek olabilir.<\/span><\/li>\n<li style=\"text-align: justify;\"><span style=\"font-size: 12pt; font-family: 'Times New Roman', serif;\">Ad\u0131<strong>, \u201c\u0130sl\u00e2m \u00dclkeleri Kriz Y\u00f6netim Konfederasyonu\u201d<\/strong> olabilir.<\/span><\/li>\n<li style=\"text-align: justify;\"><strong><span style=\"font-size: 14pt; font-family: 'Times New Roman', serif;\">(Slayt-46, )<\/span><\/strong><span style=\"font-size: 12pt; font-family: 'Times New Roman', serif;\">Aranan k\u0131staslara uyan g\u00f6n\u00fcll\u00fc M\u00fcsl\u00fcman devletlerden olu\u015fmal\u0131d\u0131r.<\/span><\/li>\n<li style=\"text-align: justify;\"><span style=\"font-size: 12pt; font-family: 'Times New Roman', serif;\">Devletler bu organizasyona anla\u015fmalarla kat\u0131labilmeli ve ba\u011flanmal\u0131d\u0131r. <\/span><\/li>\n<li style=\"text-align: justify;\"><span style=\"font-size: 12pt; font-family: 'Times New Roman', serif;\">\u00dcye \u00fclkelerin temsilcilerinin olu\u015fturdu\u011fu, daimi \u00e7al\u0131\u015fan, amaca uygun kararlar\u0131n al\u0131n\u0131p uygulanmas\u0131n\u0131 sa\u011flayacak <strong>bir parlamentosu bulunmal\u0131d\u0131r<\/strong>. Parlamento \u00fcye devletlerin iradeleri ile kurulu\u015f gerek\u00e7esindeki ama\u00e7lara hizmet etmelidir. Gerekti\u011finde kriz b\u00f6lgelerindeki taraflar, m\u00fcracaatlar\u0131 halinde parlamentoda oran d\u00e2hilinde temsil edilebilmelidir. <\/span><\/li>\n<li style=\"text-align: justify;\"><strong><span style=\"font-size: 14pt; font-family: 'Times New Roman', serif;\">(Slayt-47)<\/span><\/strong><span style=\"font-size: 12pt; font-family: 'Times New Roman', serif;\">Parlamentoya ba\u011fl\u0131 ve hesap veren, <strong>kriz merkezi<\/strong> olu\u015fturulmal\u0131d\u0131r.<\/span><\/li>\n<li style=\"text-align: justify;\"><span style=\"font-size: 12pt; font-family: 'Times New Roman', serif;\">Kriz merkezinin i\u00e7inde, <strong>askeri, siyasi, hukuki, ekonomik ve sosyal operasyonlar\u0131 y\u00f6netebilecek harek\u00e2t merkezleri<\/strong> bulunmal\u0131d\u0131r.<\/span><\/li>\n<li style=\"text-align: justify;\"><span style=\"font-size: 12pt; font-family: 'Times New Roman', serif;\">\u00dcye \u00fclkeler gerekli <strong>mali deste\u011fi<\/strong> sa\u011flamal\u0131d\u0131r.<\/span><\/li>\n<li style=\"text-align: justify;\"><span style=\"font-size: 12pt; font-family: 'Times New Roman', serif;\">Kriz merkezinin kontrol\u00fcnde hareket eden, \u00fcye devletlerin katk\u0131lar\u0131 ile te\u015fekk\u00fcl edecek bir <strong>askeri g\u00fcce<\/strong> de sahip bulunmal\u0131d\u0131r.<\/span><\/li>\n<li style=\"text-align: justify;\"><span style=\"font-size: 12pt; font-family: 'Times New Roman', serif;\">Kriz merkezinin faaliyet g\u00f6sterece\u011fi yer; kriz b\u00f6lgeleri ve \u00fcye \u00fclkelerin teklifleri dikkate al\u0131narak parlamento taraf\u0131ndan belirlenmeli ve gerekti\u011finde de\u011fi\u015ftirilebilmelidir.<\/span><\/li>\n<\/ul>\n<\/ol>\n<\/ol>\n<p style=\"text-align: center;\"><img loading=\"lazy\" decoding=\"async\" class=\" size-full wp-image-2044\" src=\"https:\/\/assam.org.tr\/wp-content\/uploads\/2017\/11\/kriz-yonetim.jpg\" alt=\"kriz yonetimi\" width=\"609\" height=\"401\" \/>\u00a0<\/p>\n<p style=\"text-align: center;\"><span style=\"font-size: 12pt; font-family: 'Times New Roman', serif;\">(\u0130sl\u00e2m \u00dclkeleri Kriz Y\u00f6netim Konfederasyonu Organizasyon \u015eemas\u0131)<\/span><\/p>\n<ol start=\"A\">\n<ol start=\"A\">\n<ul>\n<li style=\"text-align: justify;\"><strong><span style=\"font-size: 12pt; font-family: 'Times New Roman', serif;\">Konfederasyonun krizlerin taraflar\u0131na yakla\u015f\u0131m\u0131 yap\u0131c\u0131, bar\u0131\u015f\u00e7\u0131, hakkaniyetli, temel insan hak ve \u00f6zg\u00fcrl\u00fcklerine tam sayg\u0131l\u0131, birle\u015ftirici, sosyal dokuyu koruyucu, yard\u0131m edici ve gerekti\u011finde de zorlay\u0131c\u0131 olmal\u0131d\u0131r.\u00a0 <\/span><\/strong><strong><span style=\"font-size: 14pt; font-family: 'Times New Roman', serif;\">(Slayt-48)<\/span><\/strong><\/li>\n<\/ul>\n<\/ol>\n<\/ol>\n<p style=\"text-align: justify;\"><span style=\"font-size: 12pt; font-family: 'Times New Roman', serif;\">\u0130sl\u00e2m D\u00fcnyas\u0131 b\u00f6yle bir konfederasyona sahip olabilseydi, M\u0131s\u0131r, Tunus, Libya, Yemen ve Suriye Devrimleri olmadan, Irak ABD taraf\u0131ndan i\u015fgal edilmeden, bu \u00fclkeler karga\u015fa ortam\u0131na s\u00fcr\u00fcklenmeden ve y\u0131k\u0131l\u0131p harabeye \u00e7evrilmeden adil bir y\u00f6netim \u015fekline d\u00f6n\u00fc\u015ft\u00fcr\u00fclebilirlerdi.<\/span><\/p>\n<p><span style=\"font-size: 12pt; font-family: 'Times New Roman', serif;\">Zaman ge\u00e7mi\u015f de\u011fildir. <\/span><strong><span style=\"font-size: 14pt; font-family: 'Times New Roman', serif;\">(Slayt-49)<\/span><\/strong><\/p>\n<p style=\"text-align: justify;\"><span style=\"font-size: 12pt; font-family: 'Times New Roman', serif;\">K\u00fcresel G\u00fc\u00e7lerin organizasyon ve kontrol\u00fcnde Cidde\u2019de, Cenevre\u2019de ve Astana\u2019da yap\u0131lan <strong>\u201cTer\u00f6rle M\u00fccadele Toplant\u0131lar\u0131\u201d<\/strong> yerine, <strong>k\u00fcresel g\u00fc\u00e7lere ihtiya\u00e7 duymadan<\/strong>, yine Suudi Arabistan, T\u00fcrkiye, M\u0131s\u0131r, <\/span>Irak, \u00dcrd\u00fcn, L\u00fcbnan, Katar, Kuveyt, Bahreyn, Birle\u015fik Arap Emirlikleri ve Umman\u2019\u0131n kat\u0131l\u0131m\u0131 ile <strong>\u201c\u0130sl\u00e2m \u00dclkelerindeki Krizlere M\u00fcdahale Toplant\u0131s\u0131\u201d <\/strong>yap\u0131labilirdi.<\/p>\n<p>Bu toplant\u0131ya ba\u015fka M\u00fcsl\u00fcman \u00fclkeler de kat\u0131labilirdi. Bu toplant\u0131da <strong>\u201cKriz Y\u00f6netim Konfederasyonu\u201dnun<\/strong> temelleri at\u0131labilirdi.<\/p>\n<p>\u00c7al\u0131\u015fmalar\u0131na da Suriye\u2019den ba\u015flayabilirdi.<\/p>\n<p style=\"text-align: justify;\">Konfederasyona kat\u0131lacak \u00fclkelerin imk\u00e2nlar\u0131 ile bir merkezden yap\u0131lacak m\u00fcdahalelerle, Suriye\u2019de rejim ve muhalifler birbirlerini yok etmeden bir orta noktada, bulu\u015fturulabilirdi.<\/p>\n<p style=\"text-align: justify;\">Sosyal ve inan\u00e7 dokusu korunarak, tam e\u015fit hak ve \u00f6zg\u00fcrl\u00fckler tan\u0131narak, kabul edilebilir bir genel se\u00e7im sonucu, kendi \u00f6zerk b\u00f6lgelerinde adil bir y\u00f6netim kurulabilirdi.<\/p>\n<p style=\"text-align: justify;\">Suriye krizinin \u00e7\u00f6z\u00fcm\u00fc ile b\u00fct\u00fcn \u0130sl\u00e2m \u00c2lemine ve sorunlar\u0131 istismar ederek i\u00e7inden \u00e7\u0131k\u0131lmaz hale getiren bat\u0131ya fevkalade \u00f6nemli bir \u00f6rnek sunulabilirdi.<\/p>\n<p style=\"text-align: justify;\">Bu da Suriye halk\u0131n\u0131n mutlulu\u011funu sa\u011flayan, b\u00fct\u00fcn g\u00f6\u00e7men ve m\u00fcltecilerin yurduna ve memleketine d\u00f6nerek \u00fclkelerinin yeniden imar\u0131na imk\u00e2n veren <strong>M\u00dcSL\u00dcMANCA bir \u00e7\u00f6z\u00fcm<\/strong> olurdu.<\/p>\n<p style=\"text-align: justify;\">Sadece \u0130sl\u00e2m D\u00fcnyas\u0131nda de\u011fil t\u00fcm d\u00fcnyada, huzurun h\u00e2kim olmas\u0131 <strong>\u201c\u0130SL\u00c2M \u00dcLKELER\u0130 KONFEDERASYONU<\/strong>\u201dnun ger\u00e7ekle\u015fmesi ile m\u00fcmk\u00fcn olabilecektir<\/p>\n<p><strong>***\u0130SL\u00c2M \u00dcLKELER\u0130 B\u0130RL\u0130\u011e\u0130 S\u00dcREC\u0130NDE ASSAM TASAVVURU;<\/strong><strong>(Slayt-50)<\/strong><\/p>\n<p><strong>\u00d6ncelikle;<\/strong><strong>(Slayt-51)<\/strong><\/p>\n<ol start=\"A\">\n<ol start=\"A\">\n<ul>\n<li style=\"text-align: justify;\">Yetkisi, imk\u00e2nlar\u0131, g\u00fcc\u00fc, yap\u0131s\u0131, \u00fcye say\u0131s\u0131 anayasa, yasa ve t\u00fcz\u00fcklerle belirtilmi\u015f, 60 \u0130sl\u00e2m \u00dclkesinin Ortak iradesinin temsil edildi\u011fi <strong>\u201c\u0130sl\u00e2m \u00dclkeleri Parlamentosu<\/strong>\u201dnun daimi olarak te\u015fekk\u00fcl ettirilerek \u201c<strong>\u0130sl\u00e2m \u00dclkeleri Konfederasyonu<\/strong>\u201d olu\u015fturulmal\u0131d\u0131r.<\/li>\n<\/ul>\n<\/ol>\n<\/ol>\n<p><strong>Sonra;<\/strong><strong>(Slayt-52)<\/strong><\/p>\n<ol start=\"A\">\n<ol start=\"A\">\n<ul>\n<li style=\"text-align: justify;\"><strong>\u0130sl\u00e2m \u00dclkeleri Konfederasyonunun<\/strong>, devletlerin asli g\u00f6rev alanlar\u0131 olan, <strong>adalet, g\u00fcvenlik <i>(i\u00e7 ve d\u0131\u015f)<\/i> ve m\u00fc\u015fterek d\u0131\u015f politika <\/strong>usul, esas ve prensiplerini belirleme \u00e7al\u0131\u015fmalar\u0131 s\u00fcrd\u00fcr\u00fcl\u00fcrken, etnik ve co\u011frafi bak\u0131mdan yak\u0131n \u0130slam Devletlerinin ortak iradelerinin temsil edildi\u011fi, <strong>(Slayt-53) <\/strong><strong>\u201cB\u00f6lgesel \u0130sl\u00e2m \u00dclkeleri Parlamentolar\u0131<\/strong>\u201d olu\u015fturulmal\u0131d\u0131r. <i>(<strong>\u0130sl\u00e2m \u00dclkeleri 8 ayr\u0131 co\u011frafyada grupland\u0131r\u0131lmal\u0131d\u0131r.<\/strong> (Bu Grupland\u0131rma; <strong>Orta Do\u011fu<\/strong> [12 \u00fclke]<a id=\"ftnref2\" title=\"\" href=\"#ftnref2\"><strong>[2]<\/strong><\/a> , <strong>Orta Asya<\/strong> [8 \u00fclke], <strong>Yak\u0131n Do\u011fu<\/strong> [4 \u00fclke], <strong>G\u00fcney Do\u011fu Asya<\/strong>[3 \u00fclke], <strong>Kuzey Afrika<\/strong> [6 \u00fclke], <strong>Do\u011fu Afrika<\/strong> [6 \u00fclke], <strong>Bat\u0131 Afrika<\/strong> [18 \u00fclke], <strong>Avrupa<\/strong> [4 \u00fclke]M\u00fcsl\u00fcman Devletleri \u015feklinde olmal\u0131d\u0131r.)<\/i><strong><span style=\"font-size: 14pt; font-family: 'Times New Roman', serif;\">(Slayt-54)<\/span><\/strong>\u00a0<\/li>\n<\/ul>\n<\/ol>\n<\/ol>\n<p><img loading=\"lazy\" decoding=\"async\" class=\" size-full wp-image-2047\" style=\"display: block; margin-left: auto; margin-right: auto;\" src=\"https:\/\/assam.org.tr\/wp-content\/uploads\/2017\/11\/bolgesel-islam-ulkeleri-konfederasyonu-logolu-tr.jpg\" alt=\"bolgesel islam ulkeleri konfederasyonu\" width=\"920\" height=\"543\" \/><\/p>\n<p><strong><span style=\"font-size: 12pt; font-family: 'Times New Roman', serif;\">M\u00fcteakiben;<\/span><\/strong><strong><span style=\"font-size: 14pt; font-family: 'Times New Roman', serif;\">(Slayt- 55)<\/span><\/strong><\/p>\n<ol start=\"A\">\n<ol start=\"A\">\n<ul>\n<li style=\"text-align: justify;\"><strong><span style=\"font-size: 12pt; font-family: 'Times New Roman', serif;\">\u201cB\u00f6lgesel \u0130sl\u00e2m Konfederasyonlar\u0131<\/span><\/strong><span style=\"font-size: 12pt; font-family: 'Times New Roman', serif;\">\u201dn\u0131n merkez\u00ee y\u00f6netimleri g\u00fc\u00e7lendirilerek Federasyonlara d\u00f6n\u00fc\u015fmesi ve her <strong>\u201cB\u00f6lgesel \u0130sl\u00e2m \u00dclkeleri Federasyonlar<\/strong>\u201d,\u00a0 \u201c<strong>\u0130sl\u00e2m \u00dclkeleri Konfederasyonuna<\/strong>\u201d Konfedere Birlik olarak ba\u011flanmal\u0131d\u0131r.<\/span><\/li>\n<\/ul>\n<\/ol>\n<\/ol>\n<p>\u00a0<\/p>\n<p><strong><span style=\"font-size: 12pt; font-family: 'Times New Roman', serif;\">Nihai olarak da<\/span><\/strong><span style=\"font-size: 12pt; font-family: 'Times New Roman', serif;\">;\u00a0 <\/span><strong><span style=\"font-size: 14pt; font-family: 'Times New Roman', serif;\">(Slayt-56)<\/span><\/strong><\/p>\n<ol start=\"A\">\n<ol start=\"A\">\n<ul>\n<li style=\"text-align: justify;\"><span style=\"font-size: 12pt; font-family: 'Times New Roman', serif;\">Merkez\u00ee m\u00fc\u015fterek irade \u201c<strong>\u0130sl\u00e2m \u00dclkeleri Konfederasyonu Parlamentosu<\/strong>\u201dnda, b\u00f6lgesel olu\u015fumlar\u0131n m\u00fc\u015fterek iradeleri de <strong>\u201cB\u00f6lgesel \u0130sl\u00e2m \u00dclkeleri Federasyon Parlamentolar\u0131<\/strong>\u201dnda temsil edilmelidir.<\/span><\/li>\n<li style=\"text-align: justify;\"><span style=\"font-size: 12pt; font-family: 'Times New Roman', serif;\">Parlamentolara ba\u011fl\u0131 \u201c<strong>icra organlar\u0131\u201d<\/strong> olu\u015fturulmal\u0131d\u0131r.<\/span><\/li>\n<li style=\"text-align: justify;\"><span style=\"font-size: 12pt; font-family: 'Times New Roman', serif;\">Merkezi ve b\u00f6lgesel icra organlar\u0131n\u0131n kontrol\u00fcnde <strong>\u201cAdalet Divanlar\u0131\u201d<\/strong> ve Adalet Divanlar\u0131n\u0131n kararlar\u0131n\u0131n uygulanmas\u0131n\u0131 sa\u011flayacak, <strong>\u201cAni M\u00fcdahale Kuvvetleri<\/strong>\u201d kurulmal\u0131d\u0131r.<\/span><\/li>\n<li style=\"text-align: justify;\"><strong><span style=\"font-size: 12pt; font-family: 'Times New Roman', serif;\">\u201cAsayi\u015f ve i\u00e7 g\u00fcvenli\u011fin\u201d<\/span><\/strong><span style=\"font-size: 12pt; font-family: 'Times New Roman', serif;\"> temini i\u00e7in te\u015fkil\u00e2tlanma yap\u0131lmal\u0131d\u0131r<\/span><strong><span style=\"font-size: 14pt; font-family: 'Times New Roman', serif;\">(Slayt-57)<\/span><\/strong><\/li>\n<li style=\"text-align: justify;\"><span style=\"font-size: 12pt; font-family: 'Times New Roman', serif;\">D\u0131\u015f g\u00fcvenli\u011fin sa\u011flanmas\u0131 i\u00e7in \u201c<strong>savunma sanayi \u00fcretimi i\u015fbirli\u011fi\u201d<\/strong> olu\u015fturulmal\u0131 ve \u201c<strong>savunma ittifak\u0131\u201d<\/strong> organize edilmelidir.<\/span><\/li>\n<li style=\"text-align: justify;\"><strong><span style=\"font-size: 12pt; font-family: 'Times New Roman', serif;\">\u201cOrtak d\u0131\u015f politikalar\u0131n\u201d<\/span><\/strong><span style=\"font-size: 12pt; font-family: 'Times New Roman', serif;\"> belirlenmesi ve uygulanmas\u0131 i\u00e7in te\u015fkil\u00e2tlanma; <\/span><\/li>\n<li style=\"text-align: justify;\"><strong><span style=\"font-size: 12pt; font-family: 'Times New Roman', serif;\">\u201cEkonomik i\u015fbirli\u011fi\u201d <\/span><\/strong><\/li>\n<li style=\"text-align: justify;\"><strong><span style=\"font-size: 12pt; font-family: 'Times New Roman', serif;\">\u0130sl\u00e2m \u00dclkeleri Konfederasyonu<\/span><\/strong><span style=\"font-size: 12pt; font-family: 'Times New Roman', serif;\"> ve <strong>B\u00f6lgesel \u0130sl\u00e2m \u00dclkeleri Federasyonlar\u0131<\/strong> i\u00e7in \u00fcye devletlerin adalet sistemleri \u00fczerinde <strong>\u201c\u0130nsan Haklar\u0131\u201d<\/strong> ve <strong>\u201cCeza Mahkemeleri<\/strong>\u201dnden olu\u015fan ba\u011f\u0131ms\u0131z \u201c<strong>yarg\u0131 sistemi\u201d<\/strong> olu\u015fturulmal\u0131d\u0131r.<\/span><\/li>\n<\/ul>\n<\/ol>\n<\/ol>\n<p><span style=\"font-size: 12pt; font-family: 'Times New Roman', serif;\">Bu organizasyonun tamamlanmas\u0131n\u0131 m\u00fcteakip \u0130sl\u00e2m birli\u011finin sa\u011fland\u0131\u011f\u0131 s\u00f6ylenebilir.<\/span><\/p>\n<p>\u00a0<\/p>\n<p><strong><span style=\"font-size: 12pt; font-family: 'Times New Roman', serif;\">***\u0130SL\u00c2M B\u0130RL\u0130\u011e\u0130 YOLUNDA ATILMASI GEREKEN \u0130LK ADIMLAR NELER OLMALIDIR?<\/span><\/strong><strong><span style=\"font-size: 14pt; font-family: 'Times New Roman', serif;\">(Slayt-58)<\/span><\/strong><\/p>\n<p><strong><span style=\"font-size: 12pt; font-family: 'Times New Roman', serif;\">\u0130sl\u00e2m Birli\u011finin ilk ad\u0131m\u0131,\u201c\u0130sl\u00e2m \u00dclkeleri Parlamentosu\u201d<\/span><\/strong><span style=\"font-size: 12pt; font-family: 'Times New Roman', serif;\">nun te\u015fkili olmal\u0131d\u0131r. <\/span><strong><span style=\"font-size: 14pt; font-family: 'Times New Roman', serif;\">(Slayt-59)<\/span><\/strong><\/p>\n<p><strong><span style=\"font-size: 12pt; font-family: 'Times New Roman', serif;\">\u201c\u0130sl\u00e2m \u00dclkeleri Parlamentosu\u201d<\/span><\/strong><span style=\"font-size: 12pt; font-family: 'Times New Roman', serif;\">nda \u00fclkeler n\u00fcfuslar\u0131 le orant\u0131l\u0131 olarak temsil edilmelidir. <\/span><\/p>\n<p><span style=\"font-size: 12pt; font-family: 'Times New Roman', serif;\">Ba\u015flang\u0131\u00e7ta, <strong>\u201c<\/strong><\/span><strong><span style=\"font-size: 12pt; font-family: 'Times New Roman', serif;\">\u0130SL\u00c2M \u00dcLKELER\u0130 KR\u0130Z Y\u00d6NET\u0130M KONFEDERASYONU\u201d <\/span><\/strong><span style=\"font-size: 12pt; font-family: 'Times New Roman', serif;\">gibi \u00e7al\u0131\u015fmal\u0131d\u0131r.<\/span><\/p>\n<p><strong><span style=\"font-size: 12pt; font-family: 'Times New Roman', serif;\">Hedefi \u0130sl\u00e2m \u00dclkelerini bir irade alt\u0131nda toplayacak m\u00fcesseseleri olu\u015fturmak olmal\u0131d\u0131r.<\/span><\/strong><\/p>\n<p>\u00a0<\/p>\n<p style=\"text-align: justify;\"><strong><span style=\"font-size: 12pt; font-family: 'Times New Roman', serif;\">\u201c\u0130sl\u00e2m \u00dclkeleri Parlamentosu\u201dnun <\/span><\/strong><span style=\"font-size: 12pt; font-family: 'Times New Roman', serif;\">olu\u015fturulmas\u0131 da bir s\u00fcrece ba\u011fl\u0131 olaca\u011f\u0131ndan <strong>bunun te\u015fkilinin ilk ad\u0131m\u0131 da HER \u0130SLAM \u00dcLKES\u0130N\u0130N BAKANLAR KURULUNDA B\u0130R \u0130SLAM B\u0130RL\u0130\u011e\u0130 BAKANLI\u011eININ kurulmas\u0131 olmal\u0131d\u0131r.<\/strong><\/span><\/p>\n<p>\u00a0<\/p>\n<p><strong><span style=\"font-size: 12pt; font-family: 'Times New Roman', serif;\">***\u0130SL\u00c2M B\u0130RL\u0130\u011e\u0130 \u0130\u00c7\u0130N B\u0130R HAL TARZININ TESP\u0130T\u0130NDE ASSAM YOL HAR\u0130TASI<\/span><\/strong><strong><span style=\"font-size: 14pt; font-family: 'Times New Roman', serif;\">(Slayt-60)<\/span><\/strong><\/p>\n<p style=\"text-align: justify;\"><strong><span style=\"font-size: 12pt; font-family: 'Times New Roman', serif;\">Bu kongrenin amac\u0131<\/span><\/strong><span style=\"font-size: 12pt; font-family: 'Times New Roman', serif;\">; Halk\u0131 M\u00fcsl\u00fcman \u00fclkelerin ortak irade alt\u0131nda toplanabilmeleri i\u00e7in ge\u00e7mi\u015ften g\u00fcn\u00fcm\u00fcze y\u00f6netim \u015fekillerini inceleyerek \u0130slam Birli\u011fi i\u00e7in bir hal tarz\u0131 ortaya koymakt\u0131r.<\/span><\/p>\n<p>\u00a0<\/p>\n<p style=\"text-align: justify;\"><span style=\"font-size: 12pt; font-family: 'Times New Roman', serif;\">60 \u0130sl\u00e2m \u00dclkesinin i\u00e7inde bulundu\u011fu karga\u015fadan kurtulup hak etti\u011fi g\u00fcce ula\u015farak sahip olduklar\u0131 topraklar\u0131 ve d\u00fcnyay\u0131 bar\u0131\u015f ve huzur beldesi haline getirmeleri, kendilerinin bir irade alt\u0131nda toplanmas\u0131 ile m\u00fcmk\u00fcnd\u00fcr.<\/span><strong><span style=\"font-size: 14pt; font-family: 'Times New Roman', serif;\">(Slayt-61)<\/span><\/strong><\/p>\n<ol start=\"A\">\n<ol start=\"A\">\n<ul>\n<li><strong><span style=\"font-size: 12pt; font-family: 'Times New Roman', serif;\">\u0130slam tarihini ve \u0130sl\u00e2m F\u0131kh\u0131n\u0131,<\/span><\/strong><\/li>\n<li><strong><span style=\"font-size: 12pt; font-family: 'Times New Roman', serif;\">\u00c7a\u011f\u0131m\u0131z\u0131n adil devlet y\u00f6netim \u015fekillerini, <\/span><\/strong><\/li>\n<li><strong><span style=\"font-size: 12pt; font-family: 'Times New Roman', serif;\">Farkl\u0131 medeniyetlerin ortak uygulamalar\u0131n\u0131, <\/span><\/strong><\/li>\n<li><strong><span style=\"font-size: 12pt; font-family: 'Times New Roman', serif;\">Hukuk sistemlerini ve <\/span><\/strong><\/li>\n<li><strong><span style=\"font-size: 12pt; font-family: 'Times New Roman', serif;\">Temel insan hak ve \u00f6zg\u00fcrl\u00fckleri sa\u011flayan beynelmilel prensip ve uygulamalar\u0131 <\/span><\/strong><\/li>\n<\/ul>\n<\/ol>\n<\/ol>\n<p><strong><span style=\"font-size: 12pt; font-family: 'Times New Roman', serif;\">Bilimsel disiplin i\u00e7inde ara\u015ft\u0131r\u0131p inceleyerek, <\/span><\/strong><\/p>\n<ol start=\"A\">\n<ol start=\"A\">\n<ul>\n<li><strong><span style=\"font-size: 12pt; font-family: 'Times New Roman', serif;\">\u0130slam \u00fclkelerinin bir irade alt\u0131nda toplanmas\u0131 i\u00e7in gerekli m\u00fcesseseleri ve <\/span><\/strong><\/li>\n<li><strong><span style=\"font-size: 12pt; font-family: 'Times New Roman', serif;\">Bu m\u00fcesseselerin olu\u015fup uyumlu \u00e7al\u0131\u015fabilmeleri i\u00e7inbir mevzuat\u0131n olu\u015fturulmas\u0131na, acilen ihtiya\u00e7 bulunmaktad\u0131r.<\/span><\/strong><\/li>\n<\/ul>\n<\/ol>\n<\/ol>\n<p>\u00a0<\/p>\n<p style=\"text-align: justify;\"><strong><span style=\"font-size: 12pt; font-family: 'Times New Roman', serif;\">Devletlerin asl\u00ee faaliyet alanlar\u0131<\/span><\/strong><span style=\"font-size: 12pt; font-family: 'Times New Roman', serif;\"> da dikkate al\u0131narak, 2017\u2019den ba\u015flayarak birer y\u0131l ara ile icra edilmesi tasavvur edilen <strong>\u201cUluslararas\u0131 ASSAM \u0130sl\u00e2m Birli\u011fi Kongreleri\u201d serisinin<\/strong> ana konular\u0131:<\/span><strong><span style=\"font-size: 14pt; font-family: 'Times New Roman', serif;\">(Slayt-62)<\/span><\/strong><\/p>\n<ol start=\"A\">\n<ol start=\"A\">\n<ul>\n<li><span style=\"font-size: 12pt; font-family: 'Times New Roman', serif;\">\u0130slam Birli\u011fi i\u00e7in <strong>Y\u00f6netim \u015eekil ve Organlar\u0131 Mevzuat\u0131n\u0131n<\/strong> Tespiti <strong>(2017)<\/strong>,<\/span><\/li>\n<li><span style=\"font-size: 12pt; font-family: 'Times New Roman', serif;\">\u0130slam Birli\u011fi i\u00e7in <strong>Ekonomik \u0130\u015fbirli\u011fi Usul ve Esaslar\u0131n\u0131n<\/strong> Tespiti (2018),<\/span><\/li>\n<li><span style=\"font-size: 12pt; font-family: 'Times New Roman', serif;\">\u0130sl\u00e2m Birli\u011fi i\u00e7in <strong>Savunma Sanayi \u0130\u015fbirli\u011fi Usul ve Esaslar\u0131n\u0131n<\/strong> Tespiti (2019),<\/span><\/li>\n<li><span style=\"font-size: 12pt; font-family: 'Times New Roman', serif;\">\u0130sl\u00e2m Birli\u011fi i\u00e7in <strong>Ortak Savunma Sistemi Usul ve Esaslar\u0131n\u0131n<\/strong> Tespiti (2020),<\/span><\/li>\n<li><span style=\"font-size: 12pt; font-family: 'Times New Roman', serif;\">\u0130sl\u00e2m Birli\u011fi i\u00e7in <strong>M\u00fc\u015fterek D\u0131\u015f Politika Usul ve Esaslar\u0131n\u0131n<\/strong> Tespiti (2021),<\/span><\/li>\n<li><span style=\"font-size: 12pt; font-family: 'Times New Roman', serif;\">\u0130sl\u00e2m Birli\u011fi i\u00e7in <strong>M\u00fc\u015fterek Adalet Sistemi Usul ve Esaslar\u0131n\u0131n<\/strong> Tespiti (2022),<\/span><\/li>\n<li><span style=\"font-size: 12pt; font-family: 'Times New Roman', serif;\">\u0130sl\u00e2m Birli\u011fi i\u00e7in <strong>Ortak Asayi\u015f ve G\u00fcvenlik Usul ve Esaslar\u0131n\u0131n<\/strong> Tespiti (2023),<\/span><\/li>\n<\/ul>\n<\/ol>\n<\/ol>\n<p style=\"text-align: justify;\"><span style=\"font-size: 12pt; font-family: 'Times New Roman', serif;\">\u015eekilde se\u00e7ilerek, <strong>\u0130slam \u00dclkelerinin bir irade alt\u0131nda toplanmas\u0131 i\u00e7in gereken m\u00fcesseseler ve bu m\u00fcesseselerin mevzuat\u0131n\u0131n bir hareket tarz\u0131 olarak ortaya \u00e7\u0131kar\u0131lmas\u0131<\/strong> sa\u011flanacakt\u0131r.<\/span><\/p>\n<p>\u00a0<\/p>\n<p style=\"text-align: justify;\"><strong><span style=\"font-size: 14pt; font-family: 'Times New Roman', serif;\">(Slayt-63)<\/span><\/strong><strong><span style=\"font-size: 12pt; font-family: 'Times New Roman', serif;\">Kongrenin birincisi ASSAM\u2019\u0131n merkezi olan \u0130stanbul\u2019da<\/span><\/strong><strong>, <\/strong><strong><span style=\"font-size: 12pt; font-family: 'Times New Roman', serif;\">\u00dcsk\u00fcdar \u00dcniversitesi<\/span><\/strong><strong>, <\/strong><strong><span style=\"font-size: 12pt; font-family: 'Times New Roman', serif;\">ASDER<\/span><\/strong><span style=\"font-size: 12pt; font-family: 'Times New Roman', serif;\">-\u201cAdaleti Savunanlar Derne\u011finin de i\u015ftirakiyle\u201d<strong> ve \u0130DSB <\/strong>\u201c\u0130slam D\u00fcnyas\u0131 Sivil Toplum Kurulu\u015flar\u0131 Birli\u011fi<strong>\u201d<\/strong><\/span><strong>, <\/strong><strong><span style=\"font-size: 12pt; font-family: 'Times New Roman', serif;\">23 \u2013 24 Kas\u0131m 2017 tarihinde, planland\u0131\u011f\u0131 \u015fekilde icra edilmi\u015ftir.<\/span><\/strong><\/p>\n<p style=\"text-align: justify;\"><span style=\"font-size: 12pt; font-family: 'Times New Roman', serif;\">M\u00fcteakip kongrelerin <strong>ASSAM<\/strong> b\u00fcnyesinde ve koordinat\u00f6rl\u00fc\u011f\u00fcnde di\u011fer \u00fclkelerle i\u015fbirli\u011fi halinde farkl\u0131 \u00fclkelerde yap\u0131lmas\u0131 planlanmaktad\u0131r. <\/span><\/p>\n<p style=\"text-align: justify;\"><span style=\"font-size: 12pt; font-family: 'Times New Roman', serif;\">Kongre T\u00fcrk\u00e7e, Arap\u00e7a ve \u0130ngilizce olacak dillerinde, a\u00e7\u0131l\u0131\u015f konu\u015fmalar\u0131 ve bildiri sunumlar\u0131 sim\u00fcltane terc\u00fcme edilerek dinleyicilere ula\u015ft\u0131r\u0131lm\u0131\u015ft\u0131r.<\/span><\/p>\n<p style=\"text-align: justify;\"><span style=\"font-size: 12pt; font-family: 'Times New Roman', serif;\">Bildiriler <strong>ASSAM<\/strong> Uluslararas\u0131 Hakemli Dergide (<strong>ASSAM-UHAD<\/strong>) elektronik ortamda yay\u0131nlanmas\u0131 ve haz\u0131rlanan Kongre sonu\u00e7 raporunun, karar verici mekanizmalara g\u00f6nderilmesi ve yay\u0131nlanmas\u0131 planlanm\u0131\u015ft\u0131r. 25 Kas\u0131m 2017<\/span><\/p>\n<p style=\"text-align: right;\"><strong>\u00a0<\/strong><\/p>\n<p style=\"text-align: right;\"><span style=\"font-size: 12pt; font-family: 'Times New Roman', serif;\">Adnan Tanr\u0131verdi<\/span><\/p>\n<p style=\"text-align: right;\"><span style=\"font-size: 12pt; font-family: 'Times New Roman', serif;\">ASSAM Ynt. Krl. B\u015fk.<\/span><\/p>\n<hr width=\"33%\" size=\"1\" \/>\n<div>\n<p><a id=\"ftn1\" style=\"vertical-align: super;\" href=\"#ftnref1\">[1]<\/a><a href=\"http:\/\/www.pigm.gov.tr\/index.php\/component\/content\/article\/26-icerik\/58-dunyadaki-ham-petrol-ve-dogal-gaz-faaliyetleri\" target=\"_blank\" rel=\"noopener noreferrer\">http:\/\/www.pigm.gov.tr\/dunya_ham_petrol_ve_dogalgaz_rezervleri.php<\/a><\/p>\n<\/div>\n<div>\n<p><a id=\"ftnref2\" style=\"vertical-align: super;\" href=\"#ftnref2\" name=\"_ftn2\">[2]<\/a>\u00a0 [ ] K\u00f6\u015feli parantez i\u00e7indeki rakamlar B\u00f6lgelere ba\u011fl\u0131 devlet say\u0131s\u0131n\u0131 g\u00f6stermektedir.<\/p>\n<\/div>\n<p>\n<a href=\"https:\/\/assam.org.tr\/wp-content\/uploads\/2017\/11\/600_ASSAM-KONGRE-17-ADNAN-TANRIVERDI-SUNUM-1.pdf\" alt=\"600_ASSAM-KONGRE-17-ADNAN-TANRIVERDI-SUNUM (1).pdf\">B\u0130R\u0130NC\u0130 ULUSLARARASI  ASSAM \u0130SL\u00c2M B\u0130RL\u0130\u011e\u0130 KONGRES\u0130<\/a><\/p>\n","protected":false},"excerpt":{"rendered":"<p>Kongremizin amac\u0131, \u0130sl\u00e2m \u00dclkelerinin bir irade alt\u0131nda&#46;&#46;&#46;<\/p>\n","protected":false},"author":1,"featured_media":2849,"comment_status":"open","ping_status":"open","sticky":false,"template":"","format":"standard","meta":{"_acf_changed":false,"footnotes":""},"categories":[323],"tags":[1026,996],"manset":[],"class_list":["post-2855","post","type-post","status-publish","format-standard","has-post-thumbnail","hentry","category-news","tag-1nci-uluslararasi-assam-kongresi","tag-kongre"],"acf":[],"yoast_head":"<!-- This site is optimized with the Yoast SEO plugin v26.1 - https:\/\/yoast.com\/wordpress\/plugins\/seo\/ -->\n<title>Assam<\/title>\n<meta name=\"robots\" content=\"index, follow, max-snippet:-1, max-image-preview:large, max-video-preview:-1\" \/>\n<link rel=\"canonical\" href=\"https:\/\/assam.org.tr\/en\/gecmisten-gelecege-yonetim-bicimleri-kongresi-acis-konusmasi-en\/\" \/>\n<meta property=\"og:locale\" content=\"en_US\" \/>\n<meta property=\"og:type\" content=\"article\" \/>\n<meta property=\"og:title\" content=\"Ge\u00e7mi\u015ften Gelece\u011fe Y\u00f6netim Bi\u00e7imleri Kongresi A\u00e7\u0131\u015f Konu\u015fmas\u0131 - Assam\" \/>\n<meta property=\"og:description\" content=\"Kongremizin amac\u0131, \u0130sl\u00e2m \u00dclkelerinin bir irade alt\u0131nda&#046;&#046;&#046;\" \/>\n<meta property=\"og:url\" content=\"https:\/\/assam.org.tr\/en\/gecmisten-gelecege-yonetim-bicimleri-kongresi-acis-konusmasi-en\/\" \/>\n<meta property=\"og:site_name\" content=\"Assam\" \/>\n<meta property=\"article:published_time\" content=\"2017-11-24T18:00:00+00:00\" \/>\n<meta property=\"og:image\" content=\"https:\/\/assam.org.tr\/downloads\/2017\/11\/cb9c495b17bc28a44ffb50c55572ed63.jpg\" \/>\n\t<meta property=\"og:image:width\" content=\"1600\" \/>\n\t<meta property=\"og:image:height\" content=\"900\" \/>\n\t<meta property=\"og:image:type\" content=\"image\/jpeg\" \/>\n<meta name=\"author\" content=\"admin\" \/>\n<meta name=\"twitter:card\" content=\"summary_large_image\" \/>\n<meta name=\"twitter:label1\" content=\"Written by\" \/>\n\t<meta name=\"twitter:data1\" content=\"admin\" \/>\n\t<meta name=\"twitter:label2\" content=\"Est. reading time\" \/>\n\t<meta name=\"twitter:data2\" content=\"25 minutes\" \/>\n<script type=\"application\/ld+json\" class=\"yoast-schema-graph\">{\"@context\":\"https:\/\/schema.org\",\"@graph\":[{\"@type\":\"WebPage\",\"@id\":\"https:\/\/assam.org.tr\/en\/gecmisten-gelecege-yonetim-bicimleri-kongresi-acis-konusmasi-en\/\",\"url\":\"https:\/\/assam.org.tr\/en\/gecmisten-gelecege-yonetim-bicimleri-kongresi-acis-konusmasi-en\/\",\"name\":\"Ge\u00e7mi\u015ften Gelece\u011fe Y\u00f6netim Bi\u00e7imleri Kongresi A\u00e7\u0131\u015f Konu\u015fmas\u0131 - Assam\",\"isPartOf\":{\"@id\":\"https:\/\/assam.org.tr\/en\/#website\"},\"primaryImageOfPage\":{\"@id\":\"https:\/\/assam.org.tr\/en\/gecmisten-gelecege-yonetim-bicimleri-kongresi-acis-konusmasi-en\/#primaryimage\"},\"image\":{\"@id\":\"https:\/\/assam.org.tr\/en\/gecmisten-gelecege-yonetim-bicimleri-kongresi-acis-konusmasi-en\/#primaryimage\"},\"thumbnailUrl\":\"https:\/\/assam.org.tr\/downloads\/2017\/11\/cb9c495b17bc28a44ffb50c55572ed63.jpg\",\"datePublished\":\"2017-11-24T18:00:00+00:00\",\"author\":{\"@id\":\"https:\/\/assam.org.tr\/en\/#\/schema\/person\/3acfcd4778cdd610ce53e7926748b2ef\"},\"breadcrumb\":{\"@id\":\"https:\/\/assam.org.tr\/en\/gecmisten-gelecege-yonetim-bicimleri-kongresi-acis-konusmasi-en\/#breadcrumb\"},\"inLanguage\":\"en-US\",\"potentialAction\":[{\"@type\":\"ReadAction\",\"target\":[\"https:\/\/assam.org.tr\/en\/gecmisten-gelecege-yonetim-bicimleri-kongresi-acis-konusmasi-en\/\"]}]},{\"@type\":\"ImageObject\",\"inLanguage\":\"en-US\",\"@id\":\"https:\/\/assam.org.tr\/en\/gecmisten-gelecege-yonetim-bicimleri-kongresi-acis-konusmasi-en\/#primaryimage\",\"url\":\"https:\/\/assam.org.tr\/downloads\/2017\/11\/cb9c495b17bc28a44ffb50c55572ed63.jpg\",\"contentUrl\":\"https:\/\/assam.org.tr\/downloads\/2017\/11\/cb9c495b17bc28a44ffb50c55572ed63.jpg\",\"width\":1600,\"height\":900,\"caption\":\"27 \u00dclkeden 1000'e yak\u0131n kat\u0131l\u0131mc\u0131 ile\"},{\"@type\":\"BreadcrumbList\",\"@id\":\"https:\/\/assam.org.tr\/en\/gecmisten-gelecege-yonetim-bicimleri-kongresi-acis-konusmasi-en\/#breadcrumb\",\"itemListElement\":[{\"@type\":\"ListItem\",\"position\":1,\"name\":\"Anasayfa\",\"item\":\"https:\/\/assam.org.tr\/en\/\"},{\"@type\":\"ListItem\",\"position\":2,\"name\":\"Ge\u00e7mi\u015ften Gelece\u011fe Y\u00f6netim Bi\u00e7imleri Kongresi A\u00e7\u0131\u015f Konu\u015fmas\u0131\"}]},{\"@type\":\"WebSite\",\"@id\":\"https:\/\/assam.org.tr\/en\/#website\",\"url\":\"https:\/\/assam.org.tr\/en\/\",\"name\":\"Assam\",\"description\":\"\",\"potentialAction\":[{\"@type\":\"SearchAction\",\"target\":{\"@type\":\"EntryPoint\",\"urlTemplate\":\"https:\/\/assam.org.tr\/en\/?s={search_term_string}\"},\"query-input\":{\"@type\":\"PropertyValueSpecification\",\"valueRequired\":true,\"valueName\":\"search_term_string\"}}],\"inLanguage\":\"en-US\"},{\"@type\":\"Person\",\"@id\":\"https:\/\/assam.org.tr\/en\/#\/schema\/person\/3acfcd4778cdd610ce53e7926748b2ef\",\"name\":\"admin\",\"image\":{\"@type\":\"ImageObject\",\"inLanguage\":\"en-US\",\"@id\":\"https:\/\/assam.org.tr\/en\/#\/schema\/person\/image\/\",\"url\":\"https:\/\/secure.gravatar.com\/avatar\/b64b9f9a11c3402664510c42229973ea79f05e8f86997d5123fb1c02cf533ea4?s=96&d=mm&r=g\",\"contentUrl\":\"https:\/\/secure.gravatar.com\/avatar\/b64b9f9a11c3402664510c42229973ea79f05e8f86997d5123fb1c02cf533ea4?s=96&d=mm&r=g\",\"caption\":\"admin\"},\"sameAs\":[\"https:\/\/yeni.assam.org.tr\"],\"url\":\"https:\/\/assam.org.tr\/en\/author\/admin\/\"}]}<\/script>\n<!-- \/ Yoast SEO plugin. -->","yoast_head_json":{"title":"Assam","robots":{"index":"index","follow":"follow","max-snippet":"max-snippet:-1","max-image-preview":"max-image-preview:large","max-video-preview":"max-video-preview:-1"},"canonical":"https:\/\/assam.org.tr\/en\/gecmisten-gelecege-yonetim-bicimleri-kongresi-acis-konusmasi-en\/","og_locale":"en_US","og_type":"article","og_title":"Ge\u00e7mi\u015ften Gelece\u011fe Y\u00f6netim Bi\u00e7imleri Kongresi A\u00e7\u0131\u015f Konu\u015fmas\u0131 - Assam","og_description":"Kongremizin amac\u0131, \u0130sl\u00e2m \u00dclkelerinin bir irade alt\u0131nda&#46;&#46;&#46;","og_url":"https:\/\/assam.org.tr\/en\/gecmisten-gelecege-yonetim-bicimleri-kongresi-acis-konusmasi-en\/","og_site_name":"Assam","article_published_time":"2017-11-24T18:00:00+00:00","og_image":[{"width":1600,"height":900,"url":"https:\/\/assam.org.tr\/downloads\/2017\/11\/cb9c495b17bc28a44ffb50c55572ed63.jpg","type":"image\/jpeg"}],"author":"admin","twitter_card":"summary_large_image","twitter_misc":{"Written by":"admin","Est. reading time":"25 minutes"},"schema":{"@context":"https:\/\/schema.org","@graph":[{"@type":"WebPage","@id":"https:\/\/assam.org.tr\/en\/gecmisten-gelecege-yonetim-bicimleri-kongresi-acis-konusmasi-en\/","url":"https:\/\/assam.org.tr\/en\/gecmisten-gelecege-yonetim-bicimleri-kongresi-acis-konusmasi-en\/","name":"Ge\u00e7mi\u015ften Gelece\u011fe Y\u00f6netim Bi\u00e7imleri Kongresi A\u00e7\u0131\u015f Konu\u015fmas\u0131 - Assam","isPartOf":{"@id":"https:\/\/assam.org.tr\/en\/#website"},"primaryImageOfPage":{"@id":"https:\/\/assam.org.tr\/en\/gecmisten-gelecege-yonetim-bicimleri-kongresi-acis-konusmasi-en\/#primaryimage"},"image":{"@id":"https:\/\/assam.org.tr\/en\/gecmisten-gelecege-yonetim-bicimleri-kongresi-acis-konusmasi-en\/#primaryimage"},"thumbnailUrl":"https:\/\/assam.org.tr\/downloads\/2017\/11\/cb9c495b17bc28a44ffb50c55572ed63.jpg","datePublished":"2017-11-24T18:00:00+00:00","author":{"@id":"https:\/\/assam.org.tr\/en\/#\/schema\/person\/3acfcd4778cdd610ce53e7926748b2ef"},"breadcrumb":{"@id":"https:\/\/assam.org.tr\/en\/gecmisten-gelecege-yonetim-bicimleri-kongresi-acis-konusmasi-en\/#breadcrumb"},"inLanguage":"en-US","potentialAction":[{"@type":"ReadAction","target":["https:\/\/assam.org.tr\/en\/gecmisten-gelecege-yonetim-bicimleri-kongresi-acis-konusmasi-en\/"]}]},{"@type":"ImageObject","inLanguage":"en-US","@id":"https:\/\/assam.org.tr\/en\/gecmisten-gelecege-yonetim-bicimleri-kongresi-acis-konusmasi-en\/#primaryimage","url":"https:\/\/assam.org.tr\/downloads\/2017\/11\/cb9c495b17bc28a44ffb50c55572ed63.jpg","contentUrl":"https:\/\/assam.org.tr\/downloads\/2017\/11\/cb9c495b17bc28a44ffb50c55572ed63.jpg","width":1600,"height":900,"caption":"27 \u00dclkeden 1000'e yak\u0131n kat\u0131l\u0131mc\u0131 ile"},{"@type":"BreadcrumbList","@id":"https:\/\/assam.org.tr\/en\/gecmisten-gelecege-yonetim-bicimleri-kongresi-acis-konusmasi-en\/#breadcrumb","itemListElement":[{"@type":"ListItem","position":1,"name":"Anasayfa","item":"https:\/\/assam.org.tr\/en\/"},{"@type":"ListItem","position":2,"name":"Ge\u00e7mi\u015ften Gelece\u011fe Y\u00f6netim Bi\u00e7imleri Kongresi A\u00e7\u0131\u015f Konu\u015fmas\u0131"}]},{"@type":"WebSite","@id":"https:\/\/assam.org.tr\/en\/#website","url":"https:\/\/assam.org.tr\/en\/","name":"Assam","description":"","potentialAction":[{"@type":"SearchAction","target":{"@type":"EntryPoint","urlTemplate":"https:\/\/assam.org.tr\/en\/?s={search_term_string}"},"query-input":{"@type":"PropertyValueSpecification","valueRequired":true,"valueName":"search_term_string"}}],"inLanguage":"en-US"},{"@type":"Person","@id":"https:\/\/assam.org.tr\/en\/#\/schema\/person\/3acfcd4778cdd610ce53e7926748b2ef","name":"admin","image":{"@type":"ImageObject","inLanguage":"en-US","@id":"https:\/\/assam.org.tr\/en\/#\/schema\/person\/image\/","url":"https:\/\/secure.gravatar.com\/avatar\/b64b9f9a11c3402664510c42229973ea79f05e8f86997d5123fb1c02cf533ea4?s=96&d=mm&r=g","contentUrl":"https:\/\/secure.gravatar.com\/avatar\/b64b9f9a11c3402664510c42229973ea79f05e8f86997d5123fb1c02cf533ea4?s=96&d=mm&r=g","caption":"admin"},"sameAs":["https:\/\/yeni.assam.org.tr"],"url":"https:\/\/assam.org.tr\/en\/author\/admin\/"}]}},"_links":{"self":[{"href":"https:\/\/assam.org.tr\/en\/wp-json\/wp\/v2\/posts\/2855","targetHints":{"allow":["GET"]}}],"collection":[{"href":"https:\/\/assam.org.tr\/en\/wp-json\/wp\/v2\/posts"}],"about":[{"href":"https:\/\/assam.org.tr\/en\/wp-json\/wp\/v2\/types\/post"}],"author":[{"embeddable":true,"href":"https:\/\/assam.org.tr\/en\/wp-json\/wp\/v2\/users\/1"}],"replies":[{"embeddable":true,"href":"https:\/\/assam.org.tr\/en\/wp-json\/wp\/v2\/comments?post=2855"}],"version-history":[{"count":0,"href":"https:\/\/assam.org.tr\/en\/wp-json\/wp\/v2\/posts\/2855\/revisions"}],"wp:featuredmedia":[{"embeddable":true,"href":"https:\/\/assam.org.tr\/en\/wp-json\/wp\/v2\/media\/2849"}],"wp:attachment":[{"href":"https:\/\/assam.org.tr\/en\/wp-json\/wp\/v2\/media?parent=2855"}],"wp:term":[{"taxonomy":"category","embeddable":true,"href":"https:\/\/assam.org.tr\/en\/wp-json\/wp\/v2\/categories?post=2855"},{"taxonomy":"post_tag","embeddable":true,"href":"https:\/\/assam.org.tr\/en\/wp-json\/wp\/v2\/tags?post=2855"},{"taxonomy":"manset","embeddable":true,"href":"https:\/\/assam.org.tr\/en\/wp-json\/wp\/v2\/manset?post=2855"}],"curies":[{"name":"wp","href":"https:\/\/api.w.org\/{rel}","templated":true}]}}