{"id":2872,"date":"2017-04-16T21:00:00","date_gmt":"2017-04-16T18:00:00","guid":{"rendered":"https:\/\/yeni.assam.org.tr\/index.php\/2017\/04\/16\/bize-dost-ermeniyi-dusman-eden-batili-yargiclar-en\/"},"modified":"2017-04-16T21:00:00","modified_gmt":"2017-04-16T18:00:00","slug":"bize-dost-ermeniyi-dusman-eden-batili-yargiclar-en","status":"publish","type":"post","link":"https:\/\/assam.org.tr\/en\/bize-dost-ermeniyi-dusman-eden-batili-yargiclar-en\/","title":{"rendered":"Western Judges Who Turned Friendly Armenians at Us (!)"},"content":{"rendered":"<p style=\"text-align: justify;\"><strong>The harmonious lifestyle of the Armenians, starting from the Great Seljuks, turned into a complete strife as of 1890. After the Ottoman-Russian war of 1877-78, when Russia occupied some cities in the north-east of Anatolia, it started to provoke the Armenians there against the Ottomans. At that time, France was also organizing Catholics. Thereupon, Britain started to propagate Protestantism among the Armenians, and in the meantime, it began to instill separatist feelings. They made an unsuccessful attempt in Van in 1888, and finally succeeded in starting a rebellion in Erzurum in 1890. In the same year, separatist Armenians killed some Armenians they saw as pro-Ottoman in Istanbul [13]. In that situation, which was created by the provocations of France, England and Russia, Armenians were also turned against each other according to the Catholic and Gregorian\/Orthodox sects.<\/strong><\/p>\n<p><!--more--><\/p>\n<p style=\"text-align: justify;\">INTRODUCTION\u00a0<\/p>\n<p style=\"text-align: justify;\">The \u201cArmenian genocide\u201d allegations, which have never been on the agenda in the West, have been inflamed this year as April approaches, in accordance with the usual timing. In mid-March, the European Parliament called on EU member states to recognize the \u201cArmenian genocide\u201d. Towards mid-April, the US Department of State repeated the accusation that 1.5 million Armenians were massacred at the end of the Ottoman Empire. At the same time, the spiritual leader of the Catholics, the Pope, also referred to the 1915 events as the \u201cArmenian genocide\u201d. Finally, on April 15, the European Parliament adopted the definition of \u201cgenocide\u201d for the 1915 events. Thus, the unity of many political and religious leaders of the \u201csecular\u201d West and Armenian religious and political leaders was once again seen. The events to be held against Turkey in Europe and the USA on April 24 may be a little more remarkable than in the past, but it is basically nothing but the usual partisanship.\u00a0\u00a0<\/p>\n<p style=\"text-align: justify;\">When that bias is traced back to the past, it will be seen that the instigators of the Armenian revolts in the Ottoman Empire were the religious and political authorities of the West. It is a pity that those Westerners have settled in a prestigious position such as judges today. The purpose of this article is to show the unity before those provocations and the grave result after those provocations, on its religious-political foundations, and then to make some proposals.\u00a0<\/p>\n<p style=\"text-align: justify;\">LIVING TOGETHER IN ISLAM AND ARMENIANS\u00a0<\/p>\n<p style=\"text-align: justify;\">Our first encounter with Armenians was during the Great Seljuk State. There were Armenian troops in the Byzantine army, which faced the Turkish army under the command of Sultan Alp Arslan in Manzikert. However, according to Armenian and Syriac historians, they did not participate in the war and turned away. Explaining the reason for this, the Syriac historian Mihael says that the Byzantines tried to impose their \u201ccorrupt sect\u201d on the Armenians for a long time [1]. As of today, the Armenians, who had been hostile towards Turkey and Azerbaijan for more than a century, actually became loyal citizens to the state both in the Seljuk and Ottoman Empires, and were called \u201cTeb\u2019a-y\u0131 sad\u0131ka (loyal citizens)\u201d by the Ottomans.<\/p>\n<p style=\"text-align: justify;\">It is with the confidence of their loyalty that after Mehmed II conquered Istanbul, he invited many Armenians in Anatolia and other parts of the world, settled them in this city, which he made the capital, and had the Armenian Patriarchate established [2].<\/p>\n<p style=\"text-align: justify;\">Their abilities in jewellery, leather, architecture, Turkish art music and many other fields are generally very compatible with their socio-cultural and socio-economic attitudes. Because of their compatibility, Armenians were also in charge of many levels of the state even during the recent rebellions. What ensures the loyalty of the Armenians, who are different from our society in terms of both religion and language, is the kind reception they got from the Ottomans, which is also due to Islam&#8217;s view of the \u201cother\u201d.<\/p>\n<p style=\"text-align: justify;\">According to Islam, it is necessary to know and accept the differences of people in language, religion and colors. Because, in the Qur&#8217;an, it is said, \u201cIf Allah had willed, He would have made you one community\u201d [3], \u201cthen your duty is only to deliver &#8216;the message&#8217;\u201d [4], and also, \u201cone of His signs is the creation of the heavens and the earth, and the diversity of your languages and colors\u201d [5]. The Prophet says, \u201cO people, all people are children of Adam and Eve\u201d [6]. As a matter of fact, in the first phase of the Islamic state, the Prophet and his companions accepted to live together with Jews, Christians and polytheists. It was the non-Muslims who spoiled the \u201cummah\u201d with that diversity.<\/p>\n<p style=\"text-align: justify;\">According to Islamic law, non-Muslims are called \u201cdhimmis\u201d and have equal rights with Muslims in terms of freedom. For this reason, it is essential to try to make Muslim and non-Muslim citizens happy in a sense of justice in Islam. It is because of this responsibility that Islamic states and societies, including the Seljuks and Ottomans, have always pleased their non-Muslim citizens. Western philosophers and scientists such as Voltaire [7] and Bernard Lewis [8] also accept this reality. This is how Muslims view the \u201cother\u201d and this is the reason why Armenians are \u201cloyal citizens\u201d.\u00a0<\/p>\n<p style=\"text-align: justify;\">INABILITY TO ACCEPT LIVING TOGETHER IN CHRISTIANITY\u00a0<\/p>\n<p style=\"text-align: justify;\">In Christianity, which the \u201cSaint\u201d Augustine transformed from a pacifist to a warrior, the \u201cother\u201d is almost what needs to be destroyed. The Crusades in the Middle Ages were organized by the highest authority, the popes, and almost all the states in the West participated in those expeditions. According to Pope Eugen IV, exterminating non-Christians is a great work to be done in the name of God [9]. In the campaign carried out in 1209 against the members of the Catharism, which is a mixed belief system of Manichaeism and Christianity, Christians in that region were murdered without discrimination between women and children. The answer given by Archpriest Arnaud Amaury to the knights who asked how they would separate \u201cthe servants of God from the heretical Cathars\u201d before the massacre was terrible: \u201cKill them all, God separates his servants\u201d [10]. The cultural heritage of the past lies at the root of all the known massacres and genocides committed by Westerners in Europe, Africa and America throughout history.<\/p>\n<p style=\"text-align: justify;\">According to the information given by Leo Huberman, one of the Christian writers, by counting all the expeditions, large and small, over 150 Crusades were organized on people of different faiths [11]. On the other hand, history has not recorded a single so-called \u201cCrescent Campaign\u201d in which all Muslim countries united and marched against non-Muslims. As a matter of fact, Nixon, one of the former US presidents, cited historian Willy Durant as a source and stated that the religious wars in history \u201care the products of Christians\u201d [12].\u00a0<\/p>\n<p style=\"text-align: justify;\">WESTERN STATES AS PROVOCATEURS OF ARMENIANS<\/p>\n<p style=\"text-align: justify;\">The above-mentioned harmonious lifestyle of the Armenians, starting from the Great Seljuks, turned into a complete strife as of 1890. It can be said that the first Armenian revolt in 1890 corresponds to a rather late date if one remembers that Napoleon provoked religious and ethnic differences in the Ottoman Empire during his campaign to Egypt in 1798, and that the Serbs who followed those provocations rebelled in 1804 and the Greeks in 1821. It is already known that Russia has been trying to break up the Ottoman Empire long ago. As a result, due to the internal events that have been looming since 1798, the Ottoman Empire, that is, the Russian Tsar Nicholas I, used the phrase in 1853, the division of the &#8220;sick man&#8217;s&#8221; lands by Germany, Austria, France, England and Russia was strengthened in the minds of Western politicians. Although they sometimes disagreed on some issues between them, they agreed to break up the Ottoman Empire.<\/p>\n<p style=\"text-align: justify;\">The Treaty of Berlin of 1878 was a very important trigger for the initiation of the Armenian revolts. After the Ottoman-Russian war of 1877-78, when Russia occupied some cities in the north-east of Anatolia, it started to provoke the Armenians there against the Ottomans. At that time, France was also organizing Catholics. Thereupon, Britain started to propagate Protestantism among the Armenians, and in the meantime, it began to instill separatist feelings. Some Armenians, who were under the influence of the propaganda of those three states, tried to get at least some autonomy for themselves in the 1878 Congress of Berlin, but they could not succeed. The separatist Armenian representatives, who returned empty-handed from that congress, in which the Ottoman Empire lost 287,510 square kilometers of land, took the previous Serbian and Greek revolts as an example. With the support of the Western states, with the participation of some Armenians inside and outside the Ottoman Empire, organizations such as Social Democrat Hunchakian Party in Switzerland and the Armenian Revolutionary Federation in the Caucasus, which was then under the control of Russia, started to carry out some terrorist acts. Even the loss of life caused by those terrorist organizations in their conflict with the Ottoman forces was committed as genocide in Europe. But not all of them were truly mass revolt. They made an unsuccessful attempt in Van in 1888, and finally succeeded in starting a rebellion in Erzurum in 1890. In the same year, separatist Armenians killed some Armenians they saw as pro-Ottoman in Istanbul [13].<\/p>\n<p style=\"text-align: justify;\">In that situation, which was created by the provocations of France, England and Russia, Armenians were also turned against each other according to the Catholic and Gregorian\/Orthodox sects. The reason for this is that France and England support Catholic Armenians, while their rivals Russia support Orthodox\/Gregorian Armenians. The beginning of the conflicts that broke out between those supports and the Armenians was the year 1890. The Kumkapi Demonstration (Bloody Sunday) on July 15, 1890, the assassination attempt against Patriarch Horen Ashekyan on April 27, 1894, and the events between Catholic and Orthodox Armenians in those days, especially in Kumkapi, are exemplary events.<\/p>\n<p style=\"text-align: justify;\">The most important of the Armenian revolts, which were seen in almost every part of Anatolia, and the mass attacks against the rape and life of the Muslim population, were experienced in Erzurum, Merzifon, Kayseri, Trabzon, Yozgat, Sasun-Siirt, Zeytun-Mara\u015f, Istanbul, Van and Adana. It has been determined that the Armenians, who rebelled in the Zeytun-Mara\u015f region between October 24, 1895 and January 28, 1896, fled from Mersin to Marseille under the auspices of England, and was registered as F. O. 424\/184 No: 426 in the British Foreign Affairs Archive. It turned out that those who led the Second Sasun-Siirt Rebellion were Caucasian Armenians who were trained in the Russian army. During all these events, there were sometimes \u201cmutualism\u201d (killing each other) incidents between Muslims and Armenians [14].<\/p>\n<p style=\"text-align: justify;\">Another very important event in that process was the fact that the Armenians planted a bomb in the car of Sultan Abdulhamid II on July 21, 1905, known as the \u201cYildiz assassination attempt\u201d.<\/p>\n<p style=\"text-align: justify;\">The last example today that the Armenians chose massacre as the only way is the massacres they committed in Khojaly in the Karabakh region of Azerbaijan.\u00a0<\/p>\n<p style=\"text-align: justify;\">ANSWERS TO SOME ALLEGATIONS\u00a0<\/p>\n<p style=\"text-align: justify;\">As it is known, while discussing Turkish-Armenian relations, some events in 1915 are brought to the agenda, but the Armenian massacres, which became more and more intense between 1890 and 1915, are ignored. However, if we look at 1915, aside from the valid explanations that there is no legal situation in line with the definition of \u201cgenocide\u201d, Even the fact that Turkey keeps its archives open and demands that the other side open its archives and allow historians to work together is convincing evidence that Turkey cannot be accused of genocide.<\/p>\n<p style=\"text-align: justify;\">On the other hand, it should not be forgotten that the deportation practice was the only way to stop the revolts and massacres of the Armenians, according to the situation of the Ottoman Empire at that time. Because since the French attack on Egypt in 1798, the Ottoman state was busy with wars and revolts. Before 1915, when the deportation was implemented, the Italo-Turkish War of 1911-1912 and the Balkan War of 1912-1913 were fought. The year 1915, when the deportation was implemented, was in the First World War, which started in 1914 and ended in 1918, which was the period when the Ottoman army was engaged in frontal wars on all sides; and this period is the years when it recruited hundreds of thousands of civilians and sent them to fronts such as \u00c7anakkale and Yemen, which are called \u201cthe one going to front does not come back\u201d. In the meantime, taking into account that exactly 25 years have passed between 1890, when the first mass Armenian events began, and 1915, when the deportation took place, it is sufficient to understand that the Ottomans resorted to deportation as a last resort.<\/p>\n<p style=\"text-align: justify;\">It is also a very bad situation that some local writers seem to accept the Western theses by pointing out the establishment of the Hamidiye regiments as a defect. It is not possible to confirm that thesis. Because the Hamidiye regiments, which were decided by Sultan Abdulhamid II in 1890 when the rebellion started, and started to work a year later, were established because the main army of the Ottoman Empire was engaged in wars in different regions due to internal and external wars and that those regiments fought both against the Armenian revolts and against the Russian occupation.\u00a0<\/p>\n<p style=\"text-align: justify;\">RESULT: SOME NEW FACTS AND PROPOSALS\u00a0<\/p>\n<p style=\"text-align: justify;\">One of the saddest facts is that the Westerners, who were the main promoters and supporters of the Armenian revolts and massacres of the Muslim population in the last period of the Ottoman Empire, are now settled in the position of judges instead of criminals. If Westerners are sincere in investigating those periods, they should know that they should accept their own actions being questioned during those events, and that they should face their own history while calling on us to \u201cface our history\u201d. It should be explained to them that they made two friendly nations hostile to each other and had them killed.<\/p>\n<p style=\"text-align: justify;\">Most importantly, it is necessary to find the opportunity to explain to the people in Europe, America and Armenia, that is, to the civil society, that Western politicians use the issue only for abuse, both yesterday and today, and activities should be carried out in that direction. In particular, it should be explained to the Armenian administration that it would be more beneficial to develop commercial and political contacts rather than to dispute with Turkey and Azerbaijan.<\/p>\n<p style=\"text-align: justify;\">&#8212;&#8212;&#8212;&#8212;&#8212;&#8212;&#8212;&#8211;\u00a0<\/p>\n<p style=\"text-align: justify;\">REFERENCES<\/p>\n<p style=\"text-align: justify;\">[1] Turan, Osman; Sel\u00e7uklular Zaman\u0131nda T\u00fcrkiye, Turan Ne\u015friyat Yurdu Yay\u0131nlar\u0131, \u0130stanbul, 1975, p. 29-30.<\/p>\n<p style=\"text-align: justify;\">[2] Daba\u011fyan, Levon Panos; T\u00fcrkiye Ermenileri Tarihi, 2. Bask\u0131, IQ K\u00fclt\u00fcr Sanat Yay\u0131nc\u0131l\u0131k, \u0130stanbul, 2004, p. 464-465.<\/p>\n<p style=\"text-align: justify;\">[3] Holy Qur\u2019an , Al-Ma&#8217;idah 5\/48; An-Nahl 16\/93.<\/p>\n<p style=\"text-align: justify;\">[4] Holy Qur\u2019an, Ali \u2018Imran 3\/20, Ar-Ra\u2019d 13\/40, An-Nahl 16\/82, Ash-Shuraa 42\/48.<\/p>\n<p style=\"text-align: justify;\">[5] Holy Qur\u2019an, Ar-Rum 30\/22.<\/p>\n<p style=\"text-align: justify;\">[6] Taber\u00ee.<\/p>\n<p style=\"text-align: justify;\">[7] Voltaire; T\u00fcrkler, M\u00fcsl\u00fcmanlar ve \u00d6tekiler, 2. Bask\u0131, \u0130lkbiz Yay\u0131nevi, \u0130stanbul, 2006, p. 19.<\/p>\n<p style=\"text-align: justify;\">[8] Lewis, Bernard; \u0130slam D\u00fcnyas\u0131nda Yahudiler, Translated by Bahad\u0131r Sina \u015eener, \u0130mge Kitabevi, 1996, Ankara, p. 32-33.<\/p>\n<p style=\"text-align: justify;\">[9] Lamartine, Alphonse de; Osmanl\u0131 Tarihi, 2. bask\u0131, Kap\u0131 Yay\u0131nlar\u0131, \u0130stanbul, 2011, p. 195.<\/p>\n<p style=\"text-align: justify;\">[10] Salunier, Mine G\u00f6k\u00e7e; G\u00fcl\u00fcn \u00d6teki Ad\u0131, Cep Kitaplar\u0131, \u0130stanbul, 1990, p. 16-17.<\/p>\n<p style=\"text-align: justify;\">[11] Huberman, Leo; Feodal Toplumdan Yirminci Y\u00fczy\u0131la, Translated by Murat Belge, \u0130leti\u015fim Yay\u0131nlar\u0131, \u0130stanbul, 2002, p. 29.<\/p>\n<p style=\"text-align: justify;\">[12] Nixon, Richard; Zaman\u0131 Yakalamak, Translated by Fato\u015f Dilber, Milliyet Yay\u0131nlar\u0131, \u0130stanbul, 1993, p. 177.<\/p>\n<p style=\"text-align: justify;\">[13] Armao\u011flu, Fahir H; Siyas\u00ee Tarih, Ankara \u00dcniversitesi SBF Yay\u0131nlar\u0131, 1975, Ankara, p. 272-279, 286-291.<\/p>\n<p style=\"text-align: justify;\">[14] Binark, \u0130smet; As\u0131ls\u0131z Ermeni \u0130ddialar\u0131 ve Ermenilerin T\u00fcrklere Yapt\u0131klar\u0131 Mezalim (Yaz\u0131l\u0131 Ar\u015fiv Belgeleri ve Foto\u011fraflarla), Ankara Ticaret Odas\u0131 Yay\u0131n\u0131, Ankara, 2005, p. 36-66.<\/p>\n","protected":false},"excerpt":{"rendered":"<p>The harmonious lifestyle of the Armenians, starting&#46;&#46;&#46;<\/p>\n","protected":false},"author":48,"featured_media":0,"comment_status":"open","ping_status":"open","sticky":false,"template":"","format":"standard","meta":{"_acf_changed":false,"footnotes":""},"categories":[236],"tags":[1304],"manset":[],"class_list":["post-2872","post","type-post","status-publish","format-standard","hentry","category-partnership-legislation","tag-armenians"],"acf":[],"yoast_head":"<!-- This site is optimized with the Yoast SEO plugin v26.1 - https:\/\/yoast.com\/wordpress\/plugins\/seo\/ -->\n<title>Assam<\/title>\n<meta name=\"robots\" content=\"index, follow, max-snippet:-1, max-image-preview:large, max-video-preview:-1\" \/>\n<link rel=\"canonical\" href=\"https:\/\/assam.org.tr\/en\/bize-dost-ermeniyi-dusman-eden-batili-yargiclar-en\/\" \/>\n<meta property=\"og:locale\" content=\"en_US\" \/>\n<meta property=\"og:type\" content=\"article\" \/>\n<meta property=\"og:title\" content=\"Western Judges Who Turned Friendly Armenians at Us (!) - Assam\" \/>\n<meta property=\"og:description\" content=\"The harmonious lifestyle of the Armenians, starting&#046;&#046;&#046;\" \/>\n<meta property=\"og:url\" content=\"https:\/\/assam.org.tr\/en\/bize-dost-ermeniyi-dusman-eden-batili-yargiclar-en\/\" \/>\n<meta property=\"og:site_name\" content=\"Assam\" \/>\n<meta property=\"article:published_time\" content=\"2017-04-16T18:00:00+00:00\" \/>\n<meta name=\"author\" content=\"H\u00fcseyin DAYI\" \/>\n<meta name=\"twitter:card\" content=\"summary_large_image\" \/>\n<meta name=\"twitter:label1\" content=\"Written by\" \/>\n\t<meta name=\"twitter:data1\" content=\"H\u00fcseyin DAYI\" \/>\n\t<meta name=\"twitter:label2\" content=\"Est. reading time\" \/>\n\t<meta name=\"twitter:data2\" content=\"13 minutes\" \/>\n<script type=\"application\/ld+json\" class=\"yoast-schema-graph\">{\"@context\":\"https:\/\/schema.org\",\"@graph\":[{\"@type\":\"WebPage\",\"@id\":\"https:\/\/assam.org.tr\/en\/bize-dost-ermeniyi-dusman-eden-batili-yargiclar-en\/\",\"url\":\"https:\/\/assam.org.tr\/en\/bize-dost-ermeniyi-dusman-eden-batili-yargiclar-en\/\",\"name\":\"Western Judges Who Turned Friendly Armenians at Us (!) - Assam\",\"isPartOf\":{\"@id\":\"https:\/\/assam.org.tr\/en\/#website\"},\"datePublished\":\"2017-04-16T18:00:00+00:00\",\"author\":{\"@id\":\"https:\/\/assam.org.tr\/en\/#\/schema\/person\/f942f2b92e38a1b868cd5594076509e7\"},\"breadcrumb\":{\"@id\":\"https:\/\/assam.org.tr\/en\/bize-dost-ermeniyi-dusman-eden-batili-yargiclar-en\/#breadcrumb\"},\"inLanguage\":\"en-US\",\"potentialAction\":[{\"@type\":\"ReadAction\",\"target\":[\"https:\/\/assam.org.tr\/en\/bize-dost-ermeniyi-dusman-eden-batili-yargiclar-en\/\"]}]},{\"@type\":\"BreadcrumbList\",\"@id\":\"https:\/\/assam.org.tr\/en\/bize-dost-ermeniyi-dusman-eden-batili-yargiclar-en\/#breadcrumb\",\"itemListElement\":[{\"@type\":\"ListItem\",\"position\":1,\"name\":\"Anasayfa\",\"item\":\"https:\/\/assam.org.tr\/en\/\"},{\"@type\":\"ListItem\",\"position\":2,\"name\":\"Western Judges Who Turned Friendly Armenians at Us (!)\"}]},{\"@type\":\"WebSite\",\"@id\":\"https:\/\/assam.org.tr\/en\/#website\",\"url\":\"https:\/\/assam.org.tr\/en\/\",\"name\":\"Assam\",\"description\":\"\",\"potentialAction\":[{\"@type\":\"SearchAction\",\"target\":{\"@type\":\"EntryPoint\",\"urlTemplate\":\"https:\/\/assam.org.tr\/en\/?s={search_term_string}\"},\"query-input\":{\"@type\":\"PropertyValueSpecification\",\"valueRequired\":true,\"valueName\":\"search_term_string\"}}],\"inLanguage\":\"en-US\"},{\"@type\":\"Person\",\"@id\":\"https:\/\/assam.org.tr\/en\/#\/schema\/person\/f942f2b92e38a1b868cd5594076509e7\",\"name\":\"H\u00fcseyin DAYI\",\"image\":{\"@type\":\"ImageObject\",\"inLanguage\":\"en-US\",\"@id\":\"https:\/\/assam.org.tr\/en\/#\/schema\/person\/image\/\",\"url\":\"https:\/\/secure.gravatar.com\/avatar\/a3fec1b1b3dfb1338a80ed5191290262e45b692518d048d0e79447e2d9a72d6e?s=96&d=mm&r=g\",\"contentUrl\":\"https:\/\/secure.gravatar.com\/avatar\/a3fec1b1b3dfb1338a80ed5191290262e45b692518d048d0e79447e2d9a72d6e?s=96&d=mm&r=g\",\"caption\":\"H\u00fcseyin DAYI\"},\"description\":\"H\u00fcseyin\u00a0DAYI\u00a0\u00a0\u00a0 1952 y\u0131l\u0131nda Erzurum\u2019da do\u011fdu. \u0130lk gen\u00e7lik y\u0131llar\u0131ndan itibaren, k\u00fclt\u00fcrel maksatla kurulmu\u015f \u00e7e\u015fitli derneklerde g\u00f6revler ald\u0131. \u00dcniversite tahsilini, \u0130ktisat ve felsefe olmak \u00fczere iki ayr\u0131 dalda yapt\u0131. S\u0131ras\u0131yla memuriyet, ticaret ve gazetecilikle me\u015fgul oldu. Genellikle din\u00ee inan\u00e7lar ile\u00a0felsef\u00ee\u00a0teorileri\u00a0ve sosyal hayata etkilerini inceledi. O maksatla \u00f6zellikle din, felsefe, tarih, antropoloji, sosyoloji ve sosyal psikoloji alanlar\u0131nda \u00e7ok y\u00f6nl\u00fc okuyup d\u00fc\u015f\u00fcnmeye y\u00f6neldi. Ulusal ve uluslararas\u0131 bilim kongrelerinde tebli\u011fler sundu, hakemli dergilerde makaleleri yay\u0131nland\u0131. Ba\u015fta T\u00fcrk milleti hakk\u0131ndakiler olmak \u00fczere, Bat\u0131\u2019da \u00fcretilmi\u015f millet teorileri ile milliyet\u00e7iliklerin yanl\u0131\u015f ve zararl\u0131 oldu\u011fu \u015feklindeki g\u00f6r\u00fc\u015flerini dile getirdi. T\u00fcrk teriminin, T\u00fcrk\u00e7eyi ortak dil olarak kullanan farkl\u0131 etnik k\u00f6kenden M\u00fcsl\u00fcman kavimlerin birle\u015fiminin ismi oldu\u011fu \u015feklindeki tespitini anlatt\u0131. \u00c7evrecilik, insan-hayvan-bitki haklar\u0131, sava\u015f aleyhtarl\u0131\u011f\u0131 ve demokrasinin en sa\u011flam temellerinin \u0130slamiyet\u2019te oldu\u011funu savundu. D\u00fcnya G\u00fcndemi, Star, Yeni \u015eafak, \u00d6nce Vatan ve Zaman gazetelerinde makaleleri; Yeni Asya ve Yeni \u015eafak gazetelerinde kendisiyle yap\u0131lan r\u00f6portajlar yay\u0131nland\u0131. Siyaset ve sosyal bilimler alan\u0131na \u201c\u00d6tekile\u015ftirmek\u201d kavram\u0131n\u0131 kazand\u0131rd\u0131. \u201cDevletin milleti- milletin devleti\u201d \u015feklindeki tasnifi de ilgi g\u00f6rmektedir. Orta derecede \u0130ngilizce bilen yazar, evli olup bir evlat babas\u0131d\u0131r. \u0130lk yay\u0131nlanma tarihi s\u0131ras\u0131na g\u00f6re kitaplar\u0131 \u015funlard\u0131r: 1- Bat\u0131\u2019dan \u0130thal Milliyet\u00e7ilik ve \u00d6tekile\u015ftirdikleri (T\u00fcrkler ve \u201c\u00d6teki\u201dler, Okumu\u015f Adam Yay\u0131nlar\u0131, 2006; T\u00fcrkler ve \u00d6tekile\u015ftirdiklerimiz, T\u0130MA\u015e Yay\u0131nlar\u0131, 2008, Akis Kitap Yay\u0131nlar\u0131, 2012). 2- Bat\u0131\u2019dan \u0130thal Milliyet\u00e7ili\u011fin Dinle Kavgas\u0131 (Bilgeo\u011fuz Yay\u0131nlar\u0131, 2010; Akis Kitap Yay\u0131nlar\u0131, 2012). 3- \u0130slam Medeniyetinin K\u00fcreselli\u011fi -Ba\u015fka Alternatif Yok-\u00a0(Akis Kitap Yay\u0131nlar\u0131, 2012). \u00a0 H\u00fcseyin\u00a0DAYI He was born in Erzurum in 1952. From his early youth, he took part in various associations established for cultural purposes. He completed his university education in two different branches, Economics and philosophy. He was engaged in civil service, trade and journalism, respectively. He generally studied religious beliefs and philosophical theories and their effects on social life. For this purpose, he tended to read and think in many ways, especially in the fields of religion, philosophy, history, anthropology, sociology and social psychology. He presented papers at national and international scientific congresses, and his articles were published in refereed journals. He expressed his views that nation theories and nationalisms produced in the West, especially those about the Turkish nation, are wrong and harmful. He explained his determination that the term \u201cTurk\u201d is the name of a combination of Muslim tribes of different ethnic origins who use Turkish as a common language. He argued that the most important foundations of environmentalism, human-animal-plant rights, anti-war and democracy are within Islam. His articles were published in the newspapers D\u00fcnya G\u00fcndem, Star, Yeni \u015eafak, First Vatan and Zaman, and interviews with him were published in the newspapers Yeni Asya and Yeni \u015eafak. He introduced the concept of \u201cmarginalizing\u201d to the field of politics and social sciences. His classification as \u201cthe nation of the state - the state of the nation\u201d also attracts attention. The author, who speaks intermediate level English, is married and has a son. The books, in order by date of first publication, are: 1- Bat\u0131\u2019dan \u0130thal Milliyet\u00e7ilik ve \u00d6tekile\u015ftirdikleri (T\u00fcrkler ve \u201c\u00d6teki\u201dler, Okumu\u015f Adam Yay\u0131nlar\u0131, 2006; T\u00fcrkler ve \u00d6tekile\u015ftirdiklerimiz, T\u0130MA\u015e Yay\u0131nlar\u0131, 2008, Akis Kitap Yay\u0131nlar\u0131, 2012). 2- Bat\u0131\u2019dan \u0130thal Milliyet\u00e7ili\u011fin Dinle Kavgas\u0131 (Bilgeo\u011fuz Yay\u0131nlar\u0131, 2010; Akis Kitap Yay\u0131nlar\u0131, 2012). 3- \u0130slam Medeniyetinin K\u00fcreselli\u011fi -Ba\u015fka Alternatif Yok-\u00a0(Akis Kitap Yay\u0131nlar\u0131, 2012).\",\"url\":\"https:\/\/assam.org.tr\/en\/author\/yazar\/\"}]}<\/script>\n<!-- \/ Yoast SEO plugin. -->","yoast_head_json":{"title":"Assam","robots":{"index":"index","follow":"follow","max-snippet":"max-snippet:-1","max-image-preview":"max-image-preview:large","max-video-preview":"max-video-preview:-1"},"canonical":"https:\/\/assam.org.tr\/en\/bize-dost-ermeniyi-dusman-eden-batili-yargiclar-en\/","og_locale":"en_US","og_type":"article","og_title":"Western Judges Who Turned Friendly Armenians at Us (!) - Assam","og_description":"The harmonious lifestyle of the Armenians, starting&#46;&#46;&#46;","og_url":"https:\/\/assam.org.tr\/en\/bize-dost-ermeniyi-dusman-eden-batili-yargiclar-en\/","og_site_name":"Assam","article_published_time":"2017-04-16T18:00:00+00:00","author":"H\u00fcseyin DAYI","twitter_card":"summary_large_image","twitter_misc":{"Written by":"H\u00fcseyin DAYI","Est. reading time":"13 minutes"},"schema":{"@context":"https:\/\/schema.org","@graph":[{"@type":"WebPage","@id":"https:\/\/assam.org.tr\/en\/bize-dost-ermeniyi-dusman-eden-batili-yargiclar-en\/","url":"https:\/\/assam.org.tr\/en\/bize-dost-ermeniyi-dusman-eden-batili-yargiclar-en\/","name":"Western Judges Who Turned Friendly Armenians at Us (!) - Assam","isPartOf":{"@id":"https:\/\/assam.org.tr\/en\/#website"},"datePublished":"2017-04-16T18:00:00+00:00","author":{"@id":"https:\/\/assam.org.tr\/en\/#\/schema\/person\/f942f2b92e38a1b868cd5594076509e7"},"breadcrumb":{"@id":"https:\/\/assam.org.tr\/en\/bize-dost-ermeniyi-dusman-eden-batili-yargiclar-en\/#breadcrumb"},"inLanguage":"en-US","potentialAction":[{"@type":"ReadAction","target":["https:\/\/assam.org.tr\/en\/bize-dost-ermeniyi-dusman-eden-batili-yargiclar-en\/"]}]},{"@type":"BreadcrumbList","@id":"https:\/\/assam.org.tr\/en\/bize-dost-ermeniyi-dusman-eden-batili-yargiclar-en\/#breadcrumb","itemListElement":[{"@type":"ListItem","position":1,"name":"Anasayfa","item":"https:\/\/assam.org.tr\/en\/"},{"@type":"ListItem","position":2,"name":"Western Judges Who Turned Friendly Armenians at Us (!)"}]},{"@type":"WebSite","@id":"https:\/\/assam.org.tr\/en\/#website","url":"https:\/\/assam.org.tr\/en\/","name":"Assam","description":"","potentialAction":[{"@type":"SearchAction","target":{"@type":"EntryPoint","urlTemplate":"https:\/\/assam.org.tr\/en\/?s={search_term_string}"},"query-input":{"@type":"PropertyValueSpecification","valueRequired":true,"valueName":"search_term_string"}}],"inLanguage":"en-US"},{"@type":"Person","@id":"https:\/\/assam.org.tr\/en\/#\/schema\/person\/f942f2b92e38a1b868cd5594076509e7","name":"H\u00fcseyin DAYI","image":{"@type":"ImageObject","inLanguage":"en-US","@id":"https:\/\/assam.org.tr\/en\/#\/schema\/person\/image\/","url":"https:\/\/secure.gravatar.com\/avatar\/a3fec1b1b3dfb1338a80ed5191290262e45b692518d048d0e79447e2d9a72d6e?s=96&d=mm&r=g","contentUrl":"https:\/\/secure.gravatar.com\/avatar\/a3fec1b1b3dfb1338a80ed5191290262e45b692518d048d0e79447e2d9a72d6e?s=96&d=mm&r=g","caption":"H\u00fcseyin DAYI"},"description":"H\u00fcseyin\u00a0DAYI\u00a0\u00a0\u00a0 1952 y\u0131l\u0131nda Erzurum\u2019da do\u011fdu. \u0130lk gen\u00e7lik y\u0131llar\u0131ndan itibaren, k\u00fclt\u00fcrel maksatla kurulmu\u015f \u00e7e\u015fitli derneklerde g\u00f6revler ald\u0131. \u00dcniversite tahsilini, \u0130ktisat ve felsefe olmak \u00fczere iki ayr\u0131 dalda yapt\u0131. S\u0131ras\u0131yla memuriyet, ticaret ve gazetecilikle me\u015fgul oldu. Genellikle din\u00ee inan\u00e7lar ile\u00a0felsef\u00ee\u00a0teorileri\u00a0ve sosyal hayata etkilerini inceledi. O maksatla \u00f6zellikle din, felsefe, tarih, antropoloji, sosyoloji ve sosyal psikoloji alanlar\u0131nda \u00e7ok y\u00f6nl\u00fc okuyup d\u00fc\u015f\u00fcnmeye y\u00f6neldi. Ulusal ve uluslararas\u0131 bilim kongrelerinde tebli\u011fler sundu, hakemli dergilerde makaleleri yay\u0131nland\u0131. Ba\u015fta T\u00fcrk milleti hakk\u0131ndakiler olmak \u00fczere, Bat\u0131\u2019da \u00fcretilmi\u015f millet teorileri ile milliyet\u00e7iliklerin yanl\u0131\u015f ve zararl\u0131 oldu\u011fu \u015feklindeki g\u00f6r\u00fc\u015flerini dile getirdi. T\u00fcrk teriminin, T\u00fcrk\u00e7eyi ortak dil olarak kullanan farkl\u0131 etnik k\u00f6kenden M\u00fcsl\u00fcman kavimlerin birle\u015fiminin ismi oldu\u011fu \u015feklindeki tespitini anlatt\u0131. \u00c7evrecilik, insan-hayvan-bitki haklar\u0131, sava\u015f aleyhtarl\u0131\u011f\u0131 ve demokrasinin en sa\u011flam temellerinin \u0130slamiyet\u2019te oldu\u011funu savundu. D\u00fcnya G\u00fcndemi, Star, Yeni \u015eafak, \u00d6nce Vatan ve Zaman gazetelerinde makaleleri; Yeni Asya ve Yeni \u015eafak gazetelerinde kendisiyle yap\u0131lan r\u00f6portajlar yay\u0131nland\u0131. Siyaset ve sosyal bilimler alan\u0131na \u201c\u00d6tekile\u015ftirmek\u201d kavram\u0131n\u0131 kazand\u0131rd\u0131. \u201cDevletin milleti- milletin devleti\u201d \u015feklindeki tasnifi de ilgi g\u00f6rmektedir. Orta derecede \u0130ngilizce bilen yazar, evli olup bir evlat babas\u0131d\u0131r. \u0130lk yay\u0131nlanma tarihi s\u0131ras\u0131na g\u00f6re kitaplar\u0131 \u015funlard\u0131r: 1- Bat\u0131\u2019dan \u0130thal Milliyet\u00e7ilik ve \u00d6tekile\u015ftirdikleri (T\u00fcrkler ve \u201c\u00d6teki\u201dler, Okumu\u015f Adam Yay\u0131nlar\u0131, 2006; T\u00fcrkler ve \u00d6tekile\u015ftirdiklerimiz, T\u0130MA\u015e Yay\u0131nlar\u0131, 2008, Akis Kitap Yay\u0131nlar\u0131, 2012). 2- Bat\u0131\u2019dan \u0130thal Milliyet\u00e7ili\u011fin Dinle Kavgas\u0131 (Bilgeo\u011fuz Yay\u0131nlar\u0131, 2010; Akis Kitap Yay\u0131nlar\u0131, 2012). 3- \u0130slam Medeniyetinin K\u00fcreselli\u011fi -Ba\u015fka Alternatif Yok-\u00a0(Akis Kitap Yay\u0131nlar\u0131, 2012). \u00a0 H\u00fcseyin\u00a0DAYI He was born in Erzurum in 1952. From his early youth, he took part in various associations established for cultural purposes. He completed his university education in two different branches, Economics and philosophy. He was engaged in civil service, trade and journalism, respectively. He generally studied religious beliefs and philosophical theories and their effects on social life. For this purpose, he tended to read and think in many ways, especially in the fields of religion, philosophy, history, anthropology, sociology and social psychology. He presented papers at national and international scientific congresses, and his articles were published in refereed journals. He expressed his views that nation theories and nationalisms produced in the West, especially those about the Turkish nation, are wrong and harmful. He explained his determination that the term \u201cTurk\u201d is the name of a combination of Muslim tribes of different ethnic origins who use Turkish as a common language. He argued that the most important foundations of environmentalism, human-animal-plant rights, anti-war and democracy are within Islam. His articles were published in the newspapers D\u00fcnya G\u00fcndem, Star, Yeni \u015eafak, First Vatan and Zaman, and interviews with him were published in the newspapers Yeni Asya and Yeni \u015eafak. He introduced the concept of \u201cmarginalizing\u201d to the field of politics and social sciences. His classification as \u201cthe nation of the state - the state of the nation\u201d also attracts attention. The author, who speaks intermediate level English, is married and has a son. The books, in order by date of first publication, are: 1- Bat\u0131\u2019dan \u0130thal Milliyet\u00e7ilik ve \u00d6tekile\u015ftirdikleri (T\u00fcrkler ve \u201c\u00d6teki\u201dler, Okumu\u015f Adam Yay\u0131nlar\u0131, 2006; T\u00fcrkler ve \u00d6tekile\u015ftirdiklerimiz, T\u0130MA\u015e Yay\u0131nlar\u0131, 2008, Akis Kitap Yay\u0131nlar\u0131, 2012). 2- Bat\u0131\u2019dan \u0130thal Milliyet\u00e7ili\u011fin Dinle Kavgas\u0131 (Bilgeo\u011fuz Yay\u0131nlar\u0131, 2010; Akis Kitap Yay\u0131nlar\u0131, 2012). 3- \u0130slam Medeniyetinin K\u00fcreselli\u011fi -Ba\u015fka Alternatif Yok-\u00a0(Akis Kitap Yay\u0131nlar\u0131, 2012).","url":"https:\/\/assam.org.tr\/en\/author\/yazar\/"}]}},"_links":{"self":[{"href":"https:\/\/assam.org.tr\/en\/wp-json\/wp\/v2\/posts\/2872","targetHints":{"allow":["GET"]}}],"collection":[{"href":"https:\/\/assam.org.tr\/en\/wp-json\/wp\/v2\/posts"}],"about":[{"href":"https:\/\/assam.org.tr\/en\/wp-json\/wp\/v2\/types\/post"}],"author":[{"embeddable":true,"href":"https:\/\/assam.org.tr\/en\/wp-json\/wp\/v2\/users\/48"}],"replies":[{"embeddable":true,"href":"https:\/\/assam.org.tr\/en\/wp-json\/wp\/v2\/comments?post=2872"}],"version-history":[{"count":0,"href":"https:\/\/assam.org.tr\/en\/wp-json\/wp\/v2\/posts\/2872\/revisions"}],"wp:attachment":[{"href":"https:\/\/assam.org.tr\/en\/wp-json\/wp\/v2\/media?parent=2872"}],"wp:term":[{"taxonomy":"category","embeddable":true,"href":"https:\/\/assam.org.tr\/en\/wp-json\/wp\/v2\/categories?post=2872"},{"taxonomy":"post_tag","embeddable":true,"href":"https:\/\/assam.org.tr\/en\/wp-json\/wp\/v2\/tags?post=2872"},{"taxonomy":"manset","embeddable":true,"href":"https:\/\/assam.org.tr\/en\/wp-json\/wp\/v2\/manset?post=2872"}],"curies":[{"name":"wp","href":"https:\/\/api.w.org\/{rel}","templated":true}]}}