{"id":2873,"date":"2015-01-12T22:00:00","date_gmt":"2015-01-12T19:00:00","guid":{"rendered":"https:\/\/yeni.assam.org.tr\/index.php\/2015\/01\/12\/bati-da-yeni-sosyo-politik-insa-ve-islam-dunyasi-en\/"},"modified":"2015-01-12T22:00:00","modified_gmt":"2015-01-12T19:00:00","slug":"bati-da-yeni-sosyo-politik-insa-ve-islam-dunyasi-en","status":"publish","type":"post","link":"https:\/\/assam.org.tr\/en\/bati-da-yeni-sosyo-politik-insa-ve-islam-dunyasi-en\/","title":{"rendered":"New Socio-Political Construction in the West and the Islamic World (January 13, 2015)"},"content":{"rendered":"<p style=\"text-align: justify;\"><span style=\"font-size: 14pt; font-family: 'book antiqua', palatino, serif;\"><strong>In our article titled &#8220;The Unchangeable Social Psychology and Management Problem in Iraq and Syria&#8221;, we covered the &#8220;only solution: violence&#8221; conditioning of the oppressed in the Middle East, which is caused by the oppression\/violence of both local and invading rulers, with the example of Iraq. Our attention was focused on the socio-psychological construction of the Middle East.\u00a0<\/strong><strong>Not long after in France, we heard about the bloody attack on the headquarters of Charlie Hebdo magazine, which caricatured the Prophet Muhammad (pbuh). According to the latest concepts of modernity, the perception in the West was as follows: Oppressed <em>\u201csecular freedom of expression\u201d<\/em> versus cruel <em>\u201cMuslim terrorists\u201d<\/em>.\u00a0In the Islamic world, however, there have been few who appreciate the aggressive ones.\u00a0<\/strong><strong>In other words, on the one hand, saying or making people say the sacred improbable words under the name of freedom of expression; on the other hand, committing or making people commit terrorist activities in the form of massacre in the name of defense of the sacred. This event required the subject of this article to be the new socio-psychological structuring of the West, to complete our previous article.<\/strong><\/span><\/p>\n<p><!--more--><\/p>\n<p style=\"text-align: justify;\"><span style=\"font-size: 14pt; font-family: 'book antiqua', palatino, serif;\"><strong>New Categories to the Old World<\/strong>\u00a0<\/span><\/p>\n<p style=\"text-align: justify;\"><span style=\"font-size: 14pt; font-family: 'book antiqua', palatino, serif;\">The political-military polarization in the form of &#8220;East-West&#8221; in the world during the Cold War was ideological in nature based on liberal and communist systems. However, the opposition intellectual movement, which started on the communist side many years ago, had become widely accepted. That opposition was even raising its voice to the face of Mikhail Gorbachev, who became the Secretary General of the USSR in 1985. Thereupon, Gorbachev&#8217;s proposal for a new order to the world and counter-opinions from the United States began. Another interesting aspect of the matter was that those views were served to the world public opinion by being published in a book. It was quite an open bargain. Gorbachev initiated the exchange of views with the books.<\/span><\/p>\n<p style=\"text-align: justify;\"><span style=\"font-size: 14pt; font-family: 'book antiqua', palatino, serif;\">Gorbachev announced that he had launched <em>\u201cGlasnost and Perestroika (Openness and Reconstruction)\u201d<\/em> with his book &#8220;Glasnost \u2013 What Do I Really Want&#8221; and that he would democratize the system in a Western sense. The Secretary General, who did not neglect to give assurances to the Jews within his borders, did not only talk about democratization in his book, but also about integration with Europe with the phrase <em>\u201cour home in Europe\u201d<\/em>. He also talks about a Europe <em>\u201cfrom the Atlantic to the Urals\u201d<\/em>, signaling the exclusion of the Muslim peoples east of the Urals in the USSR and the USA in NATO; he argued that integration would be <em>\u201can extremely high historical and cultural category in the spiritual sense\u201d<\/em> [1].<\/span><\/p>\n<p style=\"text-align: justify;\"><span style=\"font-size: 14pt; font-family: 'book antiqua', palatino, serif;\">The dominant circles in the USA, which is seen as the <em>\u201cleader of the free world\u201d<\/em>, felt uneasy about this situation. After Gorbachev&#8217;s announcements, political scientist Zbigniew Brzezinski, one of the former vice presidents of the USA, wrote a book called <em>\u201cThe Grand Failure\u201d<\/em>. Brzezinski accepted the participation of the Eastern European countries, which were included in the Warsaw Pact, to the European Community, provided that they fulfilled certain conditions. He suggested that the countries of the USSR should gather together with Russia under the name of \u201cEurasian Republics Union\u201d, without failing even one of them [2].<\/span><\/p>\n<p style=\"text-align: justify;\"><span style=\"font-size: 14pt; font-family: 'book antiqua', palatino, serif;\">When the Warsaw Pact was dissolved in 1989, an article by US political scientist Francis Fukuyama entitled <em>\u201cThe End of History?\u201d<\/em> was published. In 1990, the communist system completely collapsed, and in 1991 the USSR dissolved. Fukuyama also published his thesis, based on the views of Hegel and Koj\u00e9ve, in a book. However, instead of the hesitant title of \u201cEnd of History?\u201d in his article, he used the more precise title of <em>\u201cThe End of History and the Last Man\u201d<\/em> in his book. The result he declared was the victory of capitalism with a <em>\u201cProtestant morality\u201d<\/em> [3].<\/span><\/p>\n<p style=\"text-align: justify;\"><span style=\"font-size: 14pt; font-family: 'book antiqua', palatino, serif;\">That statement was construed as declaring victory for the US-led liberal economy, but it could also mean that there was no longer an enemy to fight, but that the United States had no significance in the international arena. That is why it got some reactions within the USA. The most effective reaction came from Richard Nixon, one of the former presidents of the USA. Nixon, in his book <em>\u201cSeize the Moment &#8211; America&#8217;s Challenge in a One\u2011superpower\u201d<\/em> published in 1992, said that the USA had more powers to fight in the world. Nixon, who counts the underdeveloped countries with nuclear weapons and religious radicals in the Muslim world, among the groups that will be fought if necessary; Emphasizing <em>the growth rate of the Muslim population, he states that there are two values America cannot give up in the Middle East, and shows one of them as Israel and the other as oil;<\/em> <em>he also stated that no US president and member of Congress could accept the destruction of the state of Israel.<\/em>\u00a0Saying that no state can replace America in terms of leadership, in terms of such principles and military-economic power; since the USA was isolated, it was strongly opposed to Gorbachev&#8217;s <em>\u201cEurope from the Atlantic to the Urals\u201d<\/em> project and argued that America should continue to lead the world [4].<\/span><\/p>\n<p style=\"text-align: justify;\"><span style=\"font-size: 14pt; font-family: 'book antiqua', palatino, serif;\">Another US political scientist, Samuel P. Huntington, in his article titled <em>\u201cClash of Civilizations?\u201d<\/em>, suggested that there would be a clash of civilizations from now on as a \u201cprediction\u201d(!). He stated that the poles in that conflict would be <em>\u201cthe West and non-Westerners\u201d<\/em>. Huntington also proposed the inclusion of <em>Orthodox Christians<\/em>, who had not been part of the Western alliance until then, but said he had some hesitations for the Russians. On the other hand, he defined the segment that he defined as the opposite party as <em>\u201cIslamic-Confucian civilization\u201d<\/em> [5]. As can be seen, the political classification in this idea is purely religious.<\/span><\/p>\n<p style=\"text-align: justify;\"><span style=\"font-size: 14pt; font-family: 'book antiqua', palatino, serif;\">After all, in Nixon&#8217;s statements, by implication, and in Huntington&#8217;s statement, clearly, the Islamic world was mentioned as a potential danger or even an enemy. But only verbal suggestion was not enough for persuasion. It was not enough for terrorist organizations such as the Boko Haram and ISIS to appear in the media as killing machines in the Islamic geography. According to social psychology, which is already a branch of science, other factors were needed.\u00a0<\/span><\/p>\n<p style=\"text-align: justify;\"><span style=\"font-size: 14pt; font-family: 'book antiqua', palatino, serif;\"><strong>A Social Psychology Experiment<\/strong>\u00a0<\/span><\/p>\n<p style=\"text-align: justify;\"><span style=\"font-size: 14pt; font-family: 'book antiqua', palatino, serif;\">\u00a0Even in the twentieth century, the prevailing racist attitude in the United States included the Chinese among the most hated (note that Huntington&#8217;s thesis on civilizations in conflict, cited above, counts the &#8220;Confucian&#8221; civilization alongside &#8220;Islam&#8221;). In 1934, an American researcher named LaPiere took a young Chinese couple with him on a trip to all the states. During that trip, they entered 66 hotels and 184 restaurants. Only one of these businesses did not let them in. In others, they did not encounter behavior that can be considered unpleasant. The same researcher decides to visit the same businesses again, taking the same couple with him six months later. This time, he wrote a letter to each of those businesses without stating their previous visit. What he said in his letter consisted of announcing their arrival with a Chinese family and requesting a reservation. Those businesses display an attitude contrary to their previous positive behaviors: 92% gave a definite rejection answer, 7% do not answer, only 1% made a reservation with a positive answer [6].<\/span><\/p>\n<p style=\"text-align: justify;\"><span style=\"font-size: 14pt; font-family: 'book antiqua', palatino, serif;\">Here is the result: The feeling of hatred in social psychology is not manifested in every situation. A <em>stimulation<\/em> is needed that will reveal the feeling of hatred. The &#8220;Chinese family&#8221; description that LaPiere mentioned in his reservation request did that job.\u00a0<\/span><\/p>\n<p style=\"text-align: justify;\"><span style=\"font-size: 14pt; font-family: 'book antiqua', palatino, serif;\"><strong>Experimental Attacks<\/strong><\/span><\/p>\n<p style=\"text-align: justify;\"><span style=\"font-size: 14pt; font-family: 'book antiqua', palatino, serif;\">It is well known that a significant part of the West also hates Muslims. The attacks carried out on September 11, 2001, in the United States, on March 11, 2004 in Madrid, in London on July 5, 2005, which were attributed to some Muslims, and the attacks carried out in France on January 7, 2015, which were obviously carried out by some Muslims, enabled that hatred to be attributed to wider masses. At least it has raised concern among Muslims about the presence of some violent\/terrorist-preferred groups such as al-Nusra, al-Shabaab, Boko Haram, al-Qaeda, ISIS. Because it was different to watch their murders in the Islamic world (perhaps with some satisfaction) from the media, and it was different to see them directly in the Christian society.<\/span><\/p>\n<p style=\"text-align: justify;\"><span style=\"font-size: 14pt; font-family: 'book antiqua', palatino, serif;\">The first of the above-mentioned terrorist incidents increased the sensitivity of the <em>religious and irreligious masses<\/em> in the USA and the others in Europe. Especially in EU countries, where some analysts say that there is a strong possibility of disintegration, shouting slogans and carrying banners such as <em>\u201cWe are Europe\u201d<\/em> is enough to show who benefited from those actions.<\/span><\/p>\n<p style=\"text-align: justify;\"><span style=\"font-size: 14pt; font-family: 'book antiqua', palatino, serif;\">On the other hand, there was an inconsistency in the international official protest march against terrorism in Paris on January 11, 2015 with the theme of \u201cFreedom of expression and brotherhood\u201d. The correct theme should have been \u201crespect to the Sacred and brotherhood\u201d. What is it if it is not inconsistent to consider the lack of respect or even ridicule of a society&#8217;s sacredness as &#8220;freedom of expression&#8221;, and then talk about brotherhood with that society?<\/span><\/p>\n<p style=\"text-align: justify;\"><span style=\"font-size: 14pt; font-family: 'book antiqua', palatino, serif;\">For the Muslims\u2026 \u00a0\u00a0\u00a0<\/span><\/p>\n<p style=\"text-align: justify;\"><span style=\"font-size: 14pt; font-family: 'book antiqua', palatino, serif;\">Undoubtedly, someone&#8217;s caricature of the Prophet Muhammad (pbuh) is a &#8220;freedom of expression&#8221; for Muslims to react to. But the meddlesomeness of a few tactless people could not have been a basis for terror to the extent that it would terrify the whole people.<\/span><\/p>\n<p style=\"text-align: justify;\"><span style=\"font-size: 14pt; font-family: 'book antiqua', palatino, serif;\">Blasphemy and terrorism. Both are products of modernity.<\/span><\/p>\n<p style=\"text-align: justify;\"><span style=\"font-size: 14pt; font-family: 'book antiqua', palatino, serif;\">Which one is worse?<\/span><\/p>\n<p style=\"text-align: justify;\"><span style=\"font-size: 14pt; font-family: 'book antiqua', palatino, serif;\">It&#8217;s not possible to acquit one, not the other. Especially as the great scholar Nasreddin Hodja said to both sides, <em>\u201cYou are right, too\u201d<\/em>, it is impossible to show the right side of both parties in a way that flatters the pride of both parties, and to make them give up on the wrong side. Because both are totally wrong.<\/span><\/p>\n<p style=\"text-align: justify;\"><span style=\"font-size: 14pt; font-family: 'book antiqua', palatino, serif;\">The most reasonable thing was that civilized non-governmental organizations in the Muslim world published protest messages in magazines like that, placed advertisements in newspapers, called on the Western people to show solidarity in that direction, and applied to official and unofficial authorities and insisted on respect for the sacred. With those activities, a very important public support could be obtained in the West. Even though there was no such activity, there were also Westerners who condemned the &#8220;oppressed&#8221; magazine and criticized the banners in the marches after the incident. One of them is New York Times writer David Brooks. During the marches, banners &#8220;I am Charlie&#8221; were carried, referring to the name of Charlie Hebdo magazine. In his article on January 9, Brooks said, &#8220;I am not Charlie Hebdo,&#8221; and defended &#8220;measures of respect and civilization against the magazine&#8217;s offensive sense of humor&#8221; [7].\u00a0\u00a0<\/span><\/p>\n<p style=\"text-align: justify;\"><span style=\"font-size: 14pt; font-family: 'book antiqua', palatino, serif;\"><strong>Conclusion<\/strong>\u00a0<\/span><\/p>\n<p style=\"text-align: justify;\"><span style=\"font-size: 14pt; font-family: 'book antiqua', palatino, serif;\">\u00a0This article is not defending the thesis that Western intelligence agencies have organized some conspiracies. But the \u201cmanipulating events\u201d activities announced by a former CIA director in our article examining the social psychology of the Middle East should, of course, also make you think about such conspiracies. The reason for emphasizing both meanings with expressions such as &#8220;to do\/to have it done&#8221; in the article is that there are serious doubts in that direction.<\/span><\/p>\n<p style=\"text-align: justify;\"><span style=\"font-size: 14pt; font-family: 'book antiqua', palatino, serif;\">As it can be understood from its title and content, this article actually states that the events experienced with the social psychologies created will provide the results desired by influential figures in Western politics, especially the USA, such as Brzezinski, Nixon, Huntington and Fukuyama, and Putin, the most important leader of the Commonwealth of Independent States. As a matter of fact, Putin put forward the &#8220;Eurasian Union&#8221; structure, which Brzezinski recommended -as mentioned above- in his book, as if it were his own idea, and he also found supporters from various countries in the region, including Turkey.<\/span><\/p>\n<p style=\"text-align: justify;\"><span style=\"font-size: 14pt; font-family: 'book antiqua', palatino, serif;\">In this transitional period, when the rulers of the old world shared the new world among them, it is sad that the desire for the <em>\u201cIslamic Union\u201d<\/em>, which has sprouted in the heart of the Islamic world, has still not been projected so that <em>the majority of the people, religious and non-religious<\/em>, can come to an agreement. However, it should not be considered unreasonable to hope that conscious Muslims, whose intellectual level is highly advanced, can come up with such an explanation and achieve the consensus of the majority. As long as it is understood that every project of our age seriously needs the support of the sociologically heterogeneous masses. \u00a0\u00a0\u00a0<\/span><\/p>\n<p style=\"text-align: justify;\"><span style=\"font-size: 14pt; font-family: 'book antiqua', palatino, serif;\">\u2026\u2026\u2026\u2026\u2026<\/span><\/p>\n<p style=\"text-align: justify;\"><span style=\"font-size: 14pt; font-family: 'book antiqua', palatino, serif;\"><strong>REFERENCES<\/strong><\/span><\/p>\n<p style=\"text-align: justify;\"><span style=\"font-size: 14pt; font-family: 'book antiqua', palatino, serif;\">[1] Gorba\u00e7ov, Mihail; <em>Glasnost and Perestroika<\/em>, Translated by Tuba Tarcan \u00c7andar ve Ahmet Cemal, 5. Edition, D\u00f6nemli Yay\u0131nc\u0131l\u0131k, \u0130stanbul, 1988, pp. 41-179.<\/span><\/p>\n<p style=\"text-align: justify;\"><span style=\"font-size: 14pt; font-family: 'book antiqua', palatino, serif;\">[2] Brzezinski, Zbigniew; <em>The Grand Failure<\/em>, Translated by G\u00fcl Keskil ve G\u00fclsev Pakkan, T\u00fcrkiye \u0130\u015f Bankas\u0131 K\u00fclt\u00fcr Yay\u0131nlar\u0131, Ankara, 1990, pp. 230-233.<\/span><\/p>\n<p style=\"text-align: justify;\"><span style=\"font-size: 14pt; font-family: 'book antiqua', palatino, serif;\">[3] Fukuyama, Francis; <em>The End of History and the Last Man<\/em>, Translated by Z\u00fclf\u00fc Dicleli, Simavi Yay\u0131nlar\u0131, Istanbul, t.y.<\/span><\/p>\n<p style=\"text-align: justify;\"><span style=\"font-size: 14pt; font-family: 'book antiqua', palatino, serif;\">[4] Nixon, Richard; <em>Seize the Moment &#8211; America&#8217;s Challenge in a One\u2011superpower<\/em>, Translated by Fato\u015f Dilber, Milliyet Yay\u0131nlar\u0131, \u0130stanbul, 1992.<\/span><\/p>\n<p style=\"text-align: justify;\"><span style=\"font-size: 14pt; font-family: 'book antiqua', palatino, serif;\">[5] Huntington, Samuel P.; \u201cClash of Civilizations?\u201d, Translated by Mustafa \u00c7al\u0131k, T\u00fcrkiye G\u00fcnl\u00fc\u011f\u00fc dergisi, p. 23, 1993.<\/span><\/p>\n<p style=\"text-align: justify;\"><span style=\"font-size: 14pt; font-family: 'book antiqua', palatino, serif;\">[6] Arkona\u00e7, Sibel A; Sosyal Psikoloji, 2. edition, Alfa Yay\u0131nlar\u0131, \u0130stanbul, 2001, p. 162.<\/span><\/p>\n<p style=\"text-align: justify;\"><span style=\"font-size: 14pt; font-family: 'book antiqua', palatino, serif;\">[7] Brooks, David; \u201cI Am Not Charlie Hebdo\u201d,\u00a0<a href=\"http:\/\/www.nytimes.com\/2015\/01\/09\/opinion\/david-brooks-i-am-not-charlie-hebdo.html?partner=rssnyt&#038;emc=rss&#038;_r=0\">www.nytimes.com\/2015\/01\/09\/opinion\/david-brooks-i-am-not-charlie-hebdo.html?partner=rssnyt&#038;emc=rss&#038;_r=0<\/a><\/span><\/p>\n<p style=\"text-align: justify;\"><span style=\"font-size: 14pt; font-family: 'book antiqua', palatino, serif;\">\u00a0<\/span><\/p>\n","protected":false},"excerpt":{"rendered":"<p>In our article titled &#8220;The Unchangeable Social&#46;&#46;&#46;<\/p>\n","protected":false},"author":48,"featured_media":0,"comment_status":"open","ping_status":"open","sticky":false,"template":"","format":"standard","meta":{"_acf_changed":false,"footnotes":""},"categories":[236],"tags":[891],"manset":[],"class_list":["post-2873","post","type-post","status-publish","format-standard","hentry","category-partnership-legislation","tag-islam-dusmanligi-teror-islam-birligi"],"acf":[],"yoast_head":"<!-- This site is optimized with the Yoast SEO plugin v26.1 - https:\/\/yoast.com\/wordpress\/plugins\/seo\/ -->\n<title>Assam<\/title>\n<meta name=\"description\" content=\"So\u011fuk sava\u015ftan sonra Bat\u0131l\u0131lar\u0131n \u0130slamofobi a\u015f\u0131lay\u0131p d\u00fcnyay\u0131 yeniden kampla\u015ft\u0131rmas\u0131.\" \/>\n<meta name=\"robots\" content=\"index, follow, max-snippet:-1, max-image-preview:large, max-video-preview:-1\" \/>\n<link rel=\"canonical\" href=\"https:\/\/assam.org.tr\/en\/bati-da-yeni-sosyo-politik-insa-ve-islam-dunyasi-en\/\" \/>\n<meta property=\"og:locale\" content=\"en_US\" \/>\n<meta property=\"og:type\" content=\"article\" \/>\n<meta property=\"og:title\" content=\"New Socio-Political Construction in the West and the Islamic World (January 13, 2015) - Assam\" \/>\n<meta property=\"og:description\" content=\"So\u011fuk sava\u015ftan sonra Bat\u0131l\u0131lar\u0131n \u0130slamofobi a\u015f\u0131lay\u0131p d\u00fcnyay\u0131 yeniden kampla\u015ft\u0131rmas\u0131.\" \/>\n<meta property=\"og:url\" content=\"https:\/\/assam.org.tr\/en\/bati-da-yeni-sosyo-politik-insa-ve-islam-dunyasi-en\/\" \/>\n<meta property=\"og:site_name\" content=\"Assam\" \/>\n<meta property=\"article:published_time\" content=\"2015-01-12T19:00:00+00:00\" \/>\n<meta name=\"author\" content=\"H\u00fcseyin DAYI\" \/>\n<meta name=\"twitter:card\" content=\"summary_large_image\" \/>\n<meta name=\"twitter:label1\" content=\"Written by\" \/>\n\t<meta name=\"twitter:data1\" content=\"H\u00fcseyin DAYI\" \/>\n\t<meta name=\"twitter:label2\" content=\"Est. reading time\" \/>\n\t<meta name=\"twitter:data2\" content=\"11 minutes\" \/>\n<script type=\"application\/ld+json\" class=\"yoast-schema-graph\">{\"@context\":\"https:\/\/schema.org\",\"@graph\":[{\"@type\":\"WebPage\",\"@id\":\"https:\/\/assam.org.tr\/en\/bati-da-yeni-sosyo-politik-insa-ve-islam-dunyasi-en\/\",\"url\":\"https:\/\/assam.org.tr\/en\/bati-da-yeni-sosyo-politik-insa-ve-islam-dunyasi-en\/\",\"name\":\"New Socio-Political Construction in the West and the Islamic World (January 13, 2015) - Assam\",\"isPartOf\":{\"@id\":\"https:\/\/assam.org.tr\/en\/#website\"},\"datePublished\":\"2015-01-12T19:00:00+00:00\",\"author\":{\"@id\":\"https:\/\/assam.org.tr\/en\/#\/schema\/person\/f942f2b92e38a1b868cd5594076509e7\"},\"description\":\"So\u011fuk sava\u015ftan sonra Bat\u0131l\u0131lar\u0131n \u0130slamofobi a\u015f\u0131lay\u0131p d\u00fcnyay\u0131 yeniden kampla\u015ft\u0131rmas\u0131.\",\"breadcrumb\":{\"@id\":\"https:\/\/assam.org.tr\/en\/bati-da-yeni-sosyo-politik-insa-ve-islam-dunyasi-en\/#breadcrumb\"},\"inLanguage\":\"en-US\",\"potentialAction\":[{\"@type\":\"ReadAction\",\"target\":[\"https:\/\/assam.org.tr\/en\/bati-da-yeni-sosyo-politik-insa-ve-islam-dunyasi-en\/\"]}]},{\"@type\":\"BreadcrumbList\",\"@id\":\"https:\/\/assam.org.tr\/en\/bati-da-yeni-sosyo-politik-insa-ve-islam-dunyasi-en\/#breadcrumb\",\"itemListElement\":[{\"@type\":\"ListItem\",\"position\":1,\"name\":\"Anasayfa\",\"item\":\"https:\/\/assam.org.tr\/en\/\"},{\"@type\":\"ListItem\",\"position\":2,\"name\":\"New Socio-Political Construction in the West and the Islamic World (January 13, 2015)\"}]},{\"@type\":\"WebSite\",\"@id\":\"https:\/\/assam.org.tr\/en\/#website\",\"url\":\"https:\/\/assam.org.tr\/en\/\",\"name\":\"Assam\",\"description\":\"\",\"potentialAction\":[{\"@type\":\"SearchAction\",\"target\":{\"@type\":\"EntryPoint\",\"urlTemplate\":\"https:\/\/assam.org.tr\/en\/?s={search_term_string}\"},\"query-input\":{\"@type\":\"PropertyValueSpecification\",\"valueRequired\":true,\"valueName\":\"search_term_string\"}}],\"inLanguage\":\"en-US\"},{\"@type\":\"Person\",\"@id\":\"https:\/\/assam.org.tr\/en\/#\/schema\/person\/f942f2b92e38a1b868cd5594076509e7\",\"name\":\"H\u00fcseyin DAYI\",\"image\":{\"@type\":\"ImageObject\",\"inLanguage\":\"en-US\",\"@id\":\"https:\/\/assam.org.tr\/en\/#\/schema\/person\/image\/\",\"url\":\"https:\/\/secure.gravatar.com\/avatar\/a3fec1b1b3dfb1338a80ed5191290262e45b692518d048d0e79447e2d9a72d6e?s=96&d=mm&r=g\",\"contentUrl\":\"https:\/\/secure.gravatar.com\/avatar\/a3fec1b1b3dfb1338a80ed5191290262e45b692518d048d0e79447e2d9a72d6e?s=96&d=mm&r=g\",\"caption\":\"H\u00fcseyin DAYI\"},\"description\":\"H\u00fcseyin\u00a0DAYI\u00a0\u00a0\u00a0 1952 y\u0131l\u0131nda Erzurum\u2019da do\u011fdu. \u0130lk gen\u00e7lik y\u0131llar\u0131ndan itibaren, k\u00fclt\u00fcrel maksatla kurulmu\u015f \u00e7e\u015fitli derneklerde g\u00f6revler ald\u0131. \u00dcniversite tahsilini, \u0130ktisat ve felsefe olmak \u00fczere iki ayr\u0131 dalda yapt\u0131. S\u0131ras\u0131yla memuriyet, ticaret ve gazetecilikle me\u015fgul oldu. Genellikle din\u00ee inan\u00e7lar ile\u00a0felsef\u00ee\u00a0teorileri\u00a0ve sosyal hayata etkilerini inceledi. O maksatla \u00f6zellikle din, felsefe, tarih, antropoloji, sosyoloji ve sosyal psikoloji alanlar\u0131nda \u00e7ok y\u00f6nl\u00fc okuyup d\u00fc\u015f\u00fcnmeye y\u00f6neldi. Ulusal ve uluslararas\u0131 bilim kongrelerinde tebli\u011fler sundu, hakemli dergilerde makaleleri yay\u0131nland\u0131. Ba\u015fta T\u00fcrk milleti hakk\u0131ndakiler olmak \u00fczere, Bat\u0131\u2019da \u00fcretilmi\u015f millet teorileri ile milliyet\u00e7iliklerin yanl\u0131\u015f ve zararl\u0131 oldu\u011fu \u015feklindeki g\u00f6r\u00fc\u015flerini dile getirdi. T\u00fcrk teriminin, T\u00fcrk\u00e7eyi ortak dil olarak kullanan farkl\u0131 etnik k\u00f6kenden M\u00fcsl\u00fcman kavimlerin birle\u015fiminin ismi oldu\u011fu \u015feklindeki tespitini anlatt\u0131. \u00c7evrecilik, insan-hayvan-bitki haklar\u0131, sava\u015f aleyhtarl\u0131\u011f\u0131 ve demokrasinin en sa\u011flam temellerinin \u0130slamiyet\u2019te oldu\u011funu savundu. D\u00fcnya G\u00fcndemi, Star, Yeni \u015eafak, \u00d6nce Vatan ve Zaman gazetelerinde makaleleri; Yeni Asya ve Yeni \u015eafak gazetelerinde kendisiyle yap\u0131lan r\u00f6portajlar yay\u0131nland\u0131. Siyaset ve sosyal bilimler alan\u0131na \u201c\u00d6tekile\u015ftirmek\u201d kavram\u0131n\u0131 kazand\u0131rd\u0131. \u201cDevletin milleti- milletin devleti\u201d \u015feklindeki tasnifi de ilgi g\u00f6rmektedir. Orta derecede \u0130ngilizce bilen yazar, evli olup bir evlat babas\u0131d\u0131r. \u0130lk yay\u0131nlanma tarihi s\u0131ras\u0131na g\u00f6re kitaplar\u0131 \u015funlard\u0131r: 1- Bat\u0131\u2019dan \u0130thal Milliyet\u00e7ilik ve \u00d6tekile\u015ftirdikleri (T\u00fcrkler ve \u201c\u00d6teki\u201dler, Okumu\u015f Adam Yay\u0131nlar\u0131, 2006; T\u00fcrkler ve \u00d6tekile\u015ftirdiklerimiz, T\u0130MA\u015e Yay\u0131nlar\u0131, 2008, Akis Kitap Yay\u0131nlar\u0131, 2012). 2- Bat\u0131\u2019dan \u0130thal Milliyet\u00e7ili\u011fin Dinle Kavgas\u0131 (Bilgeo\u011fuz Yay\u0131nlar\u0131, 2010; Akis Kitap Yay\u0131nlar\u0131, 2012). 3- \u0130slam Medeniyetinin K\u00fcreselli\u011fi -Ba\u015fka Alternatif Yok-\u00a0(Akis Kitap Yay\u0131nlar\u0131, 2012). \u00a0 H\u00fcseyin\u00a0DAYI He was born in Erzurum in 1952. From his early youth, he took part in various associations established for cultural purposes. He completed his university education in two different branches, Economics and philosophy. He was engaged in civil service, trade and journalism, respectively. He generally studied religious beliefs and philosophical theories and their effects on social life. For this purpose, he tended to read and think in many ways, especially in the fields of religion, philosophy, history, anthropology, sociology and social psychology. He presented papers at national and international scientific congresses, and his articles were published in refereed journals. He expressed his views that nation theories and nationalisms produced in the West, especially those about the Turkish nation, are wrong and harmful. He explained his determination that the term \u201cTurk\u201d is the name of a combination of Muslim tribes of different ethnic origins who use Turkish as a common language. He argued that the most important foundations of environmentalism, human-animal-plant rights, anti-war and democracy are within Islam. His articles were published in the newspapers D\u00fcnya G\u00fcndem, Star, Yeni \u015eafak, First Vatan and Zaman, and interviews with him were published in the newspapers Yeni Asya and Yeni \u015eafak. He introduced the concept of \u201cmarginalizing\u201d to the field of politics and social sciences. His classification as \u201cthe nation of the state - the state of the nation\u201d also attracts attention. The author, who speaks intermediate level English, is married and has a son. The books, in order by date of first publication, are: 1- Bat\u0131\u2019dan \u0130thal Milliyet\u00e7ilik ve \u00d6tekile\u015ftirdikleri (T\u00fcrkler ve \u201c\u00d6teki\u201dler, Okumu\u015f Adam Yay\u0131nlar\u0131, 2006; T\u00fcrkler ve \u00d6tekile\u015ftirdiklerimiz, T\u0130MA\u015e Yay\u0131nlar\u0131, 2008, Akis Kitap Yay\u0131nlar\u0131, 2012). 2- Bat\u0131\u2019dan \u0130thal Milliyet\u00e7ili\u011fin Dinle Kavgas\u0131 (Bilgeo\u011fuz Yay\u0131nlar\u0131, 2010; Akis Kitap Yay\u0131nlar\u0131, 2012). 3- \u0130slam Medeniyetinin K\u00fcreselli\u011fi -Ba\u015fka Alternatif Yok-\u00a0(Akis Kitap Yay\u0131nlar\u0131, 2012).\",\"url\":\"https:\/\/assam.org.tr\/en\/author\/yazar\/\"}]}<\/script>\n<!-- \/ Yoast SEO plugin. -->","yoast_head_json":{"title":"Assam","description":"So\u011fuk sava\u015ftan sonra Bat\u0131l\u0131lar\u0131n \u0130slamofobi a\u015f\u0131lay\u0131p d\u00fcnyay\u0131 yeniden kampla\u015ft\u0131rmas\u0131.","robots":{"index":"index","follow":"follow","max-snippet":"max-snippet:-1","max-image-preview":"max-image-preview:large","max-video-preview":"max-video-preview:-1"},"canonical":"https:\/\/assam.org.tr\/en\/bati-da-yeni-sosyo-politik-insa-ve-islam-dunyasi-en\/","og_locale":"en_US","og_type":"article","og_title":"New Socio-Political Construction in the West and the Islamic World (January 13, 2015) - Assam","og_description":"So\u011fuk sava\u015ftan sonra Bat\u0131l\u0131lar\u0131n \u0130slamofobi a\u015f\u0131lay\u0131p d\u00fcnyay\u0131 yeniden kampla\u015ft\u0131rmas\u0131.","og_url":"https:\/\/assam.org.tr\/en\/bati-da-yeni-sosyo-politik-insa-ve-islam-dunyasi-en\/","og_site_name":"Assam","article_published_time":"2015-01-12T19:00:00+00:00","author":"H\u00fcseyin DAYI","twitter_card":"summary_large_image","twitter_misc":{"Written by":"H\u00fcseyin DAYI","Est. reading time":"11 minutes"},"schema":{"@context":"https:\/\/schema.org","@graph":[{"@type":"WebPage","@id":"https:\/\/assam.org.tr\/en\/bati-da-yeni-sosyo-politik-insa-ve-islam-dunyasi-en\/","url":"https:\/\/assam.org.tr\/en\/bati-da-yeni-sosyo-politik-insa-ve-islam-dunyasi-en\/","name":"New Socio-Political Construction in the West and the Islamic World (January 13, 2015) - Assam","isPartOf":{"@id":"https:\/\/assam.org.tr\/en\/#website"},"datePublished":"2015-01-12T19:00:00+00:00","author":{"@id":"https:\/\/assam.org.tr\/en\/#\/schema\/person\/f942f2b92e38a1b868cd5594076509e7"},"description":"So\u011fuk sava\u015ftan sonra Bat\u0131l\u0131lar\u0131n \u0130slamofobi a\u015f\u0131lay\u0131p d\u00fcnyay\u0131 yeniden kampla\u015ft\u0131rmas\u0131.","breadcrumb":{"@id":"https:\/\/assam.org.tr\/en\/bati-da-yeni-sosyo-politik-insa-ve-islam-dunyasi-en\/#breadcrumb"},"inLanguage":"en-US","potentialAction":[{"@type":"ReadAction","target":["https:\/\/assam.org.tr\/en\/bati-da-yeni-sosyo-politik-insa-ve-islam-dunyasi-en\/"]}]},{"@type":"BreadcrumbList","@id":"https:\/\/assam.org.tr\/en\/bati-da-yeni-sosyo-politik-insa-ve-islam-dunyasi-en\/#breadcrumb","itemListElement":[{"@type":"ListItem","position":1,"name":"Anasayfa","item":"https:\/\/assam.org.tr\/en\/"},{"@type":"ListItem","position":2,"name":"New Socio-Political Construction in the West and the Islamic World (January 13, 2015)"}]},{"@type":"WebSite","@id":"https:\/\/assam.org.tr\/en\/#website","url":"https:\/\/assam.org.tr\/en\/","name":"Assam","description":"","potentialAction":[{"@type":"SearchAction","target":{"@type":"EntryPoint","urlTemplate":"https:\/\/assam.org.tr\/en\/?s={search_term_string}"},"query-input":{"@type":"PropertyValueSpecification","valueRequired":true,"valueName":"search_term_string"}}],"inLanguage":"en-US"},{"@type":"Person","@id":"https:\/\/assam.org.tr\/en\/#\/schema\/person\/f942f2b92e38a1b868cd5594076509e7","name":"H\u00fcseyin DAYI","image":{"@type":"ImageObject","inLanguage":"en-US","@id":"https:\/\/assam.org.tr\/en\/#\/schema\/person\/image\/","url":"https:\/\/secure.gravatar.com\/avatar\/a3fec1b1b3dfb1338a80ed5191290262e45b692518d048d0e79447e2d9a72d6e?s=96&d=mm&r=g","contentUrl":"https:\/\/secure.gravatar.com\/avatar\/a3fec1b1b3dfb1338a80ed5191290262e45b692518d048d0e79447e2d9a72d6e?s=96&d=mm&r=g","caption":"H\u00fcseyin DAYI"},"description":"H\u00fcseyin\u00a0DAYI\u00a0\u00a0\u00a0 1952 y\u0131l\u0131nda Erzurum\u2019da do\u011fdu. \u0130lk gen\u00e7lik y\u0131llar\u0131ndan itibaren, k\u00fclt\u00fcrel maksatla kurulmu\u015f \u00e7e\u015fitli derneklerde g\u00f6revler ald\u0131. \u00dcniversite tahsilini, \u0130ktisat ve felsefe olmak \u00fczere iki ayr\u0131 dalda yapt\u0131. S\u0131ras\u0131yla memuriyet, ticaret ve gazetecilikle me\u015fgul oldu. Genellikle din\u00ee inan\u00e7lar ile\u00a0felsef\u00ee\u00a0teorileri\u00a0ve sosyal hayata etkilerini inceledi. O maksatla \u00f6zellikle din, felsefe, tarih, antropoloji, sosyoloji ve sosyal psikoloji alanlar\u0131nda \u00e7ok y\u00f6nl\u00fc okuyup d\u00fc\u015f\u00fcnmeye y\u00f6neldi. Ulusal ve uluslararas\u0131 bilim kongrelerinde tebli\u011fler sundu, hakemli dergilerde makaleleri yay\u0131nland\u0131. Ba\u015fta T\u00fcrk milleti hakk\u0131ndakiler olmak \u00fczere, Bat\u0131\u2019da \u00fcretilmi\u015f millet teorileri ile milliyet\u00e7iliklerin yanl\u0131\u015f ve zararl\u0131 oldu\u011fu \u015feklindeki g\u00f6r\u00fc\u015flerini dile getirdi. T\u00fcrk teriminin, T\u00fcrk\u00e7eyi ortak dil olarak kullanan farkl\u0131 etnik k\u00f6kenden M\u00fcsl\u00fcman kavimlerin birle\u015fiminin ismi oldu\u011fu \u015feklindeki tespitini anlatt\u0131. \u00c7evrecilik, insan-hayvan-bitki haklar\u0131, sava\u015f aleyhtarl\u0131\u011f\u0131 ve demokrasinin en sa\u011flam temellerinin \u0130slamiyet\u2019te oldu\u011funu savundu. D\u00fcnya G\u00fcndemi, Star, Yeni \u015eafak, \u00d6nce Vatan ve Zaman gazetelerinde makaleleri; Yeni Asya ve Yeni \u015eafak gazetelerinde kendisiyle yap\u0131lan r\u00f6portajlar yay\u0131nland\u0131. Siyaset ve sosyal bilimler alan\u0131na \u201c\u00d6tekile\u015ftirmek\u201d kavram\u0131n\u0131 kazand\u0131rd\u0131. \u201cDevletin milleti- milletin devleti\u201d \u015feklindeki tasnifi de ilgi g\u00f6rmektedir. Orta derecede \u0130ngilizce bilen yazar, evli olup bir evlat babas\u0131d\u0131r. \u0130lk yay\u0131nlanma tarihi s\u0131ras\u0131na g\u00f6re kitaplar\u0131 \u015funlard\u0131r: 1- Bat\u0131\u2019dan \u0130thal Milliyet\u00e7ilik ve \u00d6tekile\u015ftirdikleri (T\u00fcrkler ve \u201c\u00d6teki\u201dler, Okumu\u015f Adam Yay\u0131nlar\u0131, 2006; T\u00fcrkler ve \u00d6tekile\u015ftirdiklerimiz, T\u0130MA\u015e Yay\u0131nlar\u0131, 2008, Akis Kitap Yay\u0131nlar\u0131, 2012). 2- Bat\u0131\u2019dan \u0130thal Milliyet\u00e7ili\u011fin Dinle Kavgas\u0131 (Bilgeo\u011fuz Yay\u0131nlar\u0131, 2010; Akis Kitap Yay\u0131nlar\u0131, 2012). 3- \u0130slam Medeniyetinin K\u00fcreselli\u011fi -Ba\u015fka Alternatif Yok-\u00a0(Akis Kitap Yay\u0131nlar\u0131, 2012). \u00a0 H\u00fcseyin\u00a0DAYI He was born in Erzurum in 1952. From his early youth, he took part in various associations established for cultural purposes. He completed his university education in two different branches, Economics and philosophy. He was engaged in civil service, trade and journalism, respectively. He generally studied religious beliefs and philosophical theories and their effects on social life. For this purpose, he tended to read and think in many ways, especially in the fields of religion, philosophy, history, anthropology, sociology and social psychology. He presented papers at national and international scientific congresses, and his articles were published in refereed journals. He expressed his views that nation theories and nationalisms produced in the West, especially those about the Turkish nation, are wrong and harmful. He explained his determination that the term \u201cTurk\u201d is the name of a combination of Muslim tribes of different ethnic origins who use Turkish as a common language. He argued that the most important foundations of environmentalism, human-animal-plant rights, anti-war and democracy are within Islam. His articles were published in the newspapers D\u00fcnya G\u00fcndem, Star, Yeni \u015eafak, First Vatan and Zaman, and interviews with him were published in the newspapers Yeni Asya and Yeni \u015eafak. He introduced the concept of \u201cmarginalizing\u201d to the field of politics and social sciences. His classification as \u201cthe nation of the state - the state of the nation\u201d also attracts attention. The author, who speaks intermediate level English, is married and has a son. The books, in order by date of first publication, are: 1- Bat\u0131\u2019dan \u0130thal Milliyet\u00e7ilik ve \u00d6tekile\u015ftirdikleri (T\u00fcrkler ve \u201c\u00d6teki\u201dler, Okumu\u015f Adam Yay\u0131nlar\u0131, 2006; T\u00fcrkler ve \u00d6tekile\u015ftirdiklerimiz, T\u0130MA\u015e Yay\u0131nlar\u0131, 2008, Akis Kitap Yay\u0131nlar\u0131, 2012). 2- Bat\u0131\u2019dan \u0130thal Milliyet\u00e7ili\u011fin Dinle Kavgas\u0131 (Bilgeo\u011fuz Yay\u0131nlar\u0131, 2010; Akis Kitap Yay\u0131nlar\u0131, 2012). 3- \u0130slam Medeniyetinin K\u00fcreselli\u011fi -Ba\u015fka Alternatif Yok-\u00a0(Akis Kitap Yay\u0131nlar\u0131, 2012).","url":"https:\/\/assam.org.tr\/en\/author\/yazar\/"}]}},"_links":{"self":[{"href":"https:\/\/assam.org.tr\/en\/wp-json\/wp\/v2\/posts\/2873","targetHints":{"allow":["GET"]}}],"collection":[{"href":"https:\/\/assam.org.tr\/en\/wp-json\/wp\/v2\/posts"}],"about":[{"href":"https:\/\/assam.org.tr\/en\/wp-json\/wp\/v2\/types\/post"}],"author":[{"embeddable":true,"href":"https:\/\/assam.org.tr\/en\/wp-json\/wp\/v2\/users\/48"}],"replies":[{"embeddable":true,"href":"https:\/\/assam.org.tr\/en\/wp-json\/wp\/v2\/comments?post=2873"}],"version-history":[{"count":0,"href":"https:\/\/assam.org.tr\/en\/wp-json\/wp\/v2\/posts\/2873\/revisions"}],"wp:attachment":[{"href":"https:\/\/assam.org.tr\/en\/wp-json\/wp\/v2\/media?parent=2873"}],"wp:term":[{"taxonomy":"category","embeddable":true,"href":"https:\/\/assam.org.tr\/en\/wp-json\/wp\/v2\/categories?post=2873"},{"taxonomy":"post_tag","embeddable":true,"href":"https:\/\/assam.org.tr\/en\/wp-json\/wp\/v2\/tags?post=2873"},{"taxonomy":"manset","embeddable":true,"href":"https:\/\/assam.org.tr\/en\/wp-json\/wp\/v2\/manset?post=2873"}],"curies":[{"name":"wp","href":"https:\/\/api.w.org\/{rel}","templated":true}]}}