{"id":2878,"date":"2015-12-02T22:00:00","date_gmt":"2015-12-02T19:00:00","guid":{"rendered":"https:\/\/yeni.assam.org.tr\/index.php\/2015\/12\/02\/kapitalizmin-karsisinda-siyasi-liberalizm-ve-islam-en\/"},"modified":"2015-12-02T22:00:00","modified_gmt":"2015-12-02T19:00:00","slug":"kapitalizmin-karsisinda-siyasi-liberalizm-ve-islam-en","status":"publish","type":"post","link":"https:\/\/assam.org.tr\/en\/kapitalizmin-karsisinda-siyasi-liberalizm-ve-islam-en\/","title":{"rendered":"Political Liberalism and Islam Against Capitalism"},"content":{"rendered":"<p style=\"text-align: justify;\"><strong>Introduction<\/strong><\/p>\n<p style=\"text-align: justify;\"><strong>Liberalism seems to be the best of the human systems today. What makes liberalism preferable within secular systems is that it can change as a result of experience and in line with the demands of \u201ccivil society\u201d. But most of the intellectuals in T\u00fcrkiye unfortunately have a habit of adopting the most extreme ones of every ideology. The most extreme of liberalism is classical liberalism, that is, capitalism, which favors the complete liberalization of the market. One of his most influential contemporary philosophers from the mid-twentieth century to the present is Friedrich von Hayek. Liberals in our country follow him to a large extent. Two writers of the Yeni Y\u00fczy\u0131l newspaper with the title of \u201cprofessor\u201d are examples of this situation: \u00a0<\/strong><\/p>\n<p style=\"text-align: justify;\"><strong>Prof. Dr. Birol Kovanc\u0131lar, in his article titled \u201cI hate capitalism\u201d on 19 November 2015, stated at this year&#8217;s business world summit that Ali Ko\u00e7 said, \u201cCapitalism must be eliminated for inequality to disappear. The real problem is capitalism\u201d and he was criticizing Bill Gates\u2019 words \u201cI hate capitalism\u201d that he has been saying since the 2008 World Economic Forum. Prof Dr Atilla Yayla, on the other hand, in his article titled \u201cCapital and the Shroud\u201d on November 20, 2015, criticized President Erdogan&#8217;s speech at two sessions of the G-20 summit, urging employers to share some of their earnings with the poor by increasing the salaries of their employees.\u00a0<\/strong><\/p>\n<p><!--more--><\/p>\n<p style=\"text-align: justify;\"><strong>Liberalism as a Non-Metaphysical Ideology<\/strong><\/p>\n<p style=\"text-align: justify;\">The call to share was expressed only with conscientiousness in Bill Gates&#8217; words, and with both conscientious and religious grounds in his words suggesting a good memory after death, after Erdogan repeated an anonymous statement that \u201cshrouds have no pockets\u201d. However, Hayek (1899-1992) is of the opinion that it is not possible for anyone to know what is best, and therefore he is in favor of each individual trying what he believes he can do. Therefore, it is also against calling the market to adhere to the ethical values of society. Thus, he is in the position of one of the competent representatives of liberalism, which is described as \u201cideology without metaphysics\u201d by some.<\/p>\n<p style=\"text-align: justify;\">Atilla Yayla, who seems to think like Hayek, while opposing the President&#8217;s call for conscientious and religiously based sharing, says, &#8220;People carry out their economic behaviors \u2013 production, saving, consumption, investment, etc. \u2013 according to the complainants\u201d and that an entrepreneur \u201calready\u201d gives a share of the revenue to the workers he employs, otherwise he cannot keep them in business. However, employers generally do not have such a concern for workers, except for a few jobs that require very specific knowledge and skills. Because they do not have difficulty in finding people to work. The reason for the determination of the \u201cminimum wage\u201d by the state is the merciless temperament of capitalism. On the other hand, not only is the ambition to earn a lot, but metaphysical values are also human.<\/p>\n<p style=\"text-align: justify;\">Hayek, whose influence is noticed in both authors, believes, just like other classical liberals, that if he is freed, the necessary order will be created in the market. However, the search for the necessary order in liberal countries&#8217; markets has not been driven by a free market understanding, but as a result of the rebellious actions of the workers throughout history, and the interventions in the form of work interruptions with strikes that became legal over time. Otherwise, it is not that the employer who has the ambition to earn a lot, which Yayla mentions in his article as \u201cthe result of the nature of man and the ecosystem in which he lives\u201d, is \u201calready\u201d sharing.<\/p>\n<p style=\"text-align: justify;\">In short, neither the liberal philosopher Herbert Spencer&#8217;s \u201claissez faire laissez passer\u201d logic with connotation of \u201csocial Darwinism\u201d nor Adam Smith&#8217;s \u201cinvisible hand\u201d hope could lead capitalism to sharing. It is the visible and struggling hand of civil society that directs it to share, even if it is insufficient. Reducing working hours to a tolerable level, increasing wages, and establishing social security rights are all thanks to the struggle of that hand against capitalism throughout history.<\/p>\n<p style=\"text-align: justify;\">That struggle took place in some cities of France in July and August 1999, after the meat imported from the USA turned out to be hormonal; In December of the same year, while protesting the World Trade Organization with slogans such as \u201cNo to free trade, yes to honest trade!\u201d, in the city of Seattle, USA, there were clashes with the police from time to time; It was continued in Davos in January 2000, in Prague in September of the same year, in Quebec in April 2001 and in other cities of the West on different dates, as the \u201cSeatle spirit\u201d. Then, the global crisis that started in 2008 continued for years, and Bil Gates&#8217;s first use of the phrase \u201cI hate capitalism\u201d was in 2008, when that crisis began. As a continuation of that crisis, demonstrations with the slogan \u201cOccupy Wall Street\u201d were held in 2011 against the injustice in income distribution, targeting the region where the financial centers in the USA are located, which started in Spain and spread to other countries. The organizers of those demonstrations also announced that they would invite everyone in Western countries to withdraw their money from banks. In the end, UN Secretary-General Ban Ki-Mun had to call, \u201cListen to Wall Street.\u201d This means that the practices of capitalism, not only in history but also in the 21st century, have caused problems, but they were partially restrained after great reactions. Despite this, it still seems unrealistic to say that the capitalists &#8220;already&#8221; share their revenues with the workers. \u00a0<\/p>\n<p style=\"text-align: justify;\">Despite all this, Birol Kovanc\u0131lar, who continues to defend capitalism like Atilla Yayla, states that the increase in our standard of living in the last century is due to capitalism, in response to Ali Ko\u00e7&#8217;s statement that the above-mentioned capitalism should disappear, implying that there is no other alternative. Margaret Thatcher, who was the British Prime Minister at the time of the collapse of the USSR, declared capitalism as \u201cThere is no alternate\u201d. However, an alternative philosophical view is developing, which tries to restrain capitalism, albeit within Western secular liberalism. Although the classical liberal Hayek accused him of being &#8220;outside of real liberalism&#8221;, that view is called \u201csocial liberalism\u201d and \u201cpolitical liberalism\u201d by both its members and non-partisans. While this view is also metaphysical, it is not as indifferent to metaphysics as classical liberals.<\/p>\n<p style=\"text-align: justify;\"><strong>Another Liberalism<\/strong><\/p>\n<p style=\"text-align: justify;\">John Rawls (1921-2002), one of the most influential philosophers of political liberalism, particularly emphasizes the difference principle and, contrary to Hayek, recommends that different should try to be beneficial to each other. In this way, he wants the advantaged to object to an application that will not benefit the disadvantaged in the society. Thus, it considers it appropriate to support the disadvantaged to a level that can be determined, and says that this can only be possible by sharing financial opportunities with them within the framework of a measure. Rawls also emphasizes that such justice is essential for cooperation between people and expresses it as &#8220;justice as fairness&#8221;. Rawls should be right in this approach, because although the individual, as an employer or employee, thinks about himself first, since a person is a social creature, he should also consider social peace and be in solidarity with those who are different from himself. Rawls expresses this not with a materialistic-individualistic logic, but by addressing the emotional side of human beings such as &#8220;brotherhood, friendship&#8221;.<\/p>\n<p style=\"text-align: justify;\">In the meantime, it should be noted that Rawls, who says that all known belief systems are reasonable by political liberals, can easily give examples from religion and moreover Islam. Rawls cites the early periods of Islam as an example for those with differences of faith to live together. In that case, it is necessary to take a brief look at the principle that escaped Rawls&#8217;s attention, which empowers the disadvantaged, that is, the economically weak, without being hostile to individual wealth in Islam.\u00a0<\/p>\n<p style=\"text-align: justify;\"><strong>Capitalism vs Islam<\/strong><\/p>\n<p style=\"text-align: justify;\">As it is known, Islam has ordered that labor should be rewarded as a right \u201cbefore the sweat of the worker dries up\u201d. For those who are completely in need, it is stated that the poor have the right in the wealth of the rich, as a Qur&#8217;anic decree.<\/p>\n<p style=\"text-align: justify;\">It is seen that that right (zakat) is more binding than Rawls&#8217;s perspective it as a duty of brotherhood-friendship, since it is seen as a legal responsibility in Islam. That binding is the basis of the following words in the first sermon of the first caliph, Hazrat Abu Bakr: \u201cThe weak among you is deemed strong by me, until I return to them that which is rightfully theirs, insha Allah. And the strong among you is deemed weak by me, until I take from them what is rightfully (someone else\u2019s), insha Allah.\u201d<\/p>\n<p style=\"text-align: justify;\"><strong>Conclusion<\/strong><\/p>\n<p style=\"text-align: justify;\">Not only thinking theoretically, but also looking at the results of the practices in history and today, it is understood that it will be for the benefit of humanity to bring to attention all kinds of political, economic, legal, moral, conscientious and religious explanations, provided that they are not hostile to personal wealth and employers, and then to try to end capitalism actually.<\/p>\n<p style=\"text-align: justify;\">Just as it is unfair to see people chasing only material values, it is equally unfair to impose capitalism, which has many complainers from its supporters, as &#8220;there is no alternative&#8221;, at least because it makes people look impotent. Even if there is no alternative to capitalism at the moment, it is worth looking for, and it should be that search that befits an intellectual.\u00a0\u00a0\u00a0\u00a0\u00a0\u00a0<\/p>\n","protected":false},"excerpt":{"rendered":"<p>Introduction Liberalism seems to be the best&#46;&#46;&#46;<\/p>\n","protected":false},"author":48,"featured_media":0,"comment_status":"open","ping_status":"open","sticky":false,"template":"","format":"standard","meta":{"_acf_changed":false,"footnotes":""},"categories":[236],"tags":[1305,811,1306],"manset":[],"class_list":["post-2878","post","type-post","status-publish","format-standard","hentry","category-partnership-legislation","tag-capitalism","tag-islam","tag-liberalism"],"acf":[],"yoast_head":"<!-- This site is optimized with the Yoast SEO plugin v26.1 - https:\/\/yoast.com\/wordpress\/plugins\/seo\/ -->\n<title>Assam<\/title>\n<meta name=\"robots\" content=\"index, follow, max-snippet:-1, max-image-preview:large, max-video-preview:-1\" \/>\n<link rel=\"canonical\" href=\"https:\/\/assam.org.tr\/en\/kapitalizmin-karsisinda-siyasi-liberalizm-ve-islam-en\/\" \/>\n<meta property=\"og:locale\" content=\"en_US\" \/>\n<meta property=\"og:type\" content=\"article\" \/>\n<meta property=\"og:title\" content=\"Political Liberalism and Islam Against Capitalism - Assam\" \/>\n<meta property=\"og:description\" content=\"Introduction Liberalism seems to be the best&#046;&#046;&#046;\" \/>\n<meta property=\"og:url\" content=\"https:\/\/assam.org.tr\/en\/kapitalizmin-karsisinda-siyasi-liberalizm-ve-islam-en\/\" \/>\n<meta property=\"og:site_name\" content=\"Assam\" \/>\n<meta property=\"article:published_time\" content=\"2015-12-02T19:00:00+00:00\" \/>\n<meta name=\"author\" content=\"H\u00fcseyin DAYI\" \/>\n<meta name=\"twitter:card\" content=\"summary_large_image\" \/>\n<meta name=\"twitter:label1\" content=\"Written by\" \/>\n\t<meta name=\"twitter:data1\" content=\"H\u00fcseyin DAYI\" \/>\n\t<meta name=\"twitter:label2\" content=\"Est. reading time\" \/>\n\t<meta name=\"twitter:data2\" content=\"8 minutes\" \/>\n<script type=\"application\/ld+json\" class=\"yoast-schema-graph\">{\"@context\":\"https:\/\/schema.org\",\"@graph\":[{\"@type\":\"WebPage\",\"@id\":\"https:\/\/assam.org.tr\/en\/kapitalizmin-karsisinda-siyasi-liberalizm-ve-islam-en\/\",\"url\":\"https:\/\/assam.org.tr\/en\/kapitalizmin-karsisinda-siyasi-liberalizm-ve-islam-en\/\",\"name\":\"Political Liberalism and Islam Against Capitalism - Assam\",\"isPartOf\":{\"@id\":\"https:\/\/assam.org.tr\/en\/#website\"},\"datePublished\":\"2015-12-02T19:00:00+00:00\",\"author\":{\"@id\":\"https:\/\/assam.org.tr\/en\/#\/schema\/person\/f942f2b92e38a1b868cd5594076509e7\"},\"breadcrumb\":{\"@id\":\"https:\/\/assam.org.tr\/en\/kapitalizmin-karsisinda-siyasi-liberalizm-ve-islam-en\/#breadcrumb\"},\"inLanguage\":\"en-US\",\"potentialAction\":[{\"@type\":\"ReadAction\",\"target\":[\"https:\/\/assam.org.tr\/en\/kapitalizmin-karsisinda-siyasi-liberalizm-ve-islam-en\/\"]}]},{\"@type\":\"BreadcrumbList\",\"@id\":\"https:\/\/assam.org.tr\/en\/kapitalizmin-karsisinda-siyasi-liberalizm-ve-islam-en\/#breadcrumb\",\"itemListElement\":[{\"@type\":\"ListItem\",\"position\":1,\"name\":\"Anasayfa\",\"item\":\"https:\/\/assam.org.tr\/en\/\"},{\"@type\":\"ListItem\",\"position\":2,\"name\":\"Political Liberalism and Islam Against Capitalism\"}]},{\"@type\":\"WebSite\",\"@id\":\"https:\/\/assam.org.tr\/en\/#website\",\"url\":\"https:\/\/assam.org.tr\/en\/\",\"name\":\"Assam\",\"description\":\"\",\"potentialAction\":[{\"@type\":\"SearchAction\",\"target\":{\"@type\":\"EntryPoint\",\"urlTemplate\":\"https:\/\/assam.org.tr\/en\/?s={search_term_string}\"},\"query-input\":{\"@type\":\"PropertyValueSpecification\",\"valueRequired\":true,\"valueName\":\"search_term_string\"}}],\"inLanguage\":\"en-US\"},{\"@type\":\"Person\",\"@id\":\"https:\/\/assam.org.tr\/en\/#\/schema\/person\/f942f2b92e38a1b868cd5594076509e7\",\"name\":\"H\u00fcseyin DAYI\",\"image\":{\"@type\":\"ImageObject\",\"inLanguage\":\"en-US\",\"@id\":\"https:\/\/assam.org.tr\/en\/#\/schema\/person\/image\/\",\"url\":\"https:\/\/secure.gravatar.com\/avatar\/a3fec1b1b3dfb1338a80ed5191290262e45b692518d048d0e79447e2d9a72d6e?s=96&d=mm&r=g\",\"contentUrl\":\"https:\/\/secure.gravatar.com\/avatar\/a3fec1b1b3dfb1338a80ed5191290262e45b692518d048d0e79447e2d9a72d6e?s=96&d=mm&r=g\",\"caption\":\"H\u00fcseyin DAYI\"},\"description\":\"H\u00fcseyin\u00a0DAYI\u00a0\u00a0\u00a0 1952 y\u0131l\u0131nda Erzurum\u2019da do\u011fdu. \u0130lk gen\u00e7lik y\u0131llar\u0131ndan itibaren, k\u00fclt\u00fcrel maksatla kurulmu\u015f \u00e7e\u015fitli derneklerde g\u00f6revler ald\u0131. \u00dcniversite tahsilini, \u0130ktisat ve felsefe olmak \u00fczere iki ayr\u0131 dalda yapt\u0131. S\u0131ras\u0131yla memuriyet, ticaret ve gazetecilikle me\u015fgul oldu. Genellikle din\u00ee inan\u00e7lar ile\u00a0felsef\u00ee\u00a0teorileri\u00a0ve sosyal hayata etkilerini inceledi. O maksatla \u00f6zellikle din, felsefe, tarih, antropoloji, sosyoloji ve sosyal psikoloji alanlar\u0131nda \u00e7ok y\u00f6nl\u00fc okuyup d\u00fc\u015f\u00fcnmeye y\u00f6neldi. Ulusal ve uluslararas\u0131 bilim kongrelerinde tebli\u011fler sundu, hakemli dergilerde makaleleri yay\u0131nland\u0131. Ba\u015fta T\u00fcrk milleti hakk\u0131ndakiler olmak \u00fczere, Bat\u0131\u2019da \u00fcretilmi\u015f millet teorileri ile milliyet\u00e7iliklerin yanl\u0131\u015f ve zararl\u0131 oldu\u011fu \u015feklindeki g\u00f6r\u00fc\u015flerini dile getirdi. T\u00fcrk teriminin, T\u00fcrk\u00e7eyi ortak dil olarak kullanan farkl\u0131 etnik k\u00f6kenden M\u00fcsl\u00fcman kavimlerin birle\u015fiminin ismi oldu\u011fu \u015feklindeki tespitini anlatt\u0131. \u00c7evrecilik, insan-hayvan-bitki haklar\u0131, sava\u015f aleyhtarl\u0131\u011f\u0131 ve demokrasinin en sa\u011flam temellerinin \u0130slamiyet\u2019te oldu\u011funu savundu. D\u00fcnya G\u00fcndemi, Star, Yeni \u015eafak, \u00d6nce Vatan ve Zaman gazetelerinde makaleleri; Yeni Asya ve Yeni \u015eafak gazetelerinde kendisiyle yap\u0131lan r\u00f6portajlar yay\u0131nland\u0131. Siyaset ve sosyal bilimler alan\u0131na \u201c\u00d6tekile\u015ftirmek\u201d kavram\u0131n\u0131 kazand\u0131rd\u0131. \u201cDevletin milleti- milletin devleti\u201d \u015feklindeki tasnifi de ilgi g\u00f6rmektedir. Orta derecede \u0130ngilizce bilen yazar, evli olup bir evlat babas\u0131d\u0131r. \u0130lk yay\u0131nlanma tarihi s\u0131ras\u0131na g\u00f6re kitaplar\u0131 \u015funlard\u0131r: 1- Bat\u0131\u2019dan \u0130thal Milliyet\u00e7ilik ve \u00d6tekile\u015ftirdikleri (T\u00fcrkler ve \u201c\u00d6teki\u201dler, Okumu\u015f Adam Yay\u0131nlar\u0131, 2006; T\u00fcrkler ve \u00d6tekile\u015ftirdiklerimiz, T\u0130MA\u015e Yay\u0131nlar\u0131, 2008, Akis Kitap Yay\u0131nlar\u0131, 2012). 2- Bat\u0131\u2019dan \u0130thal Milliyet\u00e7ili\u011fin Dinle Kavgas\u0131 (Bilgeo\u011fuz Yay\u0131nlar\u0131, 2010; Akis Kitap Yay\u0131nlar\u0131, 2012). 3- \u0130slam Medeniyetinin K\u00fcreselli\u011fi -Ba\u015fka Alternatif Yok-\u00a0(Akis Kitap Yay\u0131nlar\u0131, 2012). \u00a0 H\u00fcseyin\u00a0DAYI He was born in Erzurum in 1952. From his early youth, he took part in various associations established for cultural purposes. He completed his university education in two different branches, Economics and philosophy. He was engaged in civil service, trade and journalism, respectively. He generally studied religious beliefs and philosophical theories and their effects on social life. For this purpose, he tended to read and think in many ways, especially in the fields of religion, philosophy, history, anthropology, sociology and social psychology. He presented papers at national and international scientific congresses, and his articles were published in refereed journals. He expressed his views that nation theories and nationalisms produced in the West, especially those about the Turkish nation, are wrong and harmful. He explained his determination that the term \u201cTurk\u201d is the name of a combination of Muslim tribes of different ethnic origins who use Turkish as a common language. He argued that the most important foundations of environmentalism, human-animal-plant rights, anti-war and democracy are within Islam. His articles were published in the newspapers D\u00fcnya G\u00fcndem, Star, Yeni \u015eafak, First Vatan and Zaman, and interviews with him were published in the newspapers Yeni Asya and Yeni \u015eafak. He introduced the concept of \u201cmarginalizing\u201d to the field of politics and social sciences. His classification as \u201cthe nation of the state - the state of the nation\u201d also attracts attention. The author, who speaks intermediate level English, is married and has a son. The books, in order by date of first publication, are: 1- Bat\u0131\u2019dan \u0130thal Milliyet\u00e7ilik ve \u00d6tekile\u015ftirdikleri (T\u00fcrkler ve \u201c\u00d6teki\u201dler, Okumu\u015f Adam Yay\u0131nlar\u0131, 2006; T\u00fcrkler ve \u00d6tekile\u015ftirdiklerimiz, T\u0130MA\u015e Yay\u0131nlar\u0131, 2008, Akis Kitap Yay\u0131nlar\u0131, 2012). 2- Bat\u0131\u2019dan \u0130thal Milliyet\u00e7ili\u011fin Dinle Kavgas\u0131 (Bilgeo\u011fuz Yay\u0131nlar\u0131, 2010; Akis Kitap Yay\u0131nlar\u0131, 2012). 3- \u0130slam Medeniyetinin K\u00fcreselli\u011fi -Ba\u015fka Alternatif Yok-\u00a0(Akis Kitap Yay\u0131nlar\u0131, 2012).\",\"url\":\"https:\/\/assam.org.tr\/en\/author\/yazar\/\"}]}<\/script>\n<!-- \/ Yoast SEO plugin. -->","yoast_head_json":{"title":"Assam","robots":{"index":"index","follow":"follow","max-snippet":"max-snippet:-1","max-image-preview":"max-image-preview:large","max-video-preview":"max-video-preview:-1"},"canonical":"https:\/\/assam.org.tr\/en\/kapitalizmin-karsisinda-siyasi-liberalizm-ve-islam-en\/","og_locale":"en_US","og_type":"article","og_title":"Political Liberalism and Islam Against Capitalism - Assam","og_description":"Introduction Liberalism seems to be the best&#46;&#46;&#46;","og_url":"https:\/\/assam.org.tr\/en\/kapitalizmin-karsisinda-siyasi-liberalizm-ve-islam-en\/","og_site_name":"Assam","article_published_time":"2015-12-02T19:00:00+00:00","author":"H\u00fcseyin DAYI","twitter_card":"summary_large_image","twitter_misc":{"Written by":"H\u00fcseyin DAYI","Est. reading time":"8 minutes"},"schema":{"@context":"https:\/\/schema.org","@graph":[{"@type":"WebPage","@id":"https:\/\/assam.org.tr\/en\/kapitalizmin-karsisinda-siyasi-liberalizm-ve-islam-en\/","url":"https:\/\/assam.org.tr\/en\/kapitalizmin-karsisinda-siyasi-liberalizm-ve-islam-en\/","name":"Political Liberalism and Islam Against Capitalism - Assam","isPartOf":{"@id":"https:\/\/assam.org.tr\/en\/#website"},"datePublished":"2015-12-02T19:00:00+00:00","author":{"@id":"https:\/\/assam.org.tr\/en\/#\/schema\/person\/f942f2b92e38a1b868cd5594076509e7"},"breadcrumb":{"@id":"https:\/\/assam.org.tr\/en\/kapitalizmin-karsisinda-siyasi-liberalizm-ve-islam-en\/#breadcrumb"},"inLanguage":"en-US","potentialAction":[{"@type":"ReadAction","target":["https:\/\/assam.org.tr\/en\/kapitalizmin-karsisinda-siyasi-liberalizm-ve-islam-en\/"]}]},{"@type":"BreadcrumbList","@id":"https:\/\/assam.org.tr\/en\/kapitalizmin-karsisinda-siyasi-liberalizm-ve-islam-en\/#breadcrumb","itemListElement":[{"@type":"ListItem","position":1,"name":"Anasayfa","item":"https:\/\/assam.org.tr\/en\/"},{"@type":"ListItem","position":2,"name":"Political Liberalism and Islam Against Capitalism"}]},{"@type":"WebSite","@id":"https:\/\/assam.org.tr\/en\/#website","url":"https:\/\/assam.org.tr\/en\/","name":"Assam","description":"","potentialAction":[{"@type":"SearchAction","target":{"@type":"EntryPoint","urlTemplate":"https:\/\/assam.org.tr\/en\/?s={search_term_string}"},"query-input":{"@type":"PropertyValueSpecification","valueRequired":true,"valueName":"search_term_string"}}],"inLanguage":"en-US"},{"@type":"Person","@id":"https:\/\/assam.org.tr\/en\/#\/schema\/person\/f942f2b92e38a1b868cd5594076509e7","name":"H\u00fcseyin DAYI","image":{"@type":"ImageObject","inLanguage":"en-US","@id":"https:\/\/assam.org.tr\/en\/#\/schema\/person\/image\/","url":"https:\/\/secure.gravatar.com\/avatar\/a3fec1b1b3dfb1338a80ed5191290262e45b692518d048d0e79447e2d9a72d6e?s=96&d=mm&r=g","contentUrl":"https:\/\/secure.gravatar.com\/avatar\/a3fec1b1b3dfb1338a80ed5191290262e45b692518d048d0e79447e2d9a72d6e?s=96&d=mm&r=g","caption":"H\u00fcseyin DAYI"},"description":"H\u00fcseyin\u00a0DAYI\u00a0\u00a0\u00a0 1952 y\u0131l\u0131nda Erzurum\u2019da do\u011fdu. \u0130lk gen\u00e7lik y\u0131llar\u0131ndan itibaren, k\u00fclt\u00fcrel maksatla kurulmu\u015f \u00e7e\u015fitli derneklerde g\u00f6revler ald\u0131. \u00dcniversite tahsilini, \u0130ktisat ve felsefe olmak \u00fczere iki ayr\u0131 dalda yapt\u0131. S\u0131ras\u0131yla memuriyet, ticaret ve gazetecilikle me\u015fgul oldu. Genellikle din\u00ee inan\u00e7lar ile\u00a0felsef\u00ee\u00a0teorileri\u00a0ve sosyal hayata etkilerini inceledi. O maksatla \u00f6zellikle din, felsefe, tarih, antropoloji, sosyoloji ve sosyal psikoloji alanlar\u0131nda \u00e7ok y\u00f6nl\u00fc okuyup d\u00fc\u015f\u00fcnmeye y\u00f6neldi. Ulusal ve uluslararas\u0131 bilim kongrelerinde tebli\u011fler sundu, hakemli dergilerde makaleleri yay\u0131nland\u0131. Ba\u015fta T\u00fcrk milleti hakk\u0131ndakiler olmak \u00fczere, Bat\u0131\u2019da \u00fcretilmi\u015f millet teorileri ile milliyet\u00e7iliklerin yanl\u0131\u015f ve zararl\u0131 oldu\u011fu \u015feklindeki g\u00f6r\u00fc\u015flerini dile getirdi. T\u00fcrk teriminin, T\u00fcrk\u00e7eyi ortak dil olarak kullanan farkl\u0131 etnik k\u00f6kenden M\u00fcsl\u00fcman kavimlerin birle\u015fiminin ismi oldu\u011fu \u015feklindeki tespitini anlatt\u0131. \u00c7evrecilik, insan-hayvan-bitki haklar\u0131, sava\u015f aleyhtarl\u0131\u011f\u0131 ve demokrasinin en sa\u011flam temellerinin \u0130slamiyet\u2019te oldu\u011funu savundu. D\u00fcnya G\u00fcndemi, Star, Yeni \u015eafak, \u00d6nce Vatan ve Zaman gazetelerinde makaleleri; Yeni Asya ve Yeni \u015eafak gazetelerinde kendisiyle yap\u0131lan r\u00f6portajlar yay\u0131nland\u0131. Siyaset ve sosyal bilimler alan\u0131na \u201c\u00d6tekile\u015ftirmek\u201d kavram\u0131n\u0131 kazand\u0131rd\u0131. \u201cDevletin milleti- milletin devleti\u201d \u015feklindeki tasnifi de ilgi g\u00f6rmektedir. Orta derecede \u0130ngilizce bilen yazar, evli olup bir evlat babas\u0131d\u0131r. \u0130lk yay\u0131nlanma tarihi s\u0131ras\u0131na g\u00f6re kitaplar\u0131 \u015funlard\u0131r: 1- Bat\u0131\u2019dan \u0130thal Milliyet\u00e7ilik ve \u00d6tekile\u015ftirdikleri (T\u00fcrkler ve \u201c\u00d6teki\u201dler, Okumu\u015f Adam Yay\u0131nlar\u0131, 2006; T\u00fcrkler ve \u00d6tekile\u015ftirdiklerimiz, T\u0130MA\u015e Yay\u0131nlar\u0131, 2008, Akis Kitap Yay\u0131nlar\u0131, 2012). 2- Bat\u0131\u2019dan \u0130thal Milliyet\u00e7ili\u011fin Dinle Kavgas\u0131 (Bilgeo\u011fuz Yay\u0131nlar\u0131, 2010; Akis Kitap Yay\u0131nlar\u0131, 2012). 3- \u0130slam Medeniyetinin K\u00fcreselli\u011fi -Ba\u015fka Alternatif Yok-\u00a0(Akis Kitap Yay\u0131nlar\u0131, 2012). \u00a0 H\u00fcseyin\u00a0DAYI He was born in Erzurum in 1952. From his early youth, he took part in various associations established for cultural purposes. He completed his university education in two different branches, Economics and philosophy. He was engaged in civil service, trade and journalism, respectively. He generally studied religious beliefs and philosophical theories and their effects on social life. For this purpose, he tended to read and think in many ways, especially in the fields of religion, philosophy, history, anthropology, sociology and social psychology. He presented papers at national and international scientific congresses, and his articles were published in refereed journals. He expressed his views that nation theories and nationalisms produced in the West, especially those about the Turkish nation, are wrong and harmful. He explained his determination that the term \u201cTurk\u201d is the name of a combination of Muslim tribes of different ethnic origins who use Turkish as a common language. He argued that the most important foundations of environmentalism, human-animal-plant rights, anti-war and democracy are within Islam. His articles were published in the newspapers D\u00fcnya G\u00fcndem, Star, Yeni \u015eafak, First Vatan and Zaman, and interviews with him were published in the newspapers Yeni Asya and Yeni \u015eafak. He introduced the concept of \u201cmarginalizing\u201d to the field of politics and social sciences. His classification as \u201cthe nation of the state - the state of the nation\u201d also attracts attention. The author, who speaks intermediate level English, is married and has a son. The books, in order by date of first publication, are: 1- Bat\u0131\u2019dan \u0130thal Milliyet\u00e7ilik ve \u00d6tekile\u015ftirdikleri (T\u00fcrkler ve \u201c\u00d6teki\u201dler, Okumu\u015f Adam Yay\u0131nlar\u0131, 2006; T\u00fcrkler ve \u00d6tekile\u015ftirdiklerimiz, T\u0130MA\u015e Yay\u0131nlar\u0131, 2008, Akis Kitap Yay\u0131nlar\u0131, 2012). 2- Bat\u0131\u2019dan \u0130thal Milliyet\u00e7ili\u011fin Dinle Kavgas\u0131 (Bilgeo\u011fuz Yay\u0131nlar\u0131, 2010; Akis Kitap Yay\u0131nlar\u0131, 2012). 3- \u0130slam Medeniyetinin K\u00fcreselli\u011fi -Ba\u015fka Alternatif Yok-\u00a0(Akis Kitap Yay\u0131nlar\u0131, 2012).","url":"https:\/\/assam.org.tr\/en\/author\/yazar\/"}]}},"_links":{"self":[{"href":"https:\/\/assam.org.tr\/en\/wp-json\/wp\/v2\/posts\/2878","targetHints":{"allow":["GET"]}}],"collection":[{"href":"https:\/\/assam.org.tr\/en\/wp-json\/wp\/v2\/posts"}],"about":[{"href":"https:\/\/assam.org.tr\/en\/wp-json\/wp\/v2\/types\/post"}],"author":[{"embeddable":true,"href":"https:\/\/assam.org.tr\/en\/wp-json\/wp\/v2\/users\/48"}],"replies":[{"embeddable":true,"href":"https:\/\/assam.org.tr\/en\/wp-json\/wp\/v2\/comments?post=2878"}],"version-history":[{"count":0,"href":"https:\/\/assam.org.tr\/en\/wp-json\/wp\/v2\/posts\/2878\/revisions"}],"wp:attachment":[{"href":"https:\/\/assam.org.tr\/en\/wp-json\/wp\/v2\/media?parent=2878"}],"wp:term":[{"taxonomy":"category","embeddable":true,"href":"https:\/\/assam.org.tr\/en\/wp-json\/wp\/v2\/categories?post=2878"},{"taxonomy":"post_tag","embeddable":true,"href":"https:\/\/assam.org.tr\/en\/wp-json\/wp\/v2\/tags?post=2878"},{"taxonomy":"manset","embeddable":true,"href":"https:\/\/assam.org.tr\/en\/wp-json\/wp\/v2\/manset?post=2878"}],"curies":[{"name":"wp","href":"https:\/\/api.w.org\/{rel}","templated":true}]}}