{"id":2887,"date":"2014-05-03T21:00:00","date_gmt":"2014-05-03T18:00:00","guid":{"rendered":"https:\/\/yeni.assam.org.tr\/index.php\/2014\/05\/03\/devletin-insana-tanidigi-temel-hak-ve-ozgurlukler-26-nisan-2014-en\/"},"modified":"2014-05-03T21:00:00","modified_gmt":"2014-05-03T18:00:00","slug":"devletin-insana-tanidigi-temel-hak-ve-ozgurlukler-26-nisan-2014-en","status":"publish","type":"post","link":"https:\/\/assam.org.tr\/en\/devletin-insana-tanidigi-temel-hak-ve-ozgurlukler-26-nisan-2014-en\/","title":{"rendered":"1nci ASSAM Semineri: \u0130sl\u00e2m F\u0131kh\u0131na g\u00f6re: Devletin \u0130nsana Tan\u0131d\u0131\u011f\u0131 Temel Hak ve \u00d6zg\u00fcrl\u00fckler \/ Prof Dr Mehmet ERDO\u011eAN (26 Nisan 2014)"},"content":{"rendered":"<img loading=\"lazy\" decoding=\"async\" class=\" size-full wp-image-2884\" src=\"https:\/\/assam.org.tr\/wp-content\/uploads\/2014\/05\/616bcb4070200eba2fbb3aacc645866b-scaled.jpg\" alt=\"1nci ASSAM Semineri'nde sunumunu yaparken\" class=\"caption\" title=\"Prof Dr Mehmet ERDO\u011eAN\" width=\"2560\" height=\"1920\" \/>\n<p style=\"text-align: justify;\">&#8220;<strong>\u0130sl\u00e2m F\u0131kh\u0131na G\u00f6re Devlet, Hilafet ve Saltanatta Y\u00f6netim Usul ve Esaslar\u0131na I\u015f\u0131k Tutan H\u00fck\u00fcmler<\/strong>&#8221; konulu ASSAM Seminerinde Prof. Dr. Mehmet ERDO\u011eAN &#8220;<strong>\u0130sl\u00e2m F\u0131kh\u0131na g\u00f6re: Devletin insana tan\u0131d\u0131\u011f\u0131 temel hak ve \u00f6zg\u00fcrl\u00fckler&#8221;<\/strong> ba\u015fl\u0131kl\u0131 tebli\u011finin 2 par\u00e7adan olu\u015fan videosu a\u015fa\u011f\u0131da bulunmaktad\u0131r&#8230;<\/p>\n<div class=\"k2_video\">[iframe src=&#8221;http:\/\/www.dailymotion.com\/embed\/video\/x1shl5a&#8221; width=&#8221;400&#8243; height=&#8221;300&#8243; frameborder=&#8221;0&#8243; title=&#8221;JoomlaWorks AllVideos Player&#8221; ]<\/p>\n<p>[iframe src=&#8221;http:\/\/www.dailymotion.com\/embed\/video\/x1shll9&#8243; width=&#8221;400&#8243; height=&#8221;300&#8243; frameborder=&#8221;0&#8243; title=&#8221;JoomlaWorks AllVideos Player&#8221; ]<\/p><\/div>\n","protected":false},"excerpt":{"rendered":"<p>&#8220;\u0130sl\u00e2m F\u0131kh\u0131na G\u00f6re Devlet, Hilafet ve Saltanatta&#46;&#46;&#46;<\/p>\n","protected":false},"author":1,"featured_media":2884,"comment_status":"open","ping_status":"open","sticky":false,"template":"","format":"standard","meta":{"_acf_changed":false,"footnotes":""},"categories":[238],"tags":[591,699,700],"manset":[],"class_list":["post-2887","post","type-post","status-publish","format-standard","has-post-thumbnail","hentry","category-birlesik-islam-icra-heyeti-en","tag-devlet","tag-seminer","tag-temel-hak-ve-ozgurlukler"],"acf":[],"yoast_head":"<!-- This site is optimized with the Yoast SEO plugin v26.1 - https:\/\/yoast.com\/wordpress\/plugins\/seo\/ -->\n<title>Assam<\/title>\n<meta name=\"description\" content=\"&quot;\u0130sl\u00e2m F\u0131kh\u0131na G\u00f6re Devlet, Hilafet ve Saltanatta Y\u00f6netim Usul ve Esaslar\u0131na I\u015f\u0131k Tutan H\u00fck\u00fcmler&quot; konulu ASSAM Seminerinde Prof. Dr. Mehmet ERDO\u011eAN &quot;\u0130sl\u00e2m F\u0131kh\u0131na g\u00f6re: Devletin insana tan\u0131d\u0131\u011f\u0131 temel hak ve \u00f6zg\u00fcrl\u00fckler&quot; ba\u015fl\u0131kl\u0131 tebli\u011finin 2 par\u00e7adan olu\u015fan videosu a\u015fa\u011f\u0131da bulunmaktad\u0131r...\" \/>\n<meta name=\"robots\" content=\"index, follow, max-snippet:-1, max-image-preview:large, max-video-preview:-1\" \/>\n<link rel=\"canonical\" href=\"https:\/\/assam.org.tr\/en\/devletin-insana-tanidigi-temel-hak-ve-ozgurlukler-26-nisan-2014-en\/\" \/>\n<meta property=\"og:locale\" content=\"en_US\" \/>\n<meta property=\"og:type\" content=\"article\" \/>\n<meta property=\"og:title\" content=\"1nci ASSAM Semineri: \u0130sl\u00e2m F\u0131kh\u0131na g\u00f6re: Devletin \u0130nsana Tan\u0131d\u0131\u011f\u0131 Temel Hak ve \u00d6zg\u00fcrl\u00fckler \/ Prof Dr Mehmet ERDO\u011eAN (26 Nisan 2014) - Assam\" \/>\n<meta property=\"og:description\" content=\"&quot;\u0130sl\u00e2m F\u0131kh\u0131na G\u00f6re Devlet, Hilafet ve Saltanatta Y\u00f6netim Usul ve Esaslar\u0131na I\u015f\u0131k Tutan H\u00fck\u00fcmler&quot; konulu ASSAM Seminerinde Prof. Dr. Mehmet ERDO\u011eAN &quot;\u0130sl\u00e2m F\u0131kh\u0131na g\u00f6re: Devletin insana tan\u0131d\u0131\u011f\u0131 temel hak ve \u00f6zg\u00fcrl\u00fckler&quot; ba\u015fl\u0131kl\u0131 tebli\u011finin 2 par\u00e7adan olu\u015fan videosu a\u015fa\u011f\u0131da bulunmaktad\u0131r...\" \/>\n<meta property=\"og:url\" content=\"https:\/\/assam.org.tr\/en\/devletin-insana-tanidigi-temel-hak-ve-ozgurlukler-26-nisan-2014-en\/\" \/>\n<meta property=\"og:site_name\" content=\"Assam\" \/>\n<meta property=\"article:published_time\" content=\"2014-05-03T18:00:00+00:00\" \/>\n<meta property=\"og:image\" content=\"https:\/\/assam.org.tr\/downloads\/2014\/05\/616bcb4070200eba2fbb3aacc645866b-1024x768.jpg\" \/>\n\t<meta property=\"og:image:width\" content=\"1024\" \/>\n\t<meta property=\"og:image:height\" content=\"768\" \/>\n\t<meta property=\"og:image:type\" content=\"image\/jpeg\" \/>\n<meta name=\"author\" content=\"admin\" \/>\n<meta name=\"twitter:card\" content=\"summary_large_image\" \/>\n<meta name=\"twitter:label1\" content=\"Written by\" \/>\n\t<meta name=\"twitter:data1\" content=\"admin\" \/>\n\t<meta name=\"twitter:label2\" content=\"Est. reading time\" \/>\n\t<meta name=\"twitter:data2\" content=\"1 minute\" \/>\n<script type=\"application\/ld+json\" class=\"yoast-schema-graph\">{\"@context\":\"https:\/\/schema.org\",\"@graph\":[{\"@type\":\"WebPage\",\"@id\":\"https:\/\/assam.org.tr\/en\/devletin-insana-tanidigi-temel-hak-ve-ozgurlukler-26-nisan-2014-en\/\",\"url\":\"https:\/\/assam.org.tr\/en\/devletin-insana-tanidigi-temel-hak-ve-ozgurlukler-26-nisan-2014-en\/\",\"name\":\"1nci ASSAM Semineri: \u0130sl\u00e2m F\u0131kh\u0131na g\u00f6re: Devletin \u0130nsana Tan\u0131d\u0131\u011f\u0131 Temel Hak ve \u00d6zg\u00fcrl\u00fckler \/ Prof Dr Mehmet ERDO\u011eAN (26 Nisan 2014) - Assam\",\"isPartOf\":{\"@id\":\"https:\/\/assam.org.tr\/en\/#website\"},\"primaryImageOfPage\":{\"@id\":\"https:\/\/assam.org.tr\/en\/devletin-insana-tanidigi-temel-hak-ve-ozgurlukler-26-nisan-2014-en\/#primaryimage\"},\"image\":{\"@id\":\"https:\/\/assam.org.tr\/en\/devletin-insana-tanidigi-temel-hak-ve-ozgurlukler-26-nisan-2014-en\/#primaryimage\"},\"thumbnailUrl\":\"https:\/\/assam.org.tr\/downloads\/2014\/05\/616bcb4070200eba2fbb3aacc645866b-scaled.jpg\",\"datePublished\":\"2014-05-03T18:00:00+00:00\",\"author\":{\"@id\":\"https:\/\/assam.org.tr\/en\/#\/schema\/person\/3acfcd4778cdd610ce53e7926748b2ef\"},\"description\":\"\\\"\u0130sl\u00e2m F\u0131kh\u0131na G\u00f6re Devlet, Hilafet ve Saltanatta Y\u00f6netim Usul ve Esaslar\u0131na I\u015f\u0131k Tutan H\u00fck\u00fcmler\\\" konulu ASSAM Seminerinde Prof. Dr. Mehmet ERDO\u011eAN \\\"\u0130sl\u00e2m F\u0131kh\u0131na g\u00f6re: Devletin insana tan\u0131d\u0131\u011f\u0131 temel hak ve \u00f6zg\u00fcrl\u00fckler\\\" ba\u015fl\u0131kl\u0131 tebli\u011finin 2 par\u00e7adan olu\u015fan videosu a\u015fa\u011f\u0131da bulunmaktad\u0131r...\",\"breadcrumb\":{\"@id\":\"https:\/\/assam.org.tr\/en\/devletin-insana-tanidigi-temel-hak-ve-ozgurlukler-26-nisan-2014-en\/#breadcrumb\"},\"inLanguage\":\"en-US\",\"potentialAction\":[{\"@type\":\"ReadAction\",\"target\":[\"https:\/\/assam.org.tr\/en\/devletin-insana-tanidigi-temel-hak-ve-ozgurlukler-26-nisan-2014-en\/\"]}]},{\"@type\":\"ImageObject\",\"inLanguage\":\"en-US\",\"@id\":\"https:\/\/assam.org.tr\/en\/devletin-insana-tanidigi-temel-hak-ve-ozgurlukler-26-nisan-2014-en\/#primaryimage\",\"url\":\"https:\/\/assam.org.tr\/downloads\/2014\/05\/616bcb4070200eba2fbb3aacc645866b-scaled.jpg\",\"contentUrl\":\"https:\/\/assam.org.tr\/downloads\/2014\/05\/616bcb4070200eba2fbb3aacc645866b-scaled.jpg\",\"width\":2560,\"height\":1920,\"caption\":\"Prof Dr Mehmet ERDO\u011eAN\"},{\"@type\":\"BreadcrumbList\",\"@id\":\"https:\/\/assam.org.tr\/en\/devletin-insana-tanidigi-temel-hak-ve-ozgurlukler-26-nisan-2014-en\/#breadcrumb\",\"itemListElement\":[{\"@type\":\"ListItem\",\"position\":1,\"name\":\"Anasayfa\",\"item\":\"https:\/\/assam.org.tr\/en\/\"},{\"@type\":\"ListItem\",\"position\":2,\"name\":\"1nci ASSAM Semineri: \u0130sl\u00e2m F\u0131kh\u0131na g\u00f6re: Devletin \u0130nsana Tan\u0131d\u0131\u011f\u0131 Temel Hak ve \u00d6zg\u00fcrl\u00fckler \/ Prof Dr Mehmet ERDO\u011eAN (26 Nisan 2014)\"}]},{\"@type\":\"WebSite\",\"@id\":\"https:\/\/assam.org.tr\/en\/#website\",\"url\":\"https:\/\/assam.org.tr\/en\/\",\"name\":\"Assam\",\"description\":\"\",\"potentialAction\":[{\"@type\":\"SearchAction\",\"target\":{\"@type\":\"EntryPoint\",\"urlTemplate\":\"https:\/\/assam.org.tr\/en\/?s={search_term_string}\"},\"query-input\":{\"@type\":\"PropertyValueSpecification\",\"valueRequired\":true,\"valueName\":\"search_term_string\"}}],\"inLanguage\":\"en-US\"},{\"@type\":\"Person\",\"@id\":\"https:\/\/assam.org.tr\/en\/#\/schema\/person\/3acfcd4778cdd610ce53e7926748b2ef\",\"name\":\"admin\",\"image\":{\"@type\":\"ImageObject\",\"inLanguage\":\"en-US\",\"@id\":\"https:\/\/assam.org.tr\/en\/#\/schema\/person\/image\/\",\"url\":\"https:\/\/secure.gravatar.com\/avatar\/b64b9f9a11c3402664510c42229973ea79f05e8f86997d5123fb1c02cf533ea4?s=96&d=mm&r=g\",\"contentUrl\":\"https:\/\/secure.gravatar.com\/avatar\/b64b9f9a11c3402664510c42229973ea79f05e8f86997d5123fb1c02cf533ea4?s=96&d=mm&r=g\",\"caption\":\"admin\"},\"sameAs\":[\"https:\/\/yeni.assam.org.tr\"],\"url\":\"https:\/\/assam.org.tr\/en\/author\/admin\/\"}]}<\/script>\n<!-- \/ Yoast SEO plugin. -->","yoast_head_json":{"title":"Assam","description":"\"\u0130sl\u00e2m F\u0131kh\u0131na G\u00f6re Devlet, Hilafet ve Saltanatta Y\u00f6netim Usul ve Esaslar\u0131na I\u015f\u0131k Tutan H\u00fck\u00fcmler\" konulu ASSAM Seminerinde Prof. Dr. Mehmet ERDO\u011eAN \"\u0130sl\u00e2m F\u0131kh\u0131na g\u00f6re: Devletin insana tan\u0131d\u0131\u011f\u0131 temel hak ve \u00f6zg\u00fcrl\u00fckler\" ba\u015fl\u0131kl\u0131 tebli\u011finin 2 par\u00e7adan olu\u015fan videosu a\u015fa\u011f\u0131da bulunmaktad\u0131r...","robots":{"index":"index","follow":"follow","max-snippet":"max-snippet:-1","max-image-preview":"max-image-preview:large","max-video-preview":"max-video-preview:-1"},"canonical":"https:\/\/assam.org.tr\/en\/devletin-insana-tanidigi-temel-hak-ve-ozgurlukler-26-nisan-2014-en\/","og_locale":"en_US","og_type":"article","og_title":"1nci ASSAM Semineri: \u0130sl\u00e2m F\u0131kh\u0131na g\u00f6re: Devletin \u0130nsana Tan\u0131d\u0131\u011f\u0131 Temel Hak ve \u00d6zg\u00fcrl\u00fckler \/ Prof Dr Mehmet ERDO\u011eAN (26 Nisan 2014) - Assam","og_description":"\"\u0130sl\u00e2m F\u0131kh\u0131na G\u00f6re Devlet, Hilafet ve Saltanatta Y\u00f6netim Usul ve Esaslar\u0131na I\u015f\u0131k Tutan H\u00fck\u00fcmler\" konulu ASSAM Seminerinde Prof. Dr. Mehmet ERDO\u011eAN \"\u0130sl\u00e2m F\u0131kh\u0131na g\u00f6re: Devletin insana tan\u0131d\u0131\u011f\u0131 temel hak ve \u00f6zg\u00fcrl\u00fckler\" ba\u015fl\u0131kl\u0131 tebli\u011finin 2 par\u00e7adan olu\u015fan videosu a\u015fa\u011f\u0131da bulunmaktad\u0131r...","og_url":"https:\/\/assam.org.tr\/en\/devletin-insana-tanidigi-temel-hak-ve-ozgurlukler-26-nisan-2014-en\/","og_site_name":"Assam","article_published_time":"2014-05-03T18:00:00+00:00","og_image":[{"width":1024,"height":768,"url":"https:\/\/assam.org.tr\/downloads\/2014\/05\/616bcb4070200eba2fbb3aacc645866b-1024x768.jpg","type":"image\/jpeg"}],"author":"admin","twitter_card":"summary_large_image","twitter_misc":{"Written by":"admin","Est. reading time":"1 minute"},"schema":{"@context":"https:\/\/schema.org","@graph":[{"@type":"WebPage","@id":"https:\/\/assam.org.tr\/en\/devletin-insana-tanidigi-temel-hak-ve-ozgurlukler-26-nisan-2014-en\/","url":"https:\/\/assam.org.tr\/en\/devletin-insana-tanidigi-temel-hak-ve-ozgurlukler-26-nisan-2014-en\/","name":"1nci ASSAM Semineri: \u0130sl\u00e2m F\u0131kh\u0131na g\u00f6re: Devletin \u0130nsana Tan\u0131d\u0131\u011f\u0131 Temel Hak ve \u00d6zg\u00fcrl\u00fckler \/ Prof Dr Mehmet ERDO\u011eAN (26 Nisan 2014) - Assam","isPartOf":{"@id":"https:\/\/assam.org.tr\/en\/#website"},"primaryImageOfPage":{"@id":"https:\/\/assam.org.tr\/en\/devletin-insana-tanidigi-temel-hak-ve-ozgurlukler-26-nisan-2014-en\/#primaryimage"},"image":{"@id":"https:\/\/assam.org.tr\/en\/devletin-insana-tanidigi-temel-hak-ve-ozgurlukler-26-nisan-2014-en\/#primaryimage"},"thumbnailUrl":"https:\/\/assam.org.tr\/downloads\/2014\/05\/616bcb4070200eba2fbb3aacc645866b-scaled.jpg","datePublished":"2014-05-03T18:00:00+00:00","author":{"@id":"https:\/\/assam.org.tr\/en\/#\/schema\/person\/3acfcd4778cdd610ce53e7926748b2ef"},"description":"\"\u0130sl\u00e2m F\u0131kh\u0131na G\u00f6re Devlet, Hilafet ve Saltanatta Y\u00f6netim Usul ve Esaslar\u0131na I\u015f\u0131k Tutan H\u00fck\u00fcmler\" konulu ASSAM Seminerinde Prof. Dr. Mehmet ERDO\u011eAN \"\u0130sl\u00e2m F\u0131kh\u0131na g\u00f6re: Devletin insana tan\u0131d\u0131\u011f\u0131 temel hak ve \u00f6zg\u00fcrl\u00fckler\" ba\u015fl\u0131kl\u0131 tebli\u011finin 2 par\u00e7adan olu\u015fan videosu a\u015fa\u011f\u0131da bulunmaktad\u0131r...","breadcrumb":{"@id":"https:\/\/assam.org.tr\/en\/devletin-insana-tanidigi-temel-hak-ve-ozgurlukler-26-nisan-2014-en\/#breadcrumb"},"inLanguage":"en-US","potentialAction":[{"@type":"ReadAction","target":["https:\/\/assam.org.tr\/en\/devletin-insana-tanidigi-temel-hak-ve-ozgurlukler-26-nisan-2014-en\/"]}]},{"@type":"ImageObject","inLanguage":"en-US","@id":"https:\/\/assam.org.tr\/en\/devletin-insana-tanidigi-temel-hak-ve-ozgurlukler-26-nisan-2014-en\/#primaryimage","url":"https:\/\/assam.org.tr\/downloads\/2014\/05\/616bcb4070200eba2fbb3aacc645866b-scaled.jpg","contentUrl":"https:\/\/assam.org.tr\/downloads\/2014\/05\/616bcb4070200eba2fbb3aacc645866b-scaled.jpg","width":2560,"height":1920,"caption":"Prof Dr Mehmet ERDO\u011eAN"},{"@type":"BreadcrumbList","@id":"https:\/\/assam.org.tr\/en\/devletin-insana-tanidigi-temel-hak-ve-ozgurlukler-26-nisan-2014-en\/#breadcrumb","itemListElement":[{"@type":"ListItem","position":1,"name":"Anasayfa","item":"https:\/\/assam.org.tr\/en\/"},{"@type":"ListItem","position":2,"name":"1nci ASSAM Semineri: \u0130sl\u00e2m F\u0131kh\u0131na g\u00f6re: Devletin \u0130nsana Tan\u0131d\u0131\u011f\u0131 Temel Hak ve \u00d6zg\u00fcrl\u00fckler \/ Prof Dr Mehmet ERDO\u011eAN (26 Nisan 2014)"}]},{"@type":"WebSite","@id":"https:\/\/assam.org.tr\/en\/#website","url":"https:\/\/assam.org.tr\/en\/","name":"Assam","description":"","potentialAction":[{"@type":"SearchAction","target":{"@type":"EntryPoint","urlTemplate":"https:\/\/assam.org.tr\/en\/?s={search_term_string}"},"query-input":{"@type":"PropertyValueSpecification","valueRequired":true,"valueName":"search_term_string"}}],"inLanguage":"en-US"},{"@type":"Person","@id":"https:\/\/assam.org.tr\/en\/#\/schema\/person\/3acfcd4778cdd610ce53e7926748b2ef","name":"admin","image":{"@type":"ImageObject","inLanguage":"en-US","@id":"https:\/\/assam.org.tr\/en\/#\/schema\/person\/image\/","url":"https:\/\/secure.gravatar.com\/avatar\/b64b9f9a11c3402664510c42229973ea79f05e8f86997d5123fb1c02cf533ea4?s=96&d=mm&r=g","contentUrl":"https:\/\/secure.gravatar.com\/avatar\/b64b9f9a11c3402664510c42229973ea79f05e8f86997d5123fb1c02cf533ea4?s=96&d=mm&r=g","caption":"admin"},"sameAs":["https:\/\/yeni.assam.org.tr"],"url":"https:\/\/assam.org.tr\/en\/author\/admin\/"}]}},"_links":{"self":[{"href":"https:\/\/assam.org.tr\/en\/wp-json\/wp\/v2\/posts\/2887","targetHints":{"allow":["GET"]}}],"collection":[{"href":"https:\/\/assam.org.tr\/en\/wp-json\/wp\/v2\/posts"}],"about":[{"href":"https:\/\/assam.org.tr\/en\/wp-json\/wp\/v2\/types\/post"}],"author":[{"embeddable":true,"href":"https:\/\/assam.org.tr\/en\/wp-json\/wp\/v2\/users\/1"}],"replies":[{"embeddable":true,"href":"https:\/\/assam.org.tr\/en\/wp-json\/wp\/v2\/comments?post=2887"}],"version-history":[{"count":0,"href":"https:\/\/assam.org.tr\/en\/wp-json\/wp\/v2\/posts\/2887\/revisions"}],"wp:featuredmedia":[{"embeddable":true,"href":"https:\/\/assam.org.tr\/en\/wp-json\/wp\/v2\/media\/2884"}],"wp:attachment":[{"href":"https:\/\/assam.org.tr\/en\/wp-json\/wp\/v2\/media?parent=2887"}],"wp:term":[{"taxonomy":"category","embeddable":true,"href":"https:\/\/assam.org.tr\/en\/wp-json\/wp\/v2\/categories?post=2887"},{"taxonomy":"post_tag","embeddable":true,"href":"https:\/\/assam.org.tr\/en\/wp-json\/wp\/v2\/tags?post=2887"},{"taxonomy":"manset","embeddable":true,"href":"https:\/\/assam.org.tr\/en\/wp-json\/wp\/v2\/manset?post=2887"}],"curies":[{"name":"wp","href":"https:\/\/api.w.org\/{rel}","templated":true}]}}