{"id":3267,"date":"2019-12-22T21:00:00","date_gmt":"2019-12-22T18:00:00","guid":{"rendered":"https:\/\/yeni.assam.org.tr\/index.php\/2019\/12\/22\/assam-yonetim-kurulu-baskani-adnan-tanriverdi-den-3-kongre-degerlendirmesi-en\/"},"modified":"2019-12-22T21:00:00","modified_gmt":"2019-12-22T18:00:00","slug":"assam-yonetim-kurulu-baskani-adnan-tanriverdi-den-3-kongre-degerlendirmesi-en","status":"publish","type":"post","link":"https:\/\/assam.org.tr\/en\/assam-yonetim-kurulu-baskani-adnan-tanriverdi-den-3-kongre-degerlendirmesi-en\/","title":{"rendered":"3rd Congress Evaluation by ASSAM President of Board of Directors Adnan Tanr\u0131verdi"},"content":{"rendered":"<p><img loading=\"lazy\" decoding=\"async\" class=\" size-full wp-image-3264\" src=\"https:\/\/assam.org.tr\/wp-content\/uploads\/2019\/12\/1c02df27d352caf7b0780fd631512bf4.jpg\" alt=\"\" width=\"1890\" height=\"1062\" \/><\/p>\n<p style=\"text-align: justify;\"><span style=\"font-size: 14pt; font-family: 'book antiqua', palatino, serif;\"><strong>ASSAM President of Board of Directors Adnan Tanr\u0131verdi said: &#8220;National interests cannot be protected with someone else&#8217;s weapon.&#8221;<\/strong><\/span><\/p>\n<p><!--more--><\/p>\n<p style=\"text-align: justify;\"><span style=\"font-size: 14pt; font-family: 'book antiqua', palatino, serif;\"><strong>ASSAM President of Board of Directors Adnan Tanr\u0131verdi said: &#8220;National interests cannot be protected with someone else&#8217;s weapon.&#8221;<\/strong><\/span><\/p>\n<p style=\"text-align: justify;\"><span style=\"font-size: 14pt; font-family: 'book antiqua', palatino, serif;\">ASSAM President of Board of Directors Adnan Tanr\u0131verdi said: &#8220;National interests cannot be protected with someone else&#8217;s weapon.&#8221;\u00a0\u00a0 The 3rd International ASSAM Islamic Union Congress, organized with the theme of &#8220;ASRICA Common Defense Industry Production&#8221; with the cooperation of Association of Justice Defenders Strategic Studies Center (ASSAM) and \u00dcsk\u00fcdar University, started today in Istanbul.<\/span><\/p>\n<p style=\"text-align: justify;\"><span style=\"font-size: 14pt; font-family: 'book antiqua', palatino, serif;\">Speaking at the opening of the congress, Tanr\u0131verdi said that the congress aims to present a model to decision-makers by determining the institutions necessary for Islamic countries to gather under a common will and the environment they should be.<\/span><\/p>\n<p style=\"text-align: justify;\"><span style=\"font-size: 14pt; font-family: 'book antiqua', palatino, serif;\">In the title of determining the procedures and principles of joint industrial production for the Islamic Union, Tanr\u0131verdi stated that the aim of the 3rd congress on the main theme of ASRICA common defense industry is to determine the procedures and principles of establishing a system that can be self-sufficient in the production of all defense industrial products needed by the Islamic geography and that will enable it to find and use technology above world standards.<\/span><\/p>\n<p style=\"text-align: justify;\"><span style=\"font-size: 14pt; font-family: 'book antiqua', palatino, serif;\">Adnan Tanr\u0131verdi said:<\/span><\/p>\n<p style=\"text-align: justify;\"><span style=\"font-size: 14pt; font-family: 'book antiqua', palatino, serif;\">&#8220;One of the leading conditions of independence and being a sovereign power is that the weapons they use are their own weapons. National interests cannot be protected with someone else&#8217;s weapon. States cannot guarantee security, peace and prosperity in their countries with someone else&#8217;s weapon. States which have someone else&#8217;s weapon cannot be regarded as sovereign. States cannot stand up against the countries which uses their weapons. In that case, for the Islamic world to gather under a will, it must produce the warfare weapons and ammunition it needs with the most advanced technology of the time. The Islamic world has this opportunity. What Islamic countries does not have is the organization.&#8221;<\/span><\/p>\n<p style=\"text-align: justify;\"><span style=\"font-size: 14pt; font-family: 'book antiqua', palatino, serif;\">&#8211; &#8220;The formation of an Islamic union is not a threat to the world, it is a balance&#8221;<\/span><\/p>\n<p style=\"text-align: justify;\"><span style=\"font-size: 14pt; font-family: 'book antiqua', palatino, serif;\">\u00dcsk\u00fcdar University Founding Rector Prof. Dr. Nevzat Tarhan also said that the word ASRICA should be pronounced more because Islamic world will need this union in future.<\/span><\/p>\n<p style=\"text-align: justify;\"><span style=\"font-size: 14pt; font-family: 'book antiqua', palatino, serif;\">Stating that 1.8 billion people live in this geography, Tarhan said, &#8220;If these people can act in unity, they will have the greatest influence. Various non-governmental organizations and political will are important, but what will make this work permanent is what are the changes are done by people in their heart and how the mental transformation will be towards this union.&#8221;<\/span><\/p>\n<p style=\"text-align: justify;\"><span style=\"font-size: 14pt; font-family: 'book antiqua', palatino, serif;\">Stating that if Muslims cannot create togetherness within themselves, social transformation cannot occur after this, Tarhan continued his words as follows:<\/span><\/p>\n<p style=\"text-align: justify;\"><span style=\"font-size: 14pt; font-family: 'book antiqua', palatino, serif;\">&#8220;If there is no social transformation, there will be no political transformation. For a mental transformation to occur, there must be a transformation in the hearts. Justice and love should be exalted among Muslims, and the way to do this is about establishing communication. Muslims need hope the most. In the Western world, there is a tendency to seek truth. Therefore, they will find the truths of the Quran. It is important that we must represent it as good example.<\/span><\/p>\n<p style=\"text-align: justify;\"><span style=\"font-size: 14pt; font-family: 'book antiqua', palatino, serif;\">The formation of an Islamic union is not a threat to the world, it is a balance. While the West was slaughtering each other in the Middle Ages, the reason for peace in the East was the spread of Muslim morality. This is necessary for the future and peace of humanity. Where there is no justice, there is no peace. ASSAM was also established for this purpose. The most important currency of this age is accuracy, and its biggest capital is trust.&#8221;<\/span><\/p>\n<p style=\"text-align: justify;\"><span style=\"font-size: 14pt; font-family: 'book antiqua', palatino, serif;\">&#8220;Muslims have to carry out serious cooperation and joint work in the field of defense&#8221;<\/span><\/p>\n<p style=\"text-align: justify;\"><span style=\"font-size: 14pt; font-family: 'book antiqua', palatino, serif;\">Referring to the importance of the unity of the Islamic world, Prof. Dr. Ali Erba\u015f, President of Religious Affairs, said, &#8220;The basic condition for the solution of all our problems from Kashmir to Jerusalem, from East Turkestan to Myanmar, from Yemen to Syria is to come together as Muslims. It is to put forward a common attitude, will and action plan. It is to create a power by meeting common feelings, ideas and ideals. The Islamic world in a period where global formations are effective and deliberate global problems are produced; It has to cooperate and collaborate in all fields such as education, family, youth, environment, food, economy, technology.&#8221;<\/span><\/p>\n<p style=\"text-align: justify;\"><span style=\"font-size: 14pt; font-family: 'book antiqua', palatino, serif;\">Deputy Minister of Treasury and Finance Nureddin Nebati, President of Religious Affairs Prof. Dr. Ali Erba\u015f, Rector of K\u00fctahya Dumlup\u0131nar University Prof. Dr. Kazim Uysal, Mayor of Sancaktepe \u015eeyma D\u00f6\u011f\u00fcc\u00fc, Mayor of Bah\u00e7elievler Hakan Bahad\u0131r and representatives and academicians from Islamic countries attended the opening of the congress.<\/span><\/p>\n<p style=\"text-align: justify;\"><span style=\"font-size: 14pt; font-family: 'book antiqua', palatino, serif;\">Quoted from: <a href=\"http:\/\/ssdergilik.com\/tr\/HaberDergilik\/Baskasinin-silahi-ile-milli-menfaatler-korunamaz\">http:\/\/ssdergilik.com\/tr\/HaberDergilik\/Baskasinin-silahi-ile-milli-menfaatler-korunamaz<\/a><\/span><\/p>\n<div class=\"k2_video\"><iframe loading=\"lazy\" title=\"Ba\u015fkas\u0131n\u0131n silah\u0131 ile milli menfaatler korunamaz\" width=\"500\" height=\"281\" src=\"data:image\/png;base64,iVBORw0KGgoAAAANSUhEUgAAAAIAAAABCAQAAABeK7cBAAAAC0lEQVR42mNkAAIAAAoAAv\/lxKUAAAAASUVORK5CYII=\" data-src=\"https:\/\/www.youtube.com\/embed\/c7ZFCIcJYUI?feature=oembed\" frameborder=\"0\" allow=\"accelerometer; autoplay; clipboard-write; encrypted-media; gyroscope; picture-in-picture; web-share\" referrerpolicy=\"strict-origin-when-cross-origin\" class=\"kanews-lazy\" allowfullscreen><\/iframe>\n<\/div>\n","protected":false},"excerpt":{"rendered":"<p>ASSAM President of Board of Directors Adnan&#46;&#46;&#46;<\/p>\n","protected":false},"author":1,"featured_media":3264,"comment_status":"open","ping_status":"open","sticky":false,"template":"","format":"standard","meta":{"_acf_changed":false,"footnotes":""},"categories":[323],"tags":[1117,1398,866,996,1285,1399,1397],"manset":[],"class_list":["post-3267","post","type-post","status-publish","format-standard","has-post-thumbnail","hentry","category-news","tag-adnan-tanriverdi","tag-hazine-ve-maliye-bakan-yardimcisi-nureddin-nebati","tag-islam-birligi","tag-kongre","tag-nevzat-tarhan","tag-nureddin-nebati","tag-prof-dr-ali-erbas"],"acf":[],"yoast_head":"<!-- This site is optimized with the Yoast SEO plugin v26.1 - https:\/\/yoast.com\/wordpress\/plugins\/seo\/ -->\n<title>Assam<\/title>\n<meta name=\"robots\" content=\"index, follow, max-snippet:-1, max-image-preview:large, max-video-preview:-1\" \/>\n<link rel=\"canonical\" href=\"https:\/\/assam.org.tr\/en\/assam-yonetim-kurulu-baskani-adnan-tanriverdi-den-3-kongre-degerlendirmesi-en\/\" \/>\n<meta property=\"og:locale\" content=\"en_US\" \/>\n<meta property=\"og:type\" content=\"article\" \/>\n<meta property=\"og:title\" content=\"3rd Congress Evaluation by ASSAM President of Board of Directors Adnan Tanr\u0131verdi - Assam\" \/>\n<meta property=\"og:description\" content=\"ASSAM President of Board of Directors Adnan&#046;&#046;&#046;\" \/>\n<meta property=\"og:url\" content=\"https:\/\/assam.org.tr\/en\/assam-yonetim-kurulu-baskani-adnan-tanriverdi-den-3-kongre-degerlendirmesi-en\/\" \/>\n<meta property=\"og:site_name\" content=\"Assam\" \/>\n<meta property=\"article:published_time\" content=\"2019-12-22T18:00:00+00:00\" \/>\n<meta property=\"og:image\" content=\"https:\/\/assam.org.tr\/downloads\/2019\/12\/1c02df27d352caf7b0780fd631512bf4.jpg\" \/>\n\t<meta property=\"og:image:width\" content=\"1890\" \/>\n\t<meta property=\"og:image:height\" content=\"1062\" \/>\n\t<meta property=\"og:image:type\" content=\"image\/jpeg\" \/>\n<meta name=\"author\" content=\"admin\" \/>\n<meta name=\"twitter:card\" content=\"summary_large_image\" \/>\n<meta name=\"twitter:label1\" content=\"Written by\" \/>\n\t<meta name=\"twitter:data1\" content=\"admin\" \/>\n\t<meta name=\"twitter:label2\" content=\"Est. reading time\" \/>\n\t<meta name=\"twitter:data2\" content=\"4 minutes\" \/>\n<script type=\"application\/ld+json\" class=\"yoast-schema-graph\">{\"@context\":\"https:\/\/schema.org\",\"@graph\":[{\"@type\":\"WebPage\",\"@id\":\"https:\/\/assam.org.tr\/en\/assam-yonetim-kurulu-baskani-adnan-tanriverdi-den-3-kongre-degerlendirmesi-en\/\",\"url\":\"https:\/\/assam.org.tr\/en\/assam-yonetim-kurulu-baskani-adnan-tanriverdi-den-3-kongre-degerlendirmesi-en\/\",\"name\":\"3rd Congress Evaluation by ASSAM President of Board of Directors Adnan Tanr\u0131verdi - Assam\",\"isPartOf\":{\"@id\":\"https:\/\/assam.org.tr\/en\/#website\"},\"primaryImageOfPage\":{\"@id\":\"https:\/\/assam.org.tr\/en\/assam-yonetim-kurulu-baskani-adnan-tanriverdi-den-3-kongre-degerlendirmesi-en\/#primaryimage\"},\"image\":{\"@id\":\"https:\/\/assam.org.tr\/en\/assam-yonetim-kurulu-baskani-adnan-tanriverdi-den-3-kongre-degerlendirmesi-en\/#primaryimage\"},\"thumbnailUrl\":\"https:\/\/assam.org.tr\/downloads\/2019\/12\/1c02df27d352caf7b0780fd631512bf4.jpg\",\"datePublished\":\"2019-12-22T18:00:00+00:00\",\"author\":{\"@id\":\"https:\/\/assam.org.tr\/en\/#\/schema\/person\/3acfcd4778cdd610ce53e7926748b2ef\"},\"breadcrumb\":{\"@id\":\"https:\/\/assam.org.tr\/en\/assam-yonetim-kurulu-baskani-adnan-tanriverdi-den-3-kongre-degerlendirmesi-en\/#breadcrumb\"},\"inLanguage\":\"en-US\",\"potentialAction\":[{\"@type\":\"ReadAction\",\"target\":[\"https:\/\/assam.org.tr\/en\/assam-yonetim-kurulu-baskani-adnan-tanriverdi-den-3-kongre-degerlendirmesi-en\/\"]}]},{\"@type\":\"ImageObject\",\"inLanguage\":\"en-US\",\"@id\":\"https:\/\/assam.org.tr\/en\/assam-yonetim-kurulu-baskani-adnan-tanriverdi-den-3-kongre-degerlendirmesi-en\/#primaryimage\",\"url\":\"https:\/\/assam.org.tr\/downloads\/2019\/12\/1c02df27d352caf7b0780fd631512bf4.jpg\",\"contentUrl\":\"https:\/\/assam.org.tr\/downloads\/2019\/12\/1c02df27d352caf7b0780fd631512bf4.jpg\",\"width\":1890,\"height\":1062},{\"@type\":\"BreadcrumbList\",\"@id\":\"https:\/\/assam.org.tr\/en\/assam-yonetim-kurulu-baskani-adnan-tanriverdi-den-3-kongre-degerlendirmesi-en\/#breadcrumb\",\"itemListElement\":[{\"@type\":\"ListItem\",\"position\":1,\"name\":\"Anasayfa\",\"item\":\"https:\/\/assam.org.tr\/en\/\"},{\"@type\":\"ListItem\",\"position\":2,\"name\":\"3rd Congress Evaluation by ASSAM President of Board of Directors Adnan Tanr\u0131verdi\"}]},{\"@type\":\"WebSite\",\"@id\":\"https:\/\/assam.org.tr\/en\/#website\",\"url\":\"https:\/\/assam.org.tr\/en\/\",\"name\":\"Assam\",\"description\":\"\",\"potentialAction\":[{\"@type\":\"SearchAction\",\"target\":{\"@type\":\"EntryPoint\",\"urlTemplate\":\"https:\/\/assam.org.tr\/en\/?s={search_term_string}\"},\"query-input\":{\"@type\":\"PropertyValueSpecification\",\"valueRequired\":true,\"valueName\":\"search_term_string\"}}],\"inLanguage\":\"en-US\"},{\"@type\":\"Person\",\"@id\":\"https:\/\/assam.org.tr\/en\/#\/schema\/person\/3acfcd4778cdd610ce53e7926748b2ef\",\"name\":\"admin\",\"image\":{\"@type\":\"ImageObject\",\"inLanguage\":\"en-US\",\"@id\":\"https:\/\/assam.org.tr\/en\/#\/schema\/person\/image\/\",\"url\":\"https:\/\/secure.gravatar.com\/avatar\/b64b9f9a11c3402664510c42229973ea79f05e8f86997d5123fb1c02cf533ea4?s=96&d=mm&r=g\",\"contentUrl\":\"https:\/\/secure.gravatar.com\/avatar\/b64b9f9a11c3402664510c42229973ea79f05e8f86997d5123fb1c02cf533ea4?s=96&d=mm&r=g\",\"caption\":\"admin\"},\"sameAs\":[\"https:\/\/yeni.assam.org.tr\"],\"url\":\"https:\/\/assam.org.tr\/en\/author\/admin\/\"}]}<\/script>\n<!-- \/ Yoast SEO plugin. -->","yoast_head_json":{"title":"Assam","robots":{"index":"index","follow":"follow","max-snippet":"max-snippet:-1","max-image-preview":"max-image-preview:large","max-video-preview":"max-video-preview:-1"},"canonical":"https:\/\/assam.org.tr\/en\/assam-yonetim-kurulu-baskani-adnan-tanriverdi-den-3-kongre-degerlendirmesi-en\/","og_locale":"en_US","og_type":"article","og_title":"3rd Congress Evaluation by ASSAM President of Board of Directors Adnan Tanr\u0131verdi - Assam","og_description":"ASSAM President of Board of Directors Adnan&#46;&#46;&#46;","og_url":"https:\/\/assam.org.tr\/en\/assam-yonetim-kurulu-baskani-adnan-tanriverdi-den-3-kongre-degerlendirmesi-en\/","og_site_name":"Assam","article_published_time":"2019-12-22T18:00:00+00:00","og_image":[{"width":1890,"height":1062,"url":"https:\/\/assam.org.tr\/downloads\/2019\/12\/1c02df27d352caf7b0780fd631512bf4.jpg","type":"image\/jpeg"}],"author":"admin","twitter_card":"summary_large_image","twitter_misc":{"Written by":"admin","Est. reading time":"4 minutes"},"schema":{"@context":"https:\/\/schema.org","@graph":[{"@type":"WebPage","@id":"https:\/\/assam.org.tr\/en\/assam-yonetim-kurulu-baskani-adnan-tanriverdi-den-3-kongre-degerlendirmesi-en\/","url":"https:\/\/assam.org.tr\/en\/assam-yonetim-kurulu-baskani-adnan-tanriverdi-den-3-kongre-degerlendirmesi-en\/","name":"3rd Congress Evaluation by ASSAM President of Board of Directors Adnan Tanr\u0131verdi - Assam","isPartOf":{"@id":"https:\/\/assam.org.tr\/en\/#website"},"primaryImageOfPage":{"@id":"https:\/\/assam.org.tr\/en\/assam-yonetim-kurulu-baskani-adnan-tanriverdi-den-3-kongre-degerlendirmesi-en\/#primaryimage"},"image":{"@id":"https:\/\/assam.org.tr\/en\/assam-yonetim-kurulu-baskani-adnan-tanriverdi-den-3-kongre-degerlendirmesi-en\/#primaryimage"},"thumbnailUrl":"https:\/\/assam.org.tr\/downloads\/2019\/12\/1c02df27d352caf7b0780fd631512bf4.jpg","datePublished":"2019-12-22T18:00:00+00:00","author":{"@id":"https:\/\/assam.org.tr\/en\/#\/schema\/person\/3acfcd4778cdd610ce53e7926748b2ef"},"breadcrumb":{"@id":"https:\/\/assam.org.tr\/en\/assam-yonetim-kurulu-baskani-adnan-tanriverdi-den-3-kongre-degerlendirmesi-en\/#breadcrumb"},"inLanguage":"en-US","potentialAction":[{"@type":"ReadAction","target":["https:\/\/assam.org.tr\/en\/assam-yonetim-kurulu-baskani-adnan-tanriverdi-den-3-kongre-degerlendirmesi-en\/"]}]},{"@type":"ImageObject","inLanguage":"en-US","@id":"https:\/\/assam.org.tr\/en\/assam-yonetim-kurulu-baskani-adnan-tanriverdi-den-3-kongre-degerlendirmesi-en\/#primaryimage","url":"https:\/\/assam.org.tr\/downloads\/2019\/12\/1c02df27d352caf7b0780fd631512bf4.jpg","contentUrl":"https:\/\/assam.org.tr\/downloads\/2019\/12\/1c02df27d352caf7b0780fd631512bf4.jpg","width":1890,"height":1062},{"@type":"BreadcrumbList","@id":"https:\/\/assam.org.tr\/en\/assam-yonetim-kurulu-baskani-adnan-tanriverdi-den-3-kongre-degerlendirmesi-en\/#breadcrumb","itemListElement":[{"@type":"ListItem","position":1,"name":"Anasayfa","item":"https:\/\/assam.org.tr\/en\/"},{"@type":"ListItem","position":2,"name":"3rd Congress Evaluation by ASSAM President of Board of Directors Adnan Tanr\u0131verdi"}]},{"@type":"WebSite","@id":"https:\/\/assam.org.tr\/en\/#website","url":"https:\/\/assam.org.tr\/en\/","name":"Assam","description":"","potentialAction":[{"@type":"SearchAction","target":{"@type":"EntryPoint","urlTemplate":"https:\/\/assam.org.tr\/en\/?s={search_term_string}"},"query-input":{"@type":"PropertyValueSpecification","valueRequired":true,"valueName":"search_term_string"}}],"inLanguage":"en-US"},{"@type":"Person","@id":"https:\/\/assam.org.tr\/en\/#\/schema\/person\/3acfcd4778cdd610ce53e7926748b2ef","name":"admin","image":{"@type":"ImageObject","inLanguage":"en-US","@id":"https:\/\/assam.org.tr\/en\/#\/schema\/person\/image\/","url":"https:\/\/secure.gravatar.com\/avatar\/b64b9f9a11c3402664510c42229973ea79f05e8f86997d5123fb1c02cf533ea4?s=96&d=mm&r=g","contentUrl":"https:\/\/secure.gravatar.com\/avatar\/b64b9f9a11c3402664510c42229973ea79f05e8f86997d5123fb1c02cf533ea4?s=96&d=mm&r=g","caption":"admin"},"sameAs":["https:\/\/yeni.assam.org.tr"],"url":"https:\/\/assam.org.tr\/en\/author\/admin\/"}]}},"_links":{"self":[{"href":"https:\/\/assam.org.tr\/en\/wp-json\/wp\/v2\/posts\/3267","targetHints":{"allow":["GET"]}}],"collection":[{"href":"https:\/\/assam.org.tr\/en\/wp-json\/wp\/v2\/posts"}],"about":[{"href":"https:\/\/assam.org.tr\/en\/wp-json\/wp\/v2\/types\/post"}],"author":[{"embeddable":true,"href":"https:\/\/assam.org.tr\/en\/wp-json\/wp\/v2\/users\/1"}],"replies":[{"embeddable":true,"href":"https:\/\/assam.org.tr\/en\/wp-json\/wp\/v2\/comments?post=3267"}],"version-history":[{"count":0,"href":"https:\/\/assam.org.tr\/en\/wp-json\/wp\/v2\/posts\/3267\/revisions"}],"wp:featuredmedia":[{"embeddable":true,"href":"https:\/\/assam.org.tr\/en\/wp-json\/wp\/v2\/media\/3264"}],"wp:attachment":[{"href":"https:\/\/assam.org.tr\/en\/wp-json\/wp\/v2\/media?parent=3267"}],"wp:term":[{"taxonomy":"category","embeddable":true,"href":"https:\/\/assam.org.tr\/en\/wp-json\/wp\/v2\/categories?post=3267"},{"taxonomy":"post_tag","embeddable":true,"href":"https:\/\/assam.org.tr\/en\/wp-json\/wp\/v2\/tags?post=3267"},{"taxonomy":"manset","embeddable":true,"href":"https:\/\/assam.org.tr\/en\/wp-json\/wp\/v2\/manset?post=3267"}],"curies":[{"name":"wp","href":"https:\/\/api.w.org\/{rel}","templated":true}]}}