{"id":360,"date":"2013-06-13T16:29:45","date_gmt":"2013-06-13T13:29:45","guid":{"rendered":"https:\/\/yeni.assam.org.tr\/index.php\/2013\/06\/13\/dernegimizin-organlar-2\/"},"modified":"2013-06-13T16:29:45","modified_gmt":"2013-06-13T13:29:45","slug":"dernegimizin-organlar-2","status":"publish","type":"post","link":"https:\/\/assam.org.tr\/en\/dernegimizin-organlar-2\/","title":{"rendered":"Derne\u011fimizin Organlar\u0131"},"content":{"rendered":"<ol style=\"list-style-type: lower-alpha;\">\n<li><span style=\"line-height: 1.3em;\">Y\u00f6netim Organlar\u0131;<\/span><\/li>\n<ol>\n<li><span style=\"line-height: 1.3em;\">Genel Kurul,<\/span><\/li>\n<li><span style=\"line-height: 1.3em;\">Genel Y\u00f6netim Kurulu,<\/span><\/li>\n<li><span style=\"line-height: 1.3em;\">Denetleme Kurulu,<\/span><\/li>\n<li><span style=\"line-height: 1.3em;\">Haysiyet Divan\u0131.<\/span><\/li>\n<\/ol>\n<li><span style=\"line-height: 1.3em;\">\u0130sti\u015fare ve Stratejik Ara\u015ft\u0131rma Organlar\u0131;<\/span><\/li>\n<ol>\n<li><span style=\"line-height: 1.3em;\">Y\u00fcksek \u0130sti\u015fare Kurulu<\/span><\/li>\n<li><span style=\"line-height: 1.3em;\">Stratejik Ara\u015ft\u0131rma Kurullar\u0131<\/span><\/li>\n<li><span style=\"line-height: 1.3em;\">\u0130lmi Et\u00fctler ve Akademik De\u011ferlendirme Komisyonu<\/span><\/li>\n<li><span style=\"line-height: 1.3em;\">Yay\u0131n Kurulu<\/span><\/li>\n<\/ol>\n<\/ol>\n","protected":false},"excerpt":{"rendered":"<p>Y\u00f6netim Organlar\u0131; Genel Kurul, Genel Y\u00f6netim Kurulu,&#46;&#46;&#46;<\/p>\n","protected":false},"author":1,"featured_media":0,"comment_status":"open","ping_status":"open","sticky":false,"template":"","format":"standard","meta":{"_acf_changed":false,"footnotes":""},"categories":[27],"tags":[],"manset":[],"class_list":["post-360","post","type-post","status-publish","format-standard","hentry","category-uncategorised"],"acf":[],"yoast_head":"<!-- This site is optimized with the Yoast SEO plugin v26.1 - https:\/\/yoast.com\/wordpress\/plugins\/seo\/ -->\n<title>Assam<\/title>\n<meta name=\"robots\" content=\"index, follow, max-snippet:-1, max-image-preview:large, max-video-preview:-1\" \/>\n<link rel=\"canonical\" href=\"https:\/\/assam.org.tr\/en\/dernegimizin-organlar-2\/\" \/>\n<meta property=\"og:locale\" content=\"en_US\" \/>\n<meta property=\"og:type\" content=\"article\" \/>\n<meta property=\"og:title\" content=\"Derne\u011fimizin Organlar\u0131 - Assam\" \/>\n<meta property=\"og:description\" content=\"Y\u00f6netim Organlar\u0131; Genel Kurul, Genel Y\u00f6netim Kurulu,&#046;&#046;&#046;\" \/>\n<meta property=\"og:url\" content=\"https:\/\/assam.org.tr\/en\/dernegimizin-organlar-2\/\" \/>\n<meta property=\"og:site_name\" content=\"Assam\" \/>\n<meta property=\"article:published_time\" content=\"2013-06-13T13:29:45+00:00\" \/>\n<meta name=\"author\" content=\"admin\" \/>\n<meta name=\"twitter:card\" content=\"summary_large_image\" \/>\n<meta name=\"twitter:label1\" content=\"Written by\" \/>\n\t<meta name=\"twitter:data1\" content=\"admin\" \/>\n<script type=\"application\/ld+json\" class=\"yoast-schema-graph\">{\"@context\":\"https:\/\/schema.org\",\"@graph\":[{\"@type\":\"WebPage\",\"@id\":\"https:\/\/assam.org.tr\/en\/dernegimizin-organlar-2\/\",\"url\":\"https:\/\/assam.org.tr\/en\/dernegimizin-organlar-2\/\",\"name\":\"Derne\u011fimizin Organlar\u0131 - Assam\",\"isPartOf\":{\"@id\":\"https:\/\/assam.org.tr\/en\/#website\"},\"datePublished\":\"2013-06-13T13:29:45+00:00\",\"author\":{\"@id\":\"https:\/\/assam.org.tr\/en\/#\/schema\/person\/3acfcd4778cdd610ce53e7926748b2ef\"},\"breadcrumb\":{\"@id\":\"https:\/\/assam.org.tr\/en\/dernegimizin-organlar-2\/#breadcrumb\"},\"inLanguage\":\"en-US\",\"potentialAction\":[{\"@type\":\"ReadAction\",\"target\":[\"https:\/\/assam.org.tr\/en\/dernegimizin-organlar-2\/\"]}]},{\"@type\":\"BreadcrumbList\",\"@id\":\"https:\/\/assam.org.tr\/en\/dernegimizin-organlar-2\/#breadcrumb\",\"itemListElement\":[{\"@type\":\"ListItem\",\"position\":1,\"name\":\"Anasayfa\",\"item\":\"https:\/\/assam.org.tr\/en\/\"},{\"@type\":\"ListItem\",\"position\":2,\"name\":\"Derne\u011fimizin Organlar\u0131\"}]},{\"@type\":\"WebSite\",\"@id\":\"https:\/\/assam.org.tr\/en\/#website\",\"url\":\"https:\/\/assam.org.tr\/en\/\",\"name\":\"Assam\",\"description\":\"\",\"potentialAction\":[{\"@type\":\"SearchAction\",\"target\":{\"@type\":\"EntryPoint\",\"urlTemplate\":\"https:\/\/assam.org.tr\/en\/?s={search_term_string}\"},\"query-input\":{\"@type\":\"PropertyValueSpecification\",\"valueRequired\":true,\"valueName\":\"search_term_string\"}}],\"inLanguage\":\"en-US\"},{\"@type\":\"Person\",\"@id\":\"https:\/\/assam.org.tr\/en\/#\/schema\/person\/3acfcd4778cdd610ce53e7926748b2ef\",\"name\":\"admin\",\"image\":{\"@type\":\"ImageObject\",\"inLanguage\":\"en-US\",\"@id\":\"https:\/\/assam.org.tr\/en\/#\/schema\/person\/image\/\",\"url\":\"https:\/\/secure.gravatar.com\/avatar\/b64b9f9a11c3402664510c42229973ea79f05e8f86997d5123fb1c02cf533ea4?s=96&d=mm&r=g\",\"contentUrl\":\"https:\/\/secure.gravatar.com\/avatar\/b64b9f9a11c3402664510c42229973ea79f05e8f86997d5123fb1c02cf533ea4?s=96&d=mm&r=g\",\"caption\":\"admin\"},\"sameAs\":[\"https:\/\/yeni.assam.org.tr\"],\"url\":\"https:\/\/assam.org.tr\/en\/author\/admin\/\"}]}<\/script>\n<!-- \/ Yoast SEO plugin. -->","yoast_head_json":{"title":"Assam","robots":{"index":"index","follow":"follow","max-snippet":"max-snippet:-1","max-image-preview":"max-image-preview:large","max-video-preview":"max-video-preview:-1"},"canonical":"https:\/\/assam.org.tr\/en\/dernegimizin-organlar-2\/","og_locale":"en_US","og_type":"article","og_title":"Derne\u011fimizin Organlar\u0131 - Assam","og_description":"Y\u00f6netim Organlar\u0131; Genel Kurul, Genel Y\u00f6netim Kurulu,&#46;&#46;&#46;","og_url":"https:\/\/assam.org.tr\/en\/dernegimizin-organlar-2\/","og_site_name":"Assam","article_published_time":"2013-06-13T13:29:45+00:00","author":"admin","twitter_card":"summary_large_image","twitter_misc":{"Written by":"admin"},"schema":{"@context":"https:\/\/schema.org","@graph":[{"@type":"WebPage","@id":"https:\/\/assam.org.tr\/en\/dernegimizin-organlar-2\/","url":"https:\/\/assam.org.tr\/en\/dernegimizin-organlar-2\/","name":"Derne\u011fimizin Organlar\u0131 - Assam","isPartOf":{"@id":"https:\/\/assam.org.tr\/en\/#website"},"datePublished":"2013-06-13T13:29:45+00:00","author":{"@id":"https:\/\/assam.org.tr\/en\/#\/schema\/person\/3acfcd4778cdd610ce53e7926748b2ef"},"breadcrumb":{"@id":"https:\/\/assam.org.tr\/en\/dernegimizin-organlar-2\/#breadcrumb"},"inLanguage":"en-US","potentialAction":[{"@type":"ReadAction","target":["https:\/\/assam.org.tr\/en\/dernegimizin-organlar-2\/"]}]},{"@type":"BreadcrumbList","@id":"https:\/\/assam.org.tr\/en\/dernegimizin-organlar-2\/#breadcrumb","itemListElement":[{"@type":"ListItem","position":1,"name":"Anasayfa","item":"https:\/\/assam.org.tr\/en\/"},{"@type":"ListItem","position":2,"name":"Derne\u011fimizin Organlar\u0131"}]},{"@type":"WebSite","@id":"https:\/\/assam.org.tr\/en\/#website","url":"https:\/\/assam.org.tr\/en\/","name":"Assam","description":"","potentialAction":[{"@type":"SearchAction","target":{"@type":"EntryPoint","urlTemplate":"https:\/\/assam.org.tr\/en\/?s={search_term_string}"},"query-input":{"@type":"PropertyValueSpecification","valueRequired":true,"valueName":"search_term_string"}}],"inLanguage":"en-US"},{"@type":"Person","@id":"https:\/\/assam.org.tr\/en\/#\/schema\/person\/3acfcd4778cdd610ce53e7926748b2ef","name":"admin","image":{"@type":"ImageObject","inLanguage":"en-US","@id":"https:\/\/assam.org.tr\/en\/#\/schema\/person\/image\/","url":"https:\/\/secure.gravatar.com\/avatar\/b64b9f9a11c3402664510c42229973ea79f05e8f86997d5123fb1c02cf533ea4?s=96&d=mm&r=g","contentUrl":"https:\/\/secure.gravatar.com\/avatar\/b64b9f9a11c3402664510c42229973ea79f05e8f86997d5123fb1c02cf533ea4?s=96&d=mm&r=g","caption":"admin"},"sameAs":["https:\/\/yeni.assam.org.tr"],"url":"https:\/\/assam.org.tr\/en\/author\/admin\/"}]}},"_links":{"self":[{"href":"https:\/\/assam.org.tr\/en\/wp-json\/wp\/v2\/posts\/360","targetHints":{"allow":["GET"]}}],"collection":[{"href":"https:\/\/assam.org.tr\/en\/wp-json\/wp\/v2\/posts"}],"about":[{"href":"https:\/\/assam.org.tr\/en\/wp-json\/wp\/v2\/types\/post"}],"author":[{"embeddable":true,"href":"https:\/\/assam.org.tr\/en\/wp-json\/wp\/v2\/users\/1"}],"replies":[{"embeddable":true,"href":"https:\/\/assam.org.tr\/en\/wp-json\/wp\/v2\/comments?post=360"}],"version-history":[{"count":0,"href":"https:\/\/assam.org.tr\/en\/wp-json\/wp\/v2\/posts\/360\/revisions"}],"wp:attachment":[{"href":"https:\/\/assam.org.tr\/en\/wp-json\/wp\/v2\/media?parent=360"}],"wp:term":[{"taxonomy":"category","embeddable":true,"href":"https:\/\/assam.org.tr\/en\/wp-json\/wp\/v2\/categories?post=360"},{"taxonomy":"post_tag","embeddable":true,"href":"https:\/\/assam.org.tr\/en\/wp-json\/wp\/v2\/tags?post=360"},{"taxonomy":"manset","embeddable":true,"href":"https:\/\/assam.org.tr\/en\/wp-json\/wp\/v2\/manset?post=360"}],"curies":[{"name":"wp","href":"https:\/\/api.w.org\/{rel}","templated":true}]}}