{"id":4309,"date":"2020-10-23T07:49:05","date_gmt":"2020-10-23T04:49:05","guid":{"rendered":"https:\/\/yeni.assam.org.tr\/index.php\/2020\/10\/23\/ali-ulvi-altinsoy-en\/"},"modified":"2020-10-23T07:49:05","modified_gmt":"2020-10-23T04:49:05","slug":"ali-ulvi-altinsoy-en","status":"publish","type":"post","link":"https:\/\/assam.org.tr\/en\/ali-ulvi-altinsoy-en\/","title":{"rendered":"Strategic Kingdom Under The Radar"},"content":{"rendered":"<p><img loading=\"lazy\" decoding=\"async\" class=\" size-full wp-image-4306\" src=\"https:\/\/assam.org.tr\/wp-content\/uploads\/2020\/10\/b0776ea0ff3c7ec4ba82e898c021ccc5-scaled.jpg\" alt=\"\" width=\"2560\" height=\"1707\" \/><\/p>\n<p style=\"text-align: justify;\"><span style=\"font-size: 14pt;\"><strong><span style=\"font-family: 'book antiqua', palatino, serif;\"><em>Konumu a\u00e7\u0131s\u0131ndan b\u00fcy\u00fck \u00f6nemi olan \u00dcrd\u00fcn, \u0130ngiliz ba\u011flant\u0131l\u0131 kraliyet ailesi ve \u0130srail uydusu siyasetine y\u00fckselen tepkilere sert cevap vermeye ba\u015flad\u0131<\/em><\/span><\/strong><\/span><\/p>\n<p style=\"text-align: justify;\"><span style=\"font-size: 14pt;\"><strong><span style=\"font-family: 'book antiqua', palatino, serif;\">Arabistan yar\u0131madas\u0131, Kuzey Arabistan ve Kuzey Afrika b\u00f6lgelerini birbirine ba\u011flayan stratejik \u00f6nemdeki \u00dcrd\u00fcn, d\u00fcnyan\u0131n her yerindeki uygulanan taktiklerle, \u0130ngiliz oyunlar\u0131, Bat\u0131yatapar h\u00e2kim s\u0131n\u0131f ve ezilen M\u00fcsl\u00fcman halk aras\u0131nda kalm\u0131\u015f bir karde\u015f \u00fclke.<\/span><\/strong><\/span><\/p>\n<p><!--more--><\/p>\n<p style=\"text-align: justify;\"><span style=\"font-family: 'book antiqua', palatino, serif; font-size: 14pt;\">Petra kentinden bu yana ba\u011f\u0131ms\u0131z bir devlet olmayan \u00dcrd\u00fcn, 1. D\u00fcnya sava\u015f\u0131nda b\u00f6lgeyi ele ge\u00e7iren \u0130ngilizlerin Araplarla yeni kurulacak olan \u0130srail aras\u0131nda bir tampon b\u00f6lge olmas\u0131 i\u00e7in olu\u015fturuldu. Ba\u015f\u0131na da Osmanl\u0131\u2019ya isyan eden \u015eerif H\u00fcseyin\u2019in ailesi getirildi.<\/span><\/p>\n<p style=\"text-align: justify;\"><span style=\"font-family: 'book antiqua', palatino, serif; font-size: 14pt;\">\u0130srail kurulunca bu n\u00fcfusu az \u00fclkeye y\u00fczbinlerce Filistinli can\u0131n\u0131 kurtarmak i\u00e7in ka\u00e7t\u0131. \u00dclkenin n\u00fcfusunun \u00e7o\u011funlu\u011fu ikinci s\u0131n\u0131f vatanda\u015f olarak g\u00f6r\u00fclen bu Filistinlilerden olu\u015fuyor. \u00dclkede Kafkasyal\u0131lar da var. \u0130stihbarat ve ekonomi a\u011f\u0131rl\u0131kla \u00c7erkez k\u00f6kenlilerin elinde.<\/span><\/p>\n<p style=\"text-align: justify;\"><span style=\"font-family: 'book antiqua', palatino, serif; font-size: 14pt;\">\u00dclkede gen\u00e7 ya\u015fta ba\u015fa ge\u00e7en ve s\u0131k\u0131 \u0130ngiliz terbiyesiyle b\u00fcy\u00fcyen Kral 2. H\u00fcseyin\u2019in tam denetim alt\u0131nda kalmas\u0131 i\u00e7in bir \u0130ngiliz istihbarat subay\u0131n\u0131n g\u00fczel k\u0131z\u0131 Antoinette Avril Gardiner ile evlendirildi. Krali\u00e7e Muna sarayda ve sosyal politikalarda etkin oldu. H\u00fcseyin \u0130srail\u2019i tan\u0131yan ikinci Arap \u00fclkesiydi. M\u0131s\u0131r ve Suriye\u2019yle birlikte m\u00fcttefik olarak girdi\u011fi sava\u015flarda \u0130srail\u2019in istihbarat kayna\u011f\u0131 oldu.<\/span><\/p>\n<p style=\"text-align: justify;\"><span style=\"font-family: 'book antiqua', palatino, serif; font-size: 14pt;\">H\u00fcseyin\u2019in karde\u015fi olan veliaht prens Hasan, H\u00fcseyin\u2019in kanserden \u00f6l\u00fcm\u00fcne yak\u0131n vekaleten krall\u0131\u011fa ba\u015flay\u0131nca \u0130ngiliz etkisini azaltmay\u0131 hedefledi. \u00dclkedeki M\u00fcsl\u00fcmanlara haklar\u0131n\u0131 iade edip \u0130hvan-\u0131 M\u00fcslimin\u2019le yak\u0131nla\u015f\u0131nca 1999\u2019da bir i\u00e7 darbeyle g\u00f6revden al\u0131nd\u0131; kral\u0131n \u0130ngiliz istihbarat\u00e7\u0131 Gardiner ailesinden o\u011flu Abdullah kral yap\u0131ld\u0131.<\/span><\/p>\n<p style=\"text-align: justify;\"><span style=\"font-family: 'book antiqua', palatino, serif; font-size: 14pt;\">Yak\u0131n zamanlarda \u0130srail ili\u015fkileri iyice ilerledi. Do\u011fal gaz\u0131 \u0130srail\u2019den geliyor. \u00dclke \u0130srail mallar\u0131n\u0131 Arap halklara pazarl\u0131yor. Gelir dengesizli\u011fi olan ve milli iradenin yans\u0131mad\u0131\u011f\u0131 \u00fclkede k\u00f6t\u00fc y\u00f6netim son d\u00f6nemde \u00f6zellikle \u0130hvan\u2019a yak\u0131n olan \u00f6\u011fretmenler sendikas\u0131n\u0131n bar\u0131\u015f\u00e7\u0131l g\u00f6sterileriyle protesto edilmeye ba\u015fland\u0131. Ancak \u00fclke kurulu d\u00fczeni, \u00e7ok sert kar\u015f\u0131l\u0131k verip sendikan\u0131n y\u00f6neticilerini ve ba\u015fl\u0131ca g\u00f6stericileri hapse att\u0131.<\/span><\/p>\n<p style=\"text-align: justify;\"><span style=\"font-family: 'book antiqua', palatino, serif; font-size: 14pt;\">Bunlar\u0131n ard\u0131ndan, yap\u0131lacak yeni se\u00e7imler i\u00e7in \u00fclkedeki \u0130ngiliz-\u0130srail hakimiyetine kar\u015f\u0131 b\u00fct\u00fcn M\u00fcsl\u00fcman gruplar bir araya gelme ve se\u00e7imlerde ortak aday g\u00f6sterme karar\u0131 ald\u0131lar. Bu ger\u00e7ekle\u015firse \u0130hvan\u2019a yak\u0131n M\u00fcsl\u00fcman gruplar\u0131n iktidara gelmeleri kesin.<\/span><\/p>\n<p style=\"text-align: justify;\"><span style=\"font-family: 'book antiqua', palatino, serif; font-size: 14pt;\">Ancak se\u00e7imler bu t\u00fcrden derin devlet idaresindeki \u00fclkelerde genelde bir g\u00f6z boyama. Rejim kaybetti\u011finde bir yolunu bulup se\u00e7imleri iptal edip partileri kapat\u0131p ard\u0131ndan da kazanan kesimi hapse at\u0131yorlar. Hatta M\u0131s\u0131r\u2019daki gibi kitlesel olarak idam ediyorlar.<\/span><\/p>\n<p style=\"text-align: justify;\"><span style=\"font-family: 'book antiqua', palatino, serif; font-size: 14pt;\"><a href=\"https:\/\/www.mirathaber.com\/\">mirathaber.com<\/a>\u00a0sitesinden al\u0131nm\u0131\u015ft\u0131r.<\/span><\/p>\n","protected":false},"excerpt":{"rendered":"<p>Konumu a\u00e7\u0131s\u0131ndan b\u00fcy\u00fck \u00f6nemi olan \u00dcrd\u00fcn, \u0130ngiliz&#46;&#46;&#46;<\/p>\n","protected":false},"author":1,"featured_media":4306,"comment_status":"open","ping_status":"open","sticky":false,"template":"","format":"standard","meta":{"_acf_changed":false,"footnotes":""},"categories":[269],"tags":[],"manset":[],"class_list":["post-4309","post","type-post","status-publish","format-standard","has-post-thumbnail","hentry","category-urdun-ortadogu-musluman-ulkeleri-en"],"acf":[],"yoast_head":"<!-- This site is optimized with the Yoast SEO plugin v26.1 - https:\/\/yoast.com\/wordpress\/plugins\/seo\/ -->\n<title>Assam<\/title>\n<meta name=\"robots\" content=\"index, follow, max-snippet:-1, max-image-preview:large, max-video-preview:-1\" \/>\n<link rel=\"canonical\" href=\"https:\/\/assam.org.tr\/en\/ali-ulvi-altinsoy-en\/\" \/>\n<meta property=\"og:locale\" content=\"en_US\" \/>\n<meta property=\"og:type\" content=\"article\" \/>\n<meta property=\"og:title\" content=\"Strategic Kingdom Under The Radar - Assam\" \/>\n<meta property=\"og:description\" content=\"Konumu a\u00e7\u0131s\u0131ndan b\u00fcy\u00fck \u00f6nemi olan \u00dcrd\u00fcn, \u0130ngiliz&#046;&#046;&#046;\" \/>\n<meta property=\"og:url\" content=\"https:\/\/assam.org.tr\/en\/ali-ulvi-altinsoy-en\/\" \/>\n<meta property=\"og:site_name\" content=\"Assam\" \/>\n<meta property=\"article:published_time\" content=\"2020-10-23T04:49:05+00:00\" \/>\n<meta property=\"og:image\" content=\"https:\/\/assam.org.tr\/downloads\/2020\/10\/b0776ea0ff3c7ec4ba82e898c021ccc5-1024x683.jpg\" \/>\n\t<meta property=\"og:image:width\" content=\"1024\" \/>\n\t<meta property=\"og:image:height\" content=\"683\" \/>\n\t<meta property=\"og:image:type\" content=\"image\/jpeg\" \/>\n<meta name=\"author\" content=\"admin\" \/>\n<meta name=\"twitter:card\" content=\"summary_large_image\" \/>\n<meta name=\"twitter:label1\" content=\"Written by\" \/>\n\t<meta name=\"twitter:data1\" content=\"admin\" \/>\n\t<meta name=\"twitter:label2\" content=\"Est. reading time\" \/>\n\t<meta name=\"twitter:data2\" content=\"3 minutes\" \/>\n<script type=\"application\/ld+json\" class=\"yoast-schema-graph\">{\"@context\":\"https:\/\/schema.org\",\"@graph\":[{\"@type\":\"WebPage\",\"@id\":\"https:\/\/assam.org.tr\/en\/ali-ulvi-altinsoy-en\/\",\"url\":\"https:\/\/assam.org.tr\/en\/ali-ulvi-altinsoy-en\/\",\"name\":\"Strategic Kingdom Under The Radar - Assam\",\"isPartOf\":{\"@id\":\"https:\/\/assam.org.tr\/en\/#website\"},\"primaryImageOfPage\":{\"@id\":\"https:\/\/assam.org.tr\/en\/ali-ulvi-altinsoy-en\/#primaryimage\"},\"image\":{\"@id\":\"https:\/\/assam.org.tr\/en\/ali-ulvi-altinsoy-en\/#primaryimage\"},\"thumbnailUrl\":\"https:\/\/assam.org.tr\/downloads\/2020\/10\/b0776ea0ff3c7ec4ba82e898c021ccc5-scaled.jpg\",\"datePublished\":\"2020-10-23T04:49:05+00:00\",\"author\":{\"@id\":\"https:\/\/assam.org.tr\/en\/#\/schema\/person\/3acfcd4778cdd610ce53e7926748b2ef\"},\"breadcrumb\":{\"@id\":\"https:\/\/assam.org.tr\/en\/ali-ulvi-altinsoy-en\/#breadcrumb\"},\"inLanguage\":\"en-US\",\"potentialAction\":[{\"@type\":\"ReadAction\",\"target\":[\"https:\/\/assam.org.tr\/en\/ali-ulvi-altinsoy-en\/\"]}]},{\"@type\":\"ImageObject\",\"inLanguage\":\"en-US\",\"@id\":\"https:\/\/assam.org.tr\/en\/ali-ulvi-altinsoy-en\/#primaryimage\",\"url\":\"https:\/\/assam.org.tr\/downloads\/2020\/10\/b0776ea0ff3c7ec4ba82e898c021ccc5-scaled.jpg\",\"contentUrl\":\"https:\/\/assam.org.tr\/downloads\/2020\/10\/b0776ea0ff3c7ec4ba82e898c021ccc5-scaled.jpg\",\"width\":2560,\"height\":1707},{\"@type\":\"BreadcrumbList\",\"@id\":\"https:\/\/assam.org.tr\/en\/ali-ulvi-altinsoy-en\/#breadcrumb\",\"itemListElement\":[{\"@type\":\"ListItem\",\"position\":1,\"name\":\"Anasayfa\",\"item\":\"https:\/\/assam.org.tr\/en\/\"},{\"@type\":\"ListItem\",\"position\":2,\"name\":\"Strategic Kingdom Under The Radar\"}]},{\"@type\":\"WebSite\",\"@id\":\"https:\/\/assam.org.tr\/en\/#website\",\"url\":\"https:\/\/assam.org.tr\/en\/\",\"name\":\"Assam\",\"description\":\"\",\"potentialAction\":[{\"@type\":\"SearchAction\",\"target\":{\"@type\":\"EntryPoint\",\"urlTemplate\":\"https:\/\/assam.org.tr\/en\/?s={search_term_string}\"},\"query-input\":{\"@type\":\"PropertyValueSpecification\",\"valueRequired\":true,\"valueName\":\"search_term_string\"}}],\"inLanguage\":\"en-US\"},{\"@type\":\"Person\",\"@id\":\"https:\/\/assam.org.tr\/en\/#\/schema\/person\/3acfcd4778cdd610ce53e7926748b2ef\",\"name\":\"admin\",\"image\":{\"@type\":\"ImageObject\",\"inLanguage\":\"en-US\",\"@id\":\"https:\/\/assam.org.tr\/en\/#\/schema\/person\/image\/\",\"url\":\"https:\/\/secure.gravatar.com\/avatar\/b64b9f9a11c3402664510c42229973ea79f05e8f86997d5123fb1c02cf533ea4?s=96&d=mm&r=g\",\"contentUrl\":\"https:\/\/secure.gravatar.com\/avatar\/b64b9f9a11c3402664510c42229973ea79f05e8f86997d5123fb1c02cf533ea4?s=96&d=mm&r=g\",\"caption\":\"admin\"},\"sameAs\":[\"https:\/\/yeni.assam.org.tr\"],\"url\":\"https:\/\/assam.org.tr\/en\/author\/admin\/\"}]}<\/script>\n<!-- \/ Yoast SEO plugin. -->","yoast_head_json":{"title":"Assam","robots":{"index":"index","follow":"follow","max-snippet":"max-snippet:-1","max-image-preview":"max-image-preview:large","max-video-preview":"max-video-preview:-1"},"canonical":"https:\/\/assam.org.tr\/en\/ali-ulvi-altinsoy-en\/","og_locale":"en_US","og_type":"article","og_title":"Strategic Kingdom Under The Radar - Assam","og_description":"Konumu a\u00e7\u0131s\u0131ndan b\u00fcy\u00fck \u00f6nemi olan \u00dcrd\u00fcn, \u0130ngiliz&#46;&#46;&#46;","og_url":"https:\/\/assam.org.tr\/en\/ali-ulvi-altinsoy-en\/","og_site_name":"Assam","article_published_time":"2020-10-23T04:49:05+00:00","og_image":[{"width":1024,"height":683,"url":"https:\/\/assam.org.tr\/downloads\/2020\/10\/b0776ea0ff3c7ec4ba82e898c021ccc5-1024x683.jpg","type":"image\/jpeg"}],"author":"admin","twitter_card":"summary_large_image","twitter_misc":{"Written by":"admin","Est. reading time":"3 minutes"},"schema":{"@context":"https:\/\/schema.org","@graph":[{"@type":"WebPage","@id":"https:\/\/assam.org.tr\/en\/ali-ulvi-altinsoy-en\/","url":"https:\/\/assam.org.tr\/en\/ali-ulvi-altinsoy-en\/","name":"Strategic Kingdom Under The Radar - Assam","isPartOf":{"@id":"https:\/\/assam.org.tr\/en\/#website"},"primaryImageOfPage":{"@id":"https:\/\/assam.org.tr\/en\/ali-ulvi-altinsoy-en\/#primaryimage"},"image":{"@id":"https:\/\/assam.org.tr\/en\/ali-ulvi-altinsoy-en\/#primaryimage"},"thumbnailUrl":"https:\/\/assam.org.tr\/downloads\/2020\/10\/b0776ea0ff3c7ec4ba82e898c021ccc5-scaled.jpg","datePublished":"2020-10-23T04:49:05+00:00","author":{"@id":"https:\/\/assam.org.tr\/en\/#\/schema\/person\/3acfcd4778cdd610ce53e7926748b2ef"},"breadcrumb":{"@id":"https:\/\/assam.org.tr\/en\/ali-ulvi-altinsoy-en\/#breadcrumb"},"inLanguage":"en-US","potentialAction":[{"@type":"ReadAction","target":["https:\/\/assam.org.tr\/en\/ali-ulvi-altinsoy-en\/"]}]},{"@type":"ImageObject","inLanguage":"en-US","@id":"https:\/\/assam.org.tr\/en\/ali-ulvi-altinsoy-en\/#primaryimage","url":"https:\/\/assam.org.tr\/downloads\/2020\/10\/b0776ea0ff3c7ec4ba82e898c021ccc5-scaled.jpg","contentUrl":"https:\/\/assam.org.tr\/downloads\/2020\/10\/b0776ea0ff3c7ec4ba82e898c021ccc5-scaled.jpg","width":2560,"height":1707},{"@type":"BreadcrumbList","@id":"https:\/\/assam.org.tr\/en\/ali-ulvi-altinsoy-en\/#breadcrumb","itemListElement":[{"@type":"ListItem","position":1,"name":"Anasayfa","item":"https:\/\/assam.org.tr\/en\/"},{"@type":"ListItem","position":2,"name":"Strategic Kingdom Under The Radar"}]},{"@type":"WebSite","@id":"https:\/\/assam.org.tr\/en\/#website","url":"https:\/\/assam.org.tr\/en\/","name":"Assam","description":"","potentialAction":[{"@type":"SearchAction","target":{"@type":"EntryPoint","urlTemplate":"https:\/\/assam.org.tr\/en\/?s={search_term_string}"},"query-input":{"@type":"PropertyValueSpecification","valueRequired":true,"valueName":"search_term_string"}}],"inLanguage":"en-US"},{"@type":"Person","@id":"https:\/\/assam.org.tr\/en\/#\/schema\/person\/3acfcd4778cdd610ce53e7926748b2ef","name":"admin","image":{"@type":"ImageObject","inLanguage":"en-US","@id":"https:\/\/assam.org.tr\/en\/#\/schema\/person\/image\/","url":"https:\/\/secure.gravatar.com\/avatar\/b64b9f9a11c3402664510c42229973ea79f05e8f86997d5123fb1c02cf533ea4?s=96&d=mm&r=g","contentUrl":"https:\/\/secure.gravatar.com\/avatar\/b64b9f9a11c3402664510c42229973ea79f05e8f86997d5123fb1c02cf533ea4?s=96&d=mm&r=g","caption":"admin"},"sameAs":["https:\/\/yeni.assam.org.tr"],"url":"https:\/\/assam.org.tr\/en\/author\/admin\/"}]}},"_links":{"self":[{"href":"https:\/\/assam.org.tr\/en\/wp-json\/wp\/v2\/posts\/4309","targetHints":{"allow":["GET"]}}],"collection":[{"href":"https:\/\/assam.org.tr\/en\/wp-json\/wp\/v2\/posts"}],"about":[{"href":"https:\/\/assam.org.tr\/en\/wp-json\/wp\/v2\/types\/post"}],"author":[{"embeddable":true,"href":"https:\/\/assam.org.tr\/en\/wp-json\/wp\/v2\/users\/1"}],"replies":[{"embeddable":true,"href":"https:\/\/assam.org.tr\/en\/wp-json\/wp\/v2\/comments?post=4309"}],"version-history":[{"count":0,"href":"https:\/\/assam.org.tr\/en\/wp-json\/wp\/v2\/posts\/4309\/revisions"}],"wp:featuredmedia":[{"embeddable":true,"href":"https:\/\/assam.org.tr\/en\/wp-json\/wp\/v2\/media\/4306"}],"wp:attachment":[{"href":"https:\/\/assam.org.tr\/en\/wp-json\/wp\/v2\/media?parent=4309"}],"wp:term":[{"taxonomy":"category","embeddable":true,"href":"https:\/\/assam.org.tr\/en\/wp-json\/wp\/v2\/categories?post=4309"},{"taxonomy":"post_tag","embeddable":true,"href":"https:\/\/assam.org.tr\/en\/wp-json\/wp\/v2\/tags?post=4309"},{"taxonomy":"manset","embeddable":true,"href":"https:\/\/assam.org.tr\/en\/wp-json\/wp\/v2\/manset?post=4309"}],"curies":[{"name":"wp","href":"https:\/\/api.w.org\/{rel}","templated":true}]}}