{"id":4568,"date":"2020-12-19T19:14:26","date_gmt":"2020-12-19T16:14:26","guid":{"rendered":"https:\/\/yeni.assam.org.tr\/index.php\/2020\/12\/19\/4uncu-uluslararasi-assam-islam-birligi-kongresi-icra-edildi-en\/"},"modified":"2020-12-19T19:14:26","modified_gmt":"2020-12-19T16:14:26","slug":"4uncu-uluslararasi-assam-islam-birligi-kongresi-icra-edildi-en","status":"publish","type":"post","link":"https:\/\/assam.org.tr\/en\/4uncu-uluslararasi-assam-islam-birligi-kongresi-icra-edildi-en\/","title":{"rendered":"4th International ASSAM Islamic Union Congress Held"},"content":{"rendered":"<p><img loading=\"lazy\" decoding=\"async\" class=\" size-full wp-image-4565\" src=\"https:\/\/assam.org.tr\/wp-content\/uploads\/2020\/12\/31a4faa1393284941a0a77ff3faf2c17.jpg\" alt=\"\" width=\"1086\" height=\"481\" \/><\/p>\n<p style=\"text-align: justify;\"><span style=\"font-size: 14pt; font-family: 'book antiqua', palatino, serif;\">Our Congress on the main theme of the ASRICA Confederation Defense System was successfully held in the 4th of the International ASSAM Islamic Union Congresses organized by ASSAM, the Association of Justice Defenders Strategic Studies Center, since 2017.<\/span><\/p>\n<p><!--more--><\/p>\n<p style=\"text-align: justify;\"><span style=\"font-size: 14pt; font-family: 'book antiqua', palatino, serif;\">At our Congress, hosted by Uskudar University with the participation of the Union of Non-Governmental Organizations of the Islamic world-UNIW, the Association of Justice Defenders -ASDER.;<\/span><\/p>\n<p style=\"text-align: justify;\"><span style=\"font-size: 14pt; font-family: 'book antiqua', palatino, serif;\">As every year, our Congress began with the recitation of the Qur&#8217;an, in which Atak\u00f6y Omar Duruk Mosque imam Hatibi Hafiz Mustafa K\u0131z\u0131lcao\u011flu recited verses of 102-103 and 160 of Ali Imran Surah Bak\u0131rk\u00f6y, the first of the world Qur&#8217;an reading contest in 2004.<\/span><\/p>\n<p style=\"text-align: justify;\"><span style=\"font-size: 14pt; font-family: 'book antiqua', palatino, serif;\">Retired General Adnan Tanriverdi, Chairman of The Board of Directors of ASSAM, gave the opening speech of our Congress. From Our Congressional Stakeholders;<\/span><\/p>\n<p style=\"text-align: justify;\"><span style=\"font-size: 14pt; font-family: 'book antiqua', palatino, serif;\">Founder and Chairman of the Board of Directors of Uskudar University Prof. Dr. Nevzat Tarhan<\/span><\/p>\n<p style=\"text-align: justify;\"><span style=\"font-size: 14pt; font-family: 'book antiqua', palatino, serif;\">Deputy Rector Of Uskudar University Prof. Dr. Mehmet Zelka<\/span><\/p>\n<p style=\"text-align: justify;\"><span style=\"font-size: 14pt; font-family: 'book antiqua', palatino, serif;\">Rector of Kutahya Dumlup\u0131nar University Prof. Dr. Kaz\u0131m Uysal<\/span><\/p>\n<p style=\"text-align: justify;\"><span style=\"font-size: 14pt; font-family: 'book antiqua', palatino, serif;\">General Secretary Of The Union Of Non-Governmental Organizations Of The Islamic World Lawyer Ali Kurt gave opening speeches on behalf of their institutions.<\/span><\/p>\n<p style=\"text-align: justify;\"><span style=\"font-size: 14pt; font-family: 'book antiqua', palatino, serif;\">In the opening speech of our Congress, in the name of sharing with the public what has been achieved if the Islamic countries, which are based on the meaning and importance of the victory of Turkey and its brotherly country Azerbaijan in Nagorno-Karabakh, are in solidarity;<\/span><\/p>\n<p style=\"text-align: justify;\"><span style=\"font-size: 14pt; font-family: 'book antiqua', palatino, serif;\">Dr. Elman Nesirov who is a member of the ruling party and an energy policy advisor to the president of Azerbaijan Ilham Aliyev. gave salutation speeches about the meaning and importance of our Congress.<\/span><\/p>\n<p style=\"text-align: justify;\"><span style=\"font-size: 14pt; font-family: 'book antiqua', palatino, serif;\">Perhaps the most significant emphasis of our Congress is the WorldUnion of Muslim Scholars Secretary General Prof. Dr. Ali Karadagi said:\u201d I am honored to speak here on behalf of the World Union of Muslim scholars and to support this important activity of yours.&#8221;<\/span><\/p>\n<p style=\"text-align: justify;\"><span style=\"font-size: 14pt; font-family: 'book antiqua', palatino, serif;\">After the opening and greeting speeches of our Congress, the declaration sessions were moved on. A total of 26 papers were presented by 28 academics from 14 countries and they contributed to the successful execution of our Congress.<\/span><\/p>\n<p style=\"text-align: justify;\"><span style=\"font-size: 14pt; font-family: 'book antiqua', palatino, serif;\">At the conclusion and evaluation session of our Congress, the Deputy Rector of Uskudar University and the deputy chairman of Assam Professor Dr. Mehmet Zelka emphasized the Islamic unity and its necessity by all participants and it was emphasized that there is an urgent need for a defense system that will be created by them to solve the problems among themselves, rather than waiting for a solution from the West.<\/span><\/p>\n<p style=\"text-align: justify;\"><span style=\"font-size: 14pt; font-family: 'book antiqua', palatino, serif;\">We thank the participants of our Congress, all our viewers who supported us by watching our Congress and felt in their hearts the work to implement the institutions needed to extinguish the fire in Islamic countries, and our volunteers who worked with excellent effort and performance to successfully execute this Congress.<\/span><\/p>\n","protected":false},"excerpt":{"rendered":"<p>Our Congress on the main theme of&#46;&#46;&#46;<\/p>\n","protected":false},"author":1,"featured_media":4565,"comment_status":"open","ping_status":"open","sticky":false,"template":"","format":"standard","meta":{"_acf_changed":false,"footnotes":""},"categories":[323],"tags":[],"manset":[],"class_list":["post-4568","post","type-post","status-publish","format-standard","has-post-thumbnail","hentry","category-news"],"acf":[],"yoast_head":"<!-- This site is optimized with the Yoast SEO plugin v26.1 - https:\/\/yoast.com\/wordpress\/plugins\/seo\/ -->\n<title>Assam<\/title>\n<meta name=\"robots\" content=\"index, follow, max-snippet:-1, max-image-preview:large, max-video-preview:-1\" \/>\n<link rel=\"canonical\" href=\"https:\/\/assam.org.tr\/en\/4uncu-uluslararasi-assam-islam-birligi-kongresi-icra-edildi-en\/\" \/>\n<meta property=\"og:locale\" content=\"en_US\" \/>\n<meta property=\"og:type\" content=\"article\" \/>\n<meta property=\"og:title\" content=\"4th International ASSAM Islamic Union Congress Held - Assam\" \/>\n<meta property=\"og:description\" content=\"Our Congress on the main theme of&#046;&#046;&#046;\" \/>\n<meta property=\"og:url\" content=\"https:\/\/assam.org.tr\/en\/4uncu-uluslararasi-assam-islam-birligi-kongresi-icra-edildi-en\/\" \/>\n<meta property=\"og:site_name\" content=\"Assam\" \/>\n<meta property=\"article:published_time\" content=\"2020-12-19T16:14:26+00:00\" \/>\n<meta property=\"og:image\" content=\"https:\/\/assam.org.tr\/downloads\/2020\/12\/31a4faa1393284941a0a77ff3faf2c17.jpg\" \/>\n\t<meta property=\"og:image:width\" content=\"1086\" \/>\n\t<meta property=\"og:image:height\" content=\"481\" \/>\n\t<meta property=\"og:image:type\" content=\"image\/jpeg\" \/>\n<meta name=\"author\" content=\"admin\" \/>\n<meta name=\"twitter:card\" content=\"summary_large_image\" \/>\n<meta name=\"twitter:label1\" content=\"Written by\" \/>\n\t<meta name=\"twitter:data1\" content=\"admin\" \/>\n\t<meta name=\"twitter:label2\" content=\"Est. reading time\" \/>\n\t<meta name=\"twitter:data2\" content=\"2 minutes\" \/>\n<script type=\"application\/ld+json\" class=\"yoast-schema-graph\">{\"@context\":\"https:\/\/schema.org\",\"@graph\":[{\"@type\":\"WebPage\",\"@id\":\"https:\/\/assam.org.tr\/en\/4uncu-uluslararasi-assam-islam-birligi-kongresi-icra-edildi-en\/\",\"url\":\"https:\/\/assam.org.tr\/en\/4uncu-uluslararasi-assam-islam-birligi-kongresi-icra-edildi-en\/\",\"name\":\"4th International ASSAM Islamic Union Congress Held - Assam\",\"isPartOf\":{\"@id\":\"https:\/\/assam.org.tr\/en\/#website\"},\"primaryImageOfPage\":{\"@id\":\"https:\/\/assam.org.tr\/en\/4uncu-uluslararasi-assam-islam-birligi-kongresi-icra-edildi-en\/#primaryimage\"},\"image\":{\"@id\":\"https:\/\/assam.org.tr\/en\/4uncu-uluslararasi-assam-islam-birligi-kongresi-icra-edildi-en\/#primaryimage\"},\"thumbnailUrl\":\"https:\/\/assam.org.tr\/downloads\/2020\/12\/31a4faa1393284941a0a77ff3faf2c17.jpg\",\"datePublished\":\"2020-12-19T16:14:26+00:00\",\"author\":{\"@id\":\"https:\/\/assam.org.tr\/en\/#\/schema\/person\/3acfcd4778cdd610ce53e7926748b2ef\"},\"breadcrumb\":{\"@id\":\"https:\/\/assam.org.tr\/en\/4uncu-uluslararasi-assam-islam-birligi-kongresi-icra-edildi-en\/#breadcrumb\"},\"inLanguage\":\"en-US\",\"potentialAction\":[{\"@type\":\"ReadAction\",\"target\":[\"https:\/\/assam.org.tr\/en\/4uncu-uluslararasi-assam-islam-birligi-kongresi-icra-edildi-en\/\"]}]},{\"@type\":\"ImageObject\",\"inLanguage\":\"en-US\",\"@id\":\"https:\/\/assam.org.tr\/en\/4uncu-uluslararasi-assam-islam-birligi-kongresi-icra-edildi-en\/#primaryimage\",\"url\":\"https:\/\/assam.org.tr\/downloads\/2020\/12\/31a4faa1393284941a0a77ff3faf2c17.jpg\",\"contentUrl\":\"https:\/\/assam.org.tr\/downloads\/2020\/12\/31a4faa1393284941a0a77ff3faf2c17.jpg\",\"width\":1086,\"height\":481},{\"@type\":\"BreadcrumbList\",\"@id\":\"https:\/\/assam.org.tr\/en\/4uncu-uluslararasi-assam-islam-birligi-kongresi-icra-edildi-en\/#breadcrumb\",\"itemListElement\":[{\"@type\":\"ListItem\",\"position\":1,\"name\":\"Anasayfa\",\"item\":\"https:\/\/assam.org.tr\/en\/\"},{\"@type\":\"ListItem\",\"position\":2,\"name\":\"4th International ASSAM Islamic Union Congress Held\"}]},{\"@type\":\"WebSite\",\"@id\":\"https:\/\/assam.org.tr\/en\/#website\",\"url\":\"https:\/\/assam.org.tr\/en\/\",\"name\":\"Assam\",\"description\":\"\",\"potentialAction\":[{\"@type\":\"SearchAction\",\"target\":{\"@type\":\"EntryPoint\",\"urlTemplate\":\"https:\/\/assam.org.tr\/en\/?s={search_term_string}\"},\"query-input\":{\"@type\":\"PropertyValueSpecification\",\"valueRequired\":true,\"valueName\":\"search_term_string\"}}],\"inLanguage\":\"en-US\"},{\"@type\":\"Person\",\"@id\":\"https:\/\/assam.org.tr\/en\/#\/schema\/person\/3acfcd4778cdd610ce53e7926748b2ef\",\"name\":\"admin\",\"image\":{\"@type\":\"ImageObject\",\"inLanguage\":\"en-US\",\"@id\":\"https:\/\/assam.org.tr\/en\/#\/schema\/person\/image\/\",\"url\":\"https:\/\/secure.gravatar.com\/avatar\/b64b9f9a11c3402664510c42229973ea79f05e8f86997d5123fb1c02cf533ea4?s=96&d=mm&r=g\",\"contentUrl\":\"https:\/\/secure.gravatar.com\/avatar\/b64b9f9a11c3402664510c42229973ea79f05e8f86997d5123fb1c02cf533ea4?s=96&d=mm&r=g\",\"caption\":\"admin\"},\"sameAs\":[\"https:\/\/yeni.assam.org.tr\"],\"url\":\"https:\/\/assam.org.tr\/en\/author\/admin\/\"}]}<\/script>\n<!-- \/ Yoast SEO plugin. -->","yoast_head_json":{"title":"Assam","robots":{"index":"index","follow":"follow","max-snippet":"max-snippet:-1","max-image-preview":"max-image-preview:large","max-video-preview":"max-video-preview:-1"},"canonical":"https:\/\/assam.org.tr\/en\/4uncu-uluslararasi-assam-islam-birligi-kongresi-icra-edildi-en\/","og_locale":"en_US","og_type":"article","og_title":"4th International ASSAM Islamic Union Congress Held - Assam","og_description":"Our Congress on the main theme of&#46;&#46;&#46;","og_url":"https:\/\/assam.org.tr\/en\/4uncu-uluslararasi-assam-islam-birligi-kongresi-icra-edildi-en\/","og_site_name":"Assam","article_published_time":"2020-12-19T16:14:26+00:00","og_image":[{"width":1086,"height":481,"url":"https:\/\/assam.org.tr\/downloads\/2020\/12\/31a4faa1393284941a0a77ff3faf2c17.jpg","type":"image\/jpeg"}],"author":"admin","twitter_card":"summary_large_image","twitter_misc":{"Written by":"admin","Est. reading time":"2 minutes"},"schema":{"@context":"https:\/\/schema.org","@graph":[{"@type":"WebPage","@id":"https:\/\/assam.org.tr\/en\/4uncu-uluslararasi-assam-islam-birligi-kongresi-icra-edildi-en\/","url":"https:\/\/assam.org.tr\/en\/4uncu-uluslararasi-assam-islam-birligi-kongresi-icra-edildi-en\/","name":"4th International ASSAM Islamic Union Congress Held - Assam","isPartOf":{"@id":"https:\/\/assam.org.tr\/en\/#website"},"primaryImageOfPage":{"@id":"https:\/\/assam.org.tr\/en\/4uncu-uluslararasi-assam-islam-birligi-kongresi-icra-edildi-en\/#primaryimage"},"image":{"@id":"https:\/\/assam.org.tr\/en\/4uncu-uluslararasi-assam-islam-birligi-kongresi-icra-edildi-en\/#primaryimage"},"thumbnailUrl":"https:\/\/assam.org.tr\/downloads\/2020\/12\/31a4faa1393284941a0a77ff3faf2c17.jpg","datePublished":"2020-12-19T16:14:26+00:00","author":{"@id":"https:\/\/assam.org.tr\/en\/#\/schema\/person\/3acfcd4778cdd610ce53e7926748b2ef"},"breadcrumb":{"@id":"https:\/\/assam.org.tr\/en\/4uncu-uluslararasi-assam-islam-birligi-kongresi-icra-edildi-en\/#breadcrumb"},"inLanguage":"en-US","potentialAction":[{"@type":"ReadAction","target":["https:\/\/assam.org.tr\/en\/4uncu-uluslararasi-assam-islam-birligi-kongresi-icra-edildi-en\/"]}]},{"@type":"ImageObject","inLanguage":"en-US","@id":"https:\/\/assam.org.tr\/en\/4uncu-uluslararasi-assam-islam-birligi-kongresi-icra-edildi-en\/#primaryimage","url":"https:\/\/assam.org.tr\/downloads\/2020\/12\/31a4faa1393284941a0a77ff3faf2c17.jpg","contentUrl":"https:\/\/assam.org.tr\/downloads\/2020\/12\/31a4faa1393284941a0a77ff3faf2c17.jpg","width":1086,"height":481},{"@type":"BreadcrumbList","@id":"https:\/\/assam.org.tr\/en\/4uncu-uluslararasi-assam-islam-birligi-kongresi-icra-edildi-en\/#breadcrumb","itemListElement":[{"@type":"ListItem","position":1,"name":"Anasayfa","item":"https:\/\/assam.org.tr\/en\/"},{"@type":"ListItem","position":2,"name":"4th International ASSAM Islamic Union Congress Held"}]},{"@type":"WebSite","@id":"https:\/\/assam.org.tr\/en\/#website","url":"https:\/\/assam.org.tr\/en\/","name":"Assam","description":"","potentialAction":[{"@type":"SearchAction","target":{"@type":"EntryPoint","urlTemplate":"https:\/\/assam.org.tr\/en\/?s={search_term_string}"},"query-input":{"@type":"PropertyValueSpecification","valueRequired":true,"valueName":"search_term_string"}}],"inLanguage":"en-US"},{"@type":"Person","@id":"https:\/\/assam.org.tr\/en\/#\/schema\/person\/3acfcd4778cdd610ce53e7926748b2ef","name":"admin","image":{"@type":"ImageObject","inLanguage":"en-US","@id":"https:\/\/assam.org.tr\/en\/#\/schema\/person\/image\/","url":"https:\/\/secure.gravatar.com\/avatar\/b64b9f9a11c3402664510c42229973ea79f05e8f86997d5123fb1c02cf533ea4?s=96&d=mm&r=g","contentUrl":"https:\/\/secure.gravatar.com\/avatar\/b64b9f9a11c3402664510c42229973ea79f05e8f86997d5123fb1c02cf533ea4?s=96&d=mm&r=g","caption":"admin"},"sameAs":["https:\/\/yeni.assam.org.tr"],"url":"https:\/\/assam.org.tr\/en\/author\/admin\/"}]}},"_links":{"self":[{"href":"https:\/\/assam.org.tr\/en\/wp-json\/wp\/v2\/posts\/4568","targetHints":{"allow":["GET"]}}],"collection":[{"href":"https:\/\/assam.org.tr\/en\/wp-json\/wp\/v2\/posts"}],"about":[{"href":"https:\/\/assam.org.tr\/en\/wp-json\/wp\/v2\/types\/post"}],"author":[{"embeddable":true,"href":"https:\/\/assam.org.tr\/en\/wp-json\/wp\/v2\/users\/1"}],"replies":[{"embeddable":true,"href":"https:\/\/assam.org.tr\/en\/wp-json\/wp\/v2\/comments?post=4568"}],"version-history":[{"count":0,"href":"https:\/\/assam.org.tr\/en\/wp-json\/wp\/v2\/posts\/4568\/revisions"}],"wp:featuredmedia":[{"embeddable":true,"href":"https:\/\/assam.org.tr\/en\/wp-json\/wp\/v2\/media\/4565"}],"wp:attachment":[{"href":"https:\/\/assam.org.tr\/en\/wp-json\/wp\/v2\/media?parent=4568"}],"wp:term":[{"taxonomy":"category","embeddable":true,"href":"https:\/\/assam.org.tr\/en\/wp-json\/wp\/v2\/categories?post=4568"},{"taxonomy":"post_tag","embeddable":true,"href":"https:\/\/assam.org.tr\/en\/wp-json\/wp\/v2\/tags?post=4568"},{"taxonomy":"manset","embeddable":true,"href":"https:\/\/assam.org.tr\/en\/wp-json\/wp\/v2\/manset?post=4568"}],"curies":[{"name":"wp","href":"https:\/\/api.w.org\/{rel}","templated":true}]}}