{"id":4910,"date":"2021-03-01T11:36:45","date_gmt":"2021-03-01T08:36:45","guid":{"rendered":"https:\/\/yeni.assam.org.tr\/index.php\/2021\/03\/01\/28-subat-vesilesiyle-en\/"},"modified":"2021-03-01T11:36:45","modified_gmt":"2021-03-01T08:36:45","slug":"28-subat-vesilesiyle-en","status":"publish","type":"post","link":"https:\/\/assam.org.tr\/en\/28-subat-vesilesiyle-en\/","title":{"rendered":"On the occasion of February 28"},"content":{"rendered":"<p><img loading=\"lazy\" decoding=\"async\" class=\" size-full wp-image-4907\" src=\"https:\/\/assam.org.tr\/wp-content\/uploads\/2021\/03\/fbce18293084d3ac0d97e393ad7b6ff7.jpg\" alt=\"\" width=\"1080\" height=\"645\" \/><\/p>\n<p style=\"text-align: justify;\"><span style=\"font-family: 'book antiqua', palatino, serif; font-size: 14pt;\"><strong>Today is February 28; that is, it is the 24th anniversary of the postmodern coup. On this occasion, I would like to express that I consider it a duty for humanity to remember the coup plotters and their supporters with a curse.<\/strong><\/span><\/p>\n<p><!--more--><\/p>\n<p style=\"text-align: justify;\"><span style=\"font-size: 14pt; font-family: 'book antiqua', palatino, serif;\">It has been 24 years since the years of severe persecution, when young people under the age of thirties were unaware, trying to understand from these anniversary programs if they were a little curious.<\/span><\/p>\n<p style=\"text-align: justify;\"><span style=\"font-size: 14pt; font-family: 'book antiqua', palatino, serif;\">It had started first in the Armed Forces. Retiring people without consulting anyone, by tagging, questioning, threats, and decisions of the Supreme Military Council.<\/span><\/p>\n<p style=\"text-align: justify;\"><span style=\"font-size: 14pt; font-family: 'book antiqua', palatino, serif;\">Then it continued as headscarf persecution on our girls in universities. Unimaginable disgrace, humiliation, persuasion chambers and deregistration from schools.<\/span><\/p>\n<p style=\"text-align: justify;\"><span style=\"font-size: 14pt; font-family: 'book antiqua', palatino, serif;\">It then spread to all public spheres, and most recently, overthrowing the elected government.<\/span><\/p>\n<p style=\"text-align: justify;\"><span style=\"font-size: 14pt; font-family: 'book antiqua', palatino, serif;\">Much has been said, written and told about the February 28 post-modern coup. No matter how much talk about it, it would not be enough of course. In fact, what happened should be told as a series or movies. I believe that a good script will make an impact not only in our country but also in the world.<\/span><\/p>\n<p style=\"text-align: justify;\"><span style=\"font-size: 14pt; font-family: 'book antiqua', palatino, serif;\">However, in this article, I want to look a little different than usual, at least for myself.<\/span><\/p>\n<p style=\"text-align: justify;\"><span style=\"font-size: 14pt; font-family: 'book antiqua', palatino, serif;\">Members of the Western Working Group, who were nested within the Turkish Armed Forces who carried out the coup, were tried and\u00a0 punished as they deserved. However, there is a very important issue that is overlooked; West Working Group members were not alone in this coup. Its most important supporters and partners were members of the media. Yes, the February 28 coup, unlike other coups, took its name of the post-modern coup, as they say, from the cooperation with this media. The West Working Group gang, which actually carried out the coup, are called to account, but their partners, the media gang, still are not! Not only that, but because the hired guns in the media, who are the partners of the West Working Group gang, were not actually people who had the ability to act on their own, they had strong businessmen holding their leash and their real big demon abroad, who had their strings in his hands, of course. None of this has been pursued.<\/span><\/p>\n<p style=\"text-align: justify;\"><span style=\"font-size: 14pt; font-family: 'book antiqua', palatino, serif;\">I express clearly from my humble column; If all the criminals are not exposed, probably this will happen again in the future. We should have no doubt that these despicable wretches may not do anything because of the power of the government comes from its support of nation, that they will draw their swords when they have the opportunity in the future.<\/span><\/p>\n<p style=\"text-align: justify;\"><span style=\"font-size: 14pt; font-family: 'book antiqua', palatino, serif;\">The 15 July coup attempt was also a coup attempt in the continuation of February 28 process. In fact, it was a more insidious and more planned attempt, as the lessons learned from February 28, it was a project to demolish the state with its assassins who leaked to the capillary vessels. After February 28, thanks to the cries of the oppressed, because of the help of Allah, as a result of Allah&#8217;s manifestation of the hearts, we survived the greatest disaster of the century as a result of Allah&#8217;s mercy to the people who lost their lives, the last bannerman of Islam, and by panicking the coup plotters, by starting the attempt early, and by mixing the works together and failed.<\/span><\/p>\n<p style=\"text-align: justify;\"><span style=\"font-size: 14pt; font-family: 'book antiqua', palatino, serif;\">However, if we do not do whatever we have to do, if we do not learn from what happened to us, we may witness even greater disasters next time. Allah forbid!<\/span><\/p>\n<p style=\"text-align: justify;\"><span style=\"font-size: 14pt; font-family: 'book antiqua', palatino, serif;\">What to do is obvious. All documents are available in our archives. The coup supporters and their partners should be prosecuted immediately. Regardless of who they are, MPs of that period, businessmen, public officials, media supporters, etc. all of them should be called to account. In fact, they were the real coup plotters.<\/span><\/p>\n<p style=\"text-align: justify;\"><span style=\"font-size: 14pt; font-family: 'book antiqua', palatino, serif;\">Since it is always in sight and they are seen as performing actions, the little devil West Working Group in the Turkish Armed Forces has been cursed and tried. However, it will sound weird to you, but maybe they were the most innocent side in this coup. Since I am a soldier, I know them well, even if I say I get under their skin, I would not be exaggerating. These people came from Anatolia to military high schools or military schools when they were child, and they were the pure and naive children of the country. They were devoted, brave children whose hearts beat for their country. Some of them were confused intentionally. As for certain authorities, as a result of external compliments and hypocritical and deceitful approaches, they supposedly saved the country. In fact, maybe they really thought they were saving the country, at least some of them. Because they were able to make soldiers to see the friend as the enemy and the enemy as the friend. In other words, the heroic Anatolian children of the West Working Group in the army thought that they were serving their country. So if we call these people deluded and poor fools, we would be telling some truth, if not quite. (This situation does not reduce their crimes)<\/span><\/p>\n<p style=\"text-align: justify;\"><span style=\"font-size: 14pt; font-family: 'book antiqua', palatino, serif;\">But the media members are not like that. The coup supporters, nested in the media, literally enemies of the people and sold off their souls; they are stateless, unprincipled, despicable, miserable.<\/span><\/p>\n<p style=\"text-align: justify;\"><span style=\"font-size: 14pt; font-family: 'book antiqua', palatino, serif;\">Especially, among the big businessmen, the traitors who have connections with the globalists, Masonic organizations and \/ or the like are the real troubles of this nation. These are the real big calamities for this country. Unless we get rid of this trouble, it will not be possible for us to end these coups.<\/span><\/p>\n<p style=\"text-align: justify;\"><span style=\"font-size: 14pt; font-family: 'book antiqua', palatino, serif;\">As a last word, I would like to call our President; For the sake of Allah, bring out all the supporters of the coup, at least start giving them a hard time decisively. Let us see what the Lord does, whatever he does, he does it well.<\/span><\/p>\n<p style=\"text-align: justify;\"><span style=\"font-size: 14pt; font-family: 'book antiqua', palatino, serif;\">May Allah help us.<\/span><\/p>\n<p style=\"text-align: justify;\"><span style=\"font-size: 14pt; font-family: 'book antiqua', palatino, serif;\">G\u00fcrcan Onat, February 28, 2021.<\/span><\/p>\n","protected":false},"excerpt":{"rendered":"<p>Today is February 28; that is, it&#46;&#46;&#46;<\/p>\n","protected":false},"author":68,"featured_media":4907,"comment_status":"open","ping_status":"open","sticky":false,"template":"","format":"standard","meta":{"_acf_changed":false,"footnotes":""},"categories":[323],"tags":[],"manset":[],"class_list":["post-4910","post","type-post","status-publish","format-standard","has-post-thumbnail","hentry","category-news"],"acf":[],"yoast_head":"<!-- This site is optimized with the Yoast SEO plugin v26.1 - https:\/\/yoast.com\/wordpress\/plugins\/seo\/ -->\n<title>Assam<\/title>\n<meta name=\"robots\" content=\"index, follow, max-snippet:-1, max-image-preview:large, max-video-preview:-1\" \/>\n<link rel=\"canonical\" href=\"https:\/\/assam.org.tr\/en\/28-subat-vesilesiyle-en\/\" \/>\n<meta property=\"og:locale\" content=\"en_US\" \/>\n<meta property=\"og:type\" content=\"article\" \/>\n<meta property=\"og:title\" content=\"On the occasion of February 28 - Assam\" \/>\n<meta property=\"og:description\" content=\"Today is February 28; that is, it&#046;&#046;&#046;\" \/>\n<meta property=\"og:url\" content=\"https:\/\/assam.org.tr\/en\/28-subat-vesilesiyle-en\/\" \/>\n<meta property=\"og:site_name\" content=\"Assam\" \/>\n<meta property=\"article:published_time\" content=\"2021-03-01T08:36:45+00:00\" \/>\n<meta property=\"og:image\" content=\"https:\/\/assam.org.tr\/downloads\/2021\/03\/fbce18293084d3ac0d97e393ad7b6ff7.jpg\" \/>\n\t<meta property=\"og:image:width\" content=\"1080\" \/>\n\t<meta property=\"og:image:height\" content=\"645\" \/>\n\t<meta property=\"og:image:type\" content=\"image\/jpeg\" \/>\n<meta name=\"author\" content=\"G\u00fcrcan ONAT\" \/>\n<meta name=\"twitter:card\" content=\"summary_large_image\" \/>\n<meta name=\"twitter:label1\" content=\"Written by\" \/>\n\t<meta name=\"twitter:data1\" content=\"G\u00fcrcan ONAT\" \/>\n\t<meta name=\"twitter:label2\" content=\"Est. reading time\" \/>\n\t<meta name=\"twitter:data2\" content=\"5 minutes\" \/>\n<script type=\"application\/ld+json\" class=\"yoast-schema-graph\">{\"@context\":\"https:\/\/schema.org\",\"@graph\":[{\"@type\":\"WebPage\",\"@id\":\"https:\/\/assam.org.tr\/en\/28-subat-vesilesiyle-en\/\",\"url\":\"https:\/\/assam.org.tr\/en\/28-subat-vesilesiyle-en\/\",\"name\":\"On the occasion of February 28 - Assam\",\"isPartOf\":{\"@id\":\"https:\/\/assam.org.tr\/en\/#website\"},\"primaryImageOfPage\":{\"@id\":\"https:\/\/assam.org.tr\/en\/28-subat-vesilesiyle-en\/#primaryimage\"},\"image\":{\"@id\":\"https:\/\/assam.org.tr\/en\/28-subat-vesilesiyle-en\/#primaryimage\"},\"thumbnailUrl\":\"https:\/\/assam.org.tr\/downloads\/2021\/03\/fbce18293084d3ac0d97e393ad7b6ff7.jpg\",\"datePublished\":\"2021-03-01T08:36:45+00:00\",\"author\":{\"@id\":\"https:\/\/assam.org.tr\/en\/#\/schema\/person\/12a1f3c99a0008c6de951d9331f8bc70\"},\"breadcrumb\":{\"@id\":\"https:\/\/assam.org.tr\/en\/28-subat-vesilesiyle-en\/#breadcrumb\"},\"inLanguage\":\"en-US\",\"potentialAction\":[{\"@type\":\"ReadAction\",\"target\":[\"https:\/\/assam.org.tr\/en\/28-subat-vesilesiyle-en\/\"]}]},{\"@type\":\"ImageObject\",\"inLanguage\":\"en-US\",\"@id\":\"https:\/\/assam.org.tr\/en\/28-subat-vesilesiyle-en\/#primaryimage\",\"url\":\"https:\/\/assam.org.tr\/downloads\/2021\/03\/fbce18293084d3ac0d97e393ad7b6ff7.jpg\",\"contentUrl\":\"https:\/\/assam.org.tr\/downloads\/2021\/03\/fbce18293084d3ac0d97e393ad7b6ff7.jpg\",\"width\":1080,\"height\":645},{\"@type\":\"BreadcrumbList\",\"@id\":\"https:\/\/assam.org.tr\/en\/28-subat-vesilesiyle-en\/#breadcrumb\",\"itemListElement\":[{\"@type\":\"ListItem\",\"position\":1,\"name\":\"Anasayfa\",\"item\":\"https:\/\/assam.org.tr\/en\/\"},{\"@type\":\"ListItem\",\"position\":2,\"name\":\"On the occasion of February 28\"}]},{\"@type\":\"WebSite\",\"@id\":\"https:\/\/assam.org.tr\/en\/#website\",\"url\":\"https:\/\/assam.org.tr\/en\/\",\"name\":\"Assam\",\"description\":\"\",\"potentialAction\":[{\"@type\":\"SearchAction\",\"target\":{\"@type\":\"EntryPoint\",\"urlTemplate\":\"https:\/\/assam.org.tr\/en\/?s={search_term_string}\"},\"query-input\":{\"@type\":\"PropertyValueSpecification\",\"valueRequired\":true,\"valueName\":\"search_term_string\"}}],\"inLanguage\":\"en-US\"},{\"@type\":\"Person\",\"@id\":\"https:\/\/assam.org.tr\/en\/#\/schema\/person\/12a1f3c99a0008c6de951d9331f8bc70\",\"name\":\"G\u00fcrcan ONAT\",\"image\":{\"@type\":\"ImageObject\",\"inLanguage\":\"en-US\",\"@id\":\"https:\/\/assam.org.tr\/en\/#\/schema\/person\/image\/\",\"url\":\"https:\/\/secure.gravatar.com\/avatar\/96d8a3f6d8284586b07a48ec4f94534fa8bba7105272b39e2cc7d414934bb13b?s=96&d=mm&r=g\",\"contentUrl\":\"https:\/\/secure.gravatar.com\/avatar\/96d8a3f6d8284586b07a48ec4f94534fa8bba7105272b39e2cc7d414934bb13b?s=96&d=mm&r=g\",\"caption\":\"G\u00fcrcan ONAT\"},\"description\":\"30 Haziran 1959 tarihinde Adapazar\u0131'nda do\u011fmu\u015ftur. Memleketi: Akyaz\u0131\/Sakarya. 30 A\u011fustos 1981 y\u0131l\u0131nda Hava Harp Okulundan Te\u011fmen r\u00fctbesi ile mezun olmu\u015ftur. 1999 y\u0131l\u0131nda Binba\u015f\u0131 r\u00fctbesindeyken kendi iste\u011fi ile emekli olmu\u015ftur. Emekli oldu\u011fu g\u00fcnden itibaren sivil toplum \u00f6rg\u00fctleri ile hemhal olmu\u015ftur. ASDER, ASSAM, SADAT kurulu\u015flar\u0131nda emek sarf etmi\u015ftir. Halen Fatih\/\u0130stanbul'da ikamet etmekte olup, kendini vak\u0131f ve dernek hizmetlerine vakfetmi\u015ftir.\u00a0 \u00a0\",\"url\":\"https:\/\/assam.org.tr\/en\/author\/gurcanonat\/\"}]}<\/script>\n<!-- \/ Yoast SEO plugin. -->","yoast_head_json":{"title":"Assam","robots":{"index":"index","follow":"follow","max-snippet":"max-snippet:-1","max-image-preview":"max-image-preview:large","max-video-preview":"max-video-preview:-1"},"canonical":"https:\/\/assam.org.tr\/en\/28-subat-vesilesiyle-en\/","og_locale":"en_US","og_type":"article","og_title":"On the occasion of February 28 - Assam","og_description":"Today is February 28; that is, it&#46;&#46;&#46;","og_url":"https:\/\/assam.org.tr\/en\/28-subat-vesilesiyle-en\/","og_site_name":"Assam","article_published_time":"2021-03-01T08:36:45+00:00","og_image":[{"width":1080,"height":645,"url":"https:\/\/assam.org.tr\/downloads\/2021\/03\/fbce18293084d3ac0d97e393ad7b6ff7.jpg","type":"image\/jpeg"}],"author":"G\u00fcrcan ONAT","twitter_card":"summary_large_image","twitter_misc":{"Written by":"G\u00fcrcan ONAT","Est. reading time":"5 minutes"},"schema":{"@context":"https:\/\/schema.org","@graph":[{"@type":"WebPage","@id":"https:\/\/assam.org.tr\/en\/28-subat-vesilesiyle-en\/","url":"https:\/\/assam.org.tr\/en\/28-subat-vesilesiyle-en\/","name":"On the occasion of February 28 - Assam","isPartOf":{"@id":"https:\/\/assam.org.tr\/en\/#website"},"primaryImageOfPage":{"@id":"https:\/\/assam.org.tr\/en\/28-subat-vesilesiyle-en\/#primaryimage"},"image":{"@id":"https:\/\/assam.org.tr\/en\/28-subat-vesilesiyle-en\/#primaryimage"},"thumbnailUrl":"https:\/\/assam.org.tr\/downloads\/2021\/03\/fbce18293084d3ac0d97e393ad7b6ff7.jpg","datePublished":"2021-03-01T08:36:45+00:00","author":{"@id":"https:\/\/assam.org.tr\/en\/#\/schema\/person\/12a1f3c99a0008c6de951d9331f8bc70"},"breadcrumb":{"@id":"https:\/\/assam.org.tr\/en\/28-subat-vesilesiyle-en\/#breadcrumb"},"inLanguage":"en-US","potentialAction":[{"@type":"ReadAction","target":["https:\/\/assam.org.tr\/en\/28-subat-vesilesiyle-en\/"]}]},{"@type":"ImageObject","inLanguage":"en-US","@id":"https:\/\/assam.org.tr\/en\/28-subat-vesilesiyle-en\/#primaryimage","url":"https:\/\/assam.org.tr\/downloads\/2021\/03\/fbce18293084d3ac0d97e393ad7b6ff7.jpg","contentUrl":"https:\/\/assam.org.tr\/downloads\/2021\/03\/fbce18293084d3ac0d97e393ad7b6ff7.jpg","width":1080,"height":645},{"@type":"BreadcrumbList","@id":"https:\/\/assam.org.tr\/en\/28-subat-vesilesiyle-en\/#breadcrumb","itemListElement":[{"@type":"ListItem","position":1,"name":"Anasayfa","item":"https:\/\/assam.org.tr\/en\/"},{"@type":"ListItem","position":2,"name":"On the occasion of February 28"}]},{"@type":"WebSite","@id":"https:\/\/assam.org.tr\/en\/#website","url":"https:\/\/assam.org.tr\/en\/","name":"Assam","description":"","potentialAction":[{"@type":"SearchAction","target":{"@type":"EntryPoint","urlTemplate":"https:\/\/assam.org.tr\/en\/?s={search_term_string}"},"query-input":{"@type":"PropertyValueSpecification","valueRequired":true,"valueName":"search_term_string"}}],"inLanguage":"en-US"},{"@type":"Person","@id":"https:\/\/assam.org.tr\/en\/#\/schema\/person\/12a1f3c99a0008c6de951d9331f8bc70","name":"G\u00fcrcan ONAT","image":{"@type":"ImageObject","inLanguage":"en-US","@id":"https:\/\/assam.org.tr\/en\/#\/schema\/person\/image\/","url":"https:\/\/secure.gravatar.com\/avatar\/96d8a3f6d8284586b07a48ec4f94534fa8bba7105272b39e2cc7d414934bb13b?s=96&d=mm&r=g","contentUrl":"https:\/\/secure.gravatar.com\/avatar\/96d8a3f6d8284586b07a48ec4f94534fa8bba7105272b39e2cc7d414934bb13b?s=96&d=mm&r=g","caption":"G\u00fcrcan ONAT"},"description":"30 Haziran 1959 tarihinde Adapazar\u0131'nda do\u011fmu\u015ftur. Memleketi: Akyaz\u0131\/Sakarya. 30 A\u011fustos 1981 y\u0131l\u0131nda Hava Harp Okulundan Te\u011fmen r\u00fctbesi ile mezun olmu\u015ftur. 1999 y\u0131l\u0131nda Binba\u015f\u0131 r\u00fctbesindeyken kendi iste\u011fi ile emekli olmu\u015ftur. Emekli oldu\u011fu g\u00fcnden itibaren sivil toplum \u00f6rg\u00fctleri ile hemhal olmu\u015ftur. ASDER, ASSAM, SADAT kurulu\u015flar\u0131nda emek sarf etmi\u015ftir. Halen Fatih\/\u0130stanbul'da ikamet etmekte olup, kendini vak\u0131f ve dernek hizmetlerine vakfetmi\u015ftir.\u00a0 \u00a0","url":"https:\/\/assam.org.tr\/en\/author\/gurcanonat\/"}]}},"_links":{"self":[{"href":"https:\/\/assam.org.tr\/en\/wp-json\/wp\/v2\/posts\/4910","targetHints":{"allow":["GET"]}}],"collection":[{"href":"https:\/\/assam.org.tr\/en\/wp-json\/wp\/v2\/posts"}],"about":[{"href":"https:\/\/assam.org.tr\/en\/wp-json\/wp\/v2\/types\/post"}],"author":[{"embeddable":true,"href":"https:\/\/assam.org.tr\/en\/wp-json\/wp\/v2\/users\/68"}],"replies":[{"embeddable":true,"href":"https:\/\/assam.org.tr\/en\/wp-json\/wp\/v2\/comments?post=4910"}],"version-history":[{"count":0,"href":"https:\/\/assam.org.tr\/en\/wp-json\/wp\/v2\/posts\/4910\/revisions"}],"wp:featuredmedia":[{"embeddable":true,"href":"https:\/\/assam.org.tr\/en\/wp-json\/wp\/v2\/media\/4907"}],"wp:attachment":[{"href":"https:\/\/assam.org.tr\/en\/wp-json\/wp\/v2\/media?parent=4910"}],"wp:term":[{"taxonomy":"category","embeddable":true,"href":"https:\/\/assam.org.tr\/en\/wp-json\/wp\/v2\/categories?post=4910"},{"taxonomy":"post_tag","embeddable":true,"href":"https:\/\/assam.org.tr\/en\/wp-json\/wp\/v2\/tags?post=4910"},{"taxonomy":"manset","embeddable":true,"href":"https:\/\/assam.org.tr\/en\/wp-json\/wp\/v2\/manset?post=4910"}],"curies":[{"name":"wp","href":"https:\/\/api.w.org\/{rel}","templated":true}]}}