{"id":5026,"date":"2021-04-05T14:25:26","date_gmt":"2021-04-05T11:25:26","guid":{"rendered":"https:\/\/yeni.assam.org.tr\/index.php\/2021\/04\/05\/bm-nin-kuresel-entegrasyon-sureci-nasil-olmali-en\/"},"modified":"2021-04-05T14:25:26","modified_gmt":"2021-04-05T11:25:26","slug":"bm-nin-kuresel-entegrasyon-sureci-nasil-olmali-en","status":"publish","type":"post","link":"https:\/\/assam.org.tr\/en\/bm-nin-kuresel-entegrasyon-sureci-nasil-olmali-en\/","title":{"rendered":"How Should Be the Global Integration Process of UN?"},"content":{"rendered":"<p><img loading=\"lazy\" decoding=\"async\" class=\" size-full wp-image-5023\" src=\"https:\/\/assam.org.tr\/wp-content\/uploads\/2021\/04\/82dbf6cae1772ebce3f61a4b34447ba4.jpg\" alt=\"\" width=\"615\" height=\"344\" \/><\/p>\n<p style=\"text-align: justify;\"><span style=\"font-family: 'book antiqua', palatino, serif; font-size: 14pt;\"><strong>Just as Erdo\u011fan\u2019s discourse of \u201cone minute\u201d in Davos was more effective than the former Iranian President Ahmadinejad\u2019s slogan \u201cWe will wipe Israel off the map\u201d; It should not be forgotten that the phrase \u201cThe world is bigger than five\u201d is more effective, realistic and applicable than the slogan \u201cLet the UN be discharged, NATO should be ruled out\u201d.<\/strong><\/span><\/p>\n<p><!--more--><\/p>\n<p style=\"text-align: justify;\"><span style=\"font-size: 14pt; font-family: 'book antiqua', palatino, serif;\">In the mechanism of interstate global administration, the United Nations (UN) has become the most centralized, the most universal, but also the most inefficient community. Although it plays a role in many issues such as birth control, public health and environmental pollution, it displays a projection that has narrowed its sphere of influence in stopping the bloodshed in conflict areas. While the most important part of the UN to take a correct position in this respect should be collective power politics, this initiative was left to the mercy of five powerful countries. It is an undeniable fact that we are in an era of powerful states. In terms of destructive and coercive power, we live with the most powerful states throughout the history of mankind. Never before in history has a single state had the unrivaled military power that the United States has today. The USA managed to carry this military power and superiority today with the economic, political and cultural hegemony it created after World War II.<\/span><\/p>\n<p style=\"text-align: justify;\"><span style=\"font-size: 14pt; font-family: 'book antiqua', palatino, serif;\">The UN functions in a structure where this global mechanism of supremacy is balanced with strong stakeholders to absorb overload. The UN has a lot of problems to be solved in terms of its internal structure and functioning, and this is not something new. The reform efforts at the UN, which started in 1990, unfortunately did not have any real political reflection on the global level and did not yield an effective result, except for administrative and financial reforms. Especially the issue of veto and number of members of the Security Council is one of the problems that have turned into gangrene. Unfortunately, it is not expected to make radical reforms on these problems in the near future.<\/span><\/p>\n<p style=\"text-align: justify;\"><span style=\"font-size: 14pt; font-family: 'book antiqua', palatino, serif;\"><strong>General Attitude of the UN<\/strong><\/span><\/p>\n<p style=\"text-align: justify;\"><span style=\"font-size: 14pt; font-family: 'book antiqua', palatino, serif;\">Before the Millennium Summit of the UN in 2000, the problems that were decided to be discussed in the report presented by Secretary-General Kofi Annan and waiting for the UN included internal conflicts, ethnic wars, as well as the diminishing prestige and legitimacy of UN institutions and bodies. Above all, there was the problem of using the concept of national sovereignty as a shield for human rights violations. It is clearly known that the current order of the UN after the collapse of the eastern bloc masked ethnic and nationalist conflicts within some countries. Today, the decision-making and enforcement mechanisms of the UN tend to see the ongoing war in Syria as a concept of national sovereignty.<\/span><\/p>\n<p style=\"text-align: justify;\"><span style=\"font-size: 14pt; font-family: 'book antiqua', palatino, serif;\">President Recep Tayyip Erdo\u011fan frequently states that the UN does not display an effective position against global and regional problems and underlines that the UN should act much more courageously in defending the truth. When we make an evaluation in this context, it is very clear that Erdo\u011fan emphasized the 2nd article of the UN Charter, \u201cthe principle of the rights and equality of nations, and the principle of self-determination\u201d.<\/span><\/p>\n<p style=\"text-align: justify;\"><span style=\"font-size: 14pt; font-family: 'book antiqua', palatino, serif;\">There are two aspects to the concept of self-determination: The first one; describes \u201cinternal self-determination\u201d, that is, the ability of peoples to choose their political, economic, social and cultural system within their own country. The second one, \u201cexternal self-determination\u201d is the right of peoples to determine their political status and identity, including independence or joining another state. However, this right has been implemented in the UN as permanent members have the right to \u201cself-determination\u201d only of peoples under colonial, racist or foreign rule, in line with their own hegemony and interests. In this respect, the practice of considering a UN military intervention only legitimate when the permanent members of the Security Council authorize it must be urgently reviewed.<\/span><\/p>\n<p style=\"text-align: justify;\"><span style=\"font-size: 14pt; font-family: 'book antiqua', palatino, serif;\"><strong>Global war against terror<\/strong><\/span><\/p>\n<p style=\"text-align: justify;\"><span style=\"font-size: 14pt; font-family: 'book antiqua', palatino, serif;\">The position and power of these permanent members is also based on a balance of power that goes back to the aftermath of World War II. This current situation is incapable of reflecting both the global spirit of the time and the worldwide rise and representation of countries such as Germany, Brazil, India, Japan and Turkey. These handicaps and institutional problems push the UN into a troubled and contradictory position. The disproportionate balance of power we mentioned, while the UN Security Council gave \u201cpower to veto\u201d to the victorious powers of World War II, brought along problems that actually marginalized other countries with attractions that pretended to be in the decision mechanisms. In the face of such institutional and doctrinal challenges, philosophers such as John Rawls can interestingly argue that \u201cdemocracy is not a human right\u201d by micro-reducing the mission of human rights in international justice.<\/span><\/p>\n<p style=\"text-align: justify;\"><span style=\"font-size: 14pt; font-family: 'book antiqua', palatino, serif;\">As a matter of fact, human rights and freedoms were disregarded as a result of the Bush-era ideology of \u201cglobal war against terror\u201d for so-called democracy, and the whole world clearly witnessed its devastating effects in Iraq and Afghanistan. And unfortunately, despite all the years that have passed, the problems have not been resolved and turned into gangrene. Likewise, the hopes of the Arab Spring were replaced by a cold and stormy Syrian winter that lasted for five years. At the beginning of the factors that encouraged the Syrian Ba&#8217;ath Party regime, we can undoubtedly say that the \u201capostles of democracy\u201d supported the coup that took place in Egypt.<\/span><\/p>\n<p style=\"text-align: justify;\"><span style=\"font-size: 14pt; font-family: 'book antiqua', palatino, serif;\"><strong>The World is Bigger Than Five!<\/strong><\/span><\/p>\n<p style=\"text-align: justify;\"><span style=\"font-size: 14pt; font-family: 'book antiqua', palatino, serif;\">In the face of the Assad regime&#8217;s use of chemical weapons against the civilian population, dilemmas regarding how human rights can be defended are already standing before the world starkly. On the one hand, while there is a weariness about \u201chumanitarian interventions\u201d all over the world, on the other hand, being in two minds of US President Obama on this issue shows that there are dilemmas about the prohibition of chemical weapons or the protection of international human rights. The five permanent countries of the UN Security Council, which stand guard for \u201cworld peace\u201d, are also the five countries that produce and sell the most weapons in the world. Paradoxically, the task of ensuring world peace seems to belong to them, while on the other hand, they are merchants of war. In order to get rid of these contradictions as soon as possible, a radical revision should be made on the veto power of the five permanent countries before the restoration in the UN.<\/span><\/p>\n<p style=\"text-align: justify;\"><span style=\"font-size: 14pt; font-family: 'book antiqua', palatino, serif;\">This veto system is not suitable for any democratic perception, and it reflects an exclusionary and sectarian perspective that is completely contrary to the universal conscience. For a fair and reliable vision, the number of permanent members in the UN should be expanded with different formulas (according to regions, population and even demographic structure), and subordinate and superior committees should be determined to represent those countries as the representative country with the joint agreement of the countries from each region. Once this question of representation and legitimacy is resolved, a new \u201cHumanitarian Interventions Law\u201d is needed, which will clearly and transparently establish the conditions under which the UN can legitimately intervene in the internal affairs of a country.<\/span><\/p>\n<p><span style=\"font-size: 14pt; font-family: 'book antiqua', palatino, serif;\"> The phrase \u201cThe world is bigger than five\u201d, which President Erdo\u011fan frequently brings to the world agenda, gains an important meaning in this sense. But unfortunately, it has not become debatable even on an intellectual level, let alone a discussion of this issue at the UN. Just as Erdo\u011fan\u2019s discourse of \u201cone minute\u201d in Davos was more effective than the former Iranian President Ahmadinejad\u2019s slogan \u201cWe will wipe Israel off the map\u201d; It should not be forgotten that the phrase \u201cThe world is bigger than five\u201d is more effective, realistic and applicable than the slogan \u201cLet the UN be discharged, NATO should be ruled out\u201d.<\/span><\/p>\n<p style=\"text-align: right;\">Published on April 02, 2015 in Yeni \u015eafak<\/p>\n","protected":false},"excerpt":{"rendered":"<p>Just as Erdo\u011fan\u2019s discourse of \u201cone minute\u201d&#46;&#46;&#46;<\/p>\n","protected":false},"author":19,"featured_media":5023,"comment_status":"open","ping_status":"open","sticky":false,"template":"","format":"standard","meta":{"_acf_changed":false,"footnotes":""},"categories":[245],"tags":[905],"manset":[],"class_list":["post-5026","post","type-post","status-publish","format-standard","has-post-thumbnail","hentry","category-islam-ulkeleri-dis-politika","tag-bm-guvenlik-konseyi"],"acf":[],"yoast_head":"<!-- This site is optimized with the Yoast SEO plugin v26.1 - https:\/\/yoast.com\/wordpress\/plugins\/seo\/ -->\n<title>Assam<\/title>\n<meta name=\"robots\" content=\"index, follow, max-snippet:-1, max-image-preview:large, max-video-preview:-1\" \/>\n<link rel=\"canonical\" href=\"https:\/\/assam.org.tr\/en\/bm-nin-kuresel-entegrasyon-sureci-nasil-olmali-en\/\" \/>\n<meta property=\"og:locale\" content=\"en_US\" \/>\n<meta property=\"og:type\" content=\"article\" \/>\n<meta property=\"og:title\" content=\"How Should Be the Global Integration Process of UN? - Assam\" \/>\n<meta property=\"og:description\" content=\"Just as Erdo\u011fan\u2019s discourse of \u201cone minute\u201d&#046;&#046;&#046;\" \/>\n<meta property=\"og:url\" content=\"https:\/\/assam.org.tr\/en\/bm-nin-kuresel-entegrasyon-sureci-nasil-olmali-en\/\" \/>\n<meta property=\"og:site_name\" content=\"Assam\" \/>\n<meta property=\"article:published_time\" content=\"2021-04-05T11:25:26+00:00\" \/>\n<meta property=\"og:image\" content=\"https:\/\/assam.org.tr\/downloads\/2021\/04\/82dbf6cae1772ebce3f61a4b34447ba4.jpg\" \/>\n\t<meta property=\"og:image:width\" content=\"615\" \/>\n\t<meta property=\"og:image:height\" content=\"344\" \/>\n\t<meta property=\"og:image:type\" content=\"image\/jpeg\" \/>\n<meta name=\"author\" content=\"H\u00fcseyin Caner AKKURT\" \/>\n<meta name=\"twitter:card\" content=\"summary_large_image\" \/>\n<meta name=\"twitter:label1\" content=\"Written by\" \/>\n\t<meta name=\"twitter:data1\" content=\"H\u00fcseyin Caner AKKURT\" \/>\n\t<meta name=\"twitter:label2\" content=\"Est. reading time\" \/>\n\t<meta name=\"twitter:data2\" content=\"7 minutes\" \/>\n<script type=\"application\/ld+json\" class=\"yoast-schema-graph\">{\"@context\":\"https:\/\/schema.org\",\"@graph\":[{\"@type\":\"WebPage\",\"@id\":\"https:\/\/assam.org.tr\/en\/bm-nin-kuresel-entegrasyon-sureci-nasil-olmali-en\/\",\"url\":\"https:\/\/assam.org.tr\/en\/bm-nin-kuresel-entegrasyon-sureci-nasil-olmali-en\/\",\"name\":\"How Should Be the Global Integration Process of UN? - Assam\",\"isPartOf\":{\"@id\":\"https:\/\/assam.org.tr\/en\/#website\"},\"primaryImageOfPage\":{\"@id\":\"https:\/\/assam.org.tr\/en\/bm-nin-kuresel-entegrasyon-sureci-nasil-olmali-en\/#primaryimage\"},\"image\":{\"@id\":\"https:\/\/assam.org.tr\/en\/bm-nin-kuresel-entegrasyon-sureci-nasil-olmali-en\/#primaryimage\"},\"thumbnailUrl\":\"https:\/\/assam.org.tr\/downloads\/2021\/04\/82dbf6cae1772ebce3f61a4b34447ba4.jpg\",\"datePublished\":\"2021-04-05T11:25:26+00:00\",\"author\":{\"@id\":\"https:\/\/assam.org.tr\/en\/#\/schema\/person\/6248496c49ac8b96f472f275e268da83\"},\"breadcrumb\":{\"@id\":\"https:\/\/assam.org.tr\/en\/bm-nin-kuresel-entegrasyon-sureci-nasil-olmali-en\/#breadcrumb\"},\"inLanguage\":\"en-US\",\"potentialAction\":[{\"@type\":\"ReadAction\",\"target\":[\"https:\/\/assam.org.tr\/en\/bm-nin-kuresel-entegrasyon-sureci-nasil-olmali-en\/\"]}]},{\"@type\":\"ImageObject\",\"inLanguage\":\"en-US\",\"@id\":\"https:\/\/assam.org.tr\/en\/bm-nin-kuresel-entegrasyon-sureci-nasil-olmali-en\/#primaryimage\",\"url\":\"https:\/\/assam.org.tr\/downloads\/2021\/04\/82dbf6cae1772ebce3f61a4b34447ba4.jpg\",\"contentUrl\":\"https:\/\/assam.org.tr\/downloads\/2021\/04\/82dbf6cae1772ebce3f61a4b34447ba4.jpg\",\"width\":615,\"height\":344},{\"@type\":\"BreadcrumbList\",\"@id\":\"https:\/\/assam.org.tr\/en\/bm-nin-kuresel-entegrasyon-sureci-nasil-olmali-en\/#breadcrumb\",\"itemListElement\":[{\"@type\":\"ListItem\",\"position\":1,\"name\":\"Anasayfa\",\"item\":\"https:\/\/assam.org.tr\/en\/\"},{\"@type\":\"ListItem\",\"position\":2,\"name\":\"How Should Be the Global Integration Process of UN?\"}]},{\"@type\":\"WebSite\",\"@id\":\"https:\/\/assam.org.tr\/en\/#website\",\"url\":\"https:\/\/assam.org.tr\/en\/\",\"name\":\"Assam\",\"description\":\"\",\"potentialAction\":[{\"@type\":\"SearchAction\",\"target\":{\"@type\":\"EntryPoint\",\"urlTemplate\":\"https:\/\/assam.org.tr\/en\/?s={search_term_string}\"},\"query-input\":{\"@type\":\"PropertyValueSpecification\",\"valueRequired\":true,\"valueName\":\"search_term_string\"}}],\"inLanguage\":\"en-US\"},{\"@type\":\"Person\",\"@id\":\"https:\/\/assam.org.tr\/en\/#\/schema\/person\/6248496c49ac8b96f472f275e268da83\",\"name\":\"H\u00fcseyin Caner AKKURT\",\"image\":{\"@type\":\"ImageObject\",\"inLanguage\":\"en-US\",\"@id\":\"https:\/\/assam.org.tr\/en\/#\/schema\/person\/image\/\",\"url\":\"https:\/\/secure.gravatar.com\/avatar\/357b3103b188c1440ebd09ba80ab88b4a369640ee3262bb98c2e5ce0ef305928?s=96&d=mm&r=g\",\"contentUrl\":\"https:\/\/secure.gravatar.com\/avatar\/357b3103b188c1440ebd09ba80ab88b4a369640ee3262bb98c2e5ce0ef305928?s=96&d=mm&r=g\",\"caption\":\"H\u00fcseyin Caner AKKURT\"},\"description\":\"Ara\u015ft\u0131rmac\u0131-Yazar\",\"url\":\"https:\/\/assam.org.tr\/en\/author\/huseyincaner\/\"}]}<\/script>\n<!-- \/ Yoast SEO plugin. -->","yoast_head_json":{"title":"Assam","robots":{"index":"index","follow":"follow","max-snippet":"max-snippet:-1","max-image-preview":"max-image-preview:large","max-video-preview":"max-video-preview:-1"},"canonical":"https:\/\/assam.org.tr\/en\/bm-nin-kuresel-entegrasyon-sureci-nasil-olmali-en\/","og_locale":"en_US","og_type":"article","og_title":"How Should Be the Global Integration Process of UN? - Assam","og_description":"Just as Erdo\u011fan\u2019s discourse of \u201cone minute\u201d&#46;&#46;&#46;","og_url":"https:\/\/assam.org.tr\/en\/bm-nin-kuresel-entegrasyon-sureci-nasil-olmali-en\/","og_site_name":"Assam","article_published_time":"2021-04-05T11:25:26+00:00","og_image":[{"width":615,"height":344,"url":"https:\/\/assam.org.tr\/downloads\/2021\/04\/82dbf6cae1772ebce3f61a4b34447ba4.jpg","type":"image\/jpeg"}],"author":"H\u00fcseyin Caner AKKURT","twitter_card":"summary_large_image","twitter_misc":{"Written by":"H\u00fcseyin Caner AKKURT","Est. reading time":"7 minutes"},"schema":{"@context":"https:\/\/schema.org","@graph":[{"@type":"WebPage","@id":"https:\/\/assam.org.tr\/en\/bm-nin-kuresel-entegrasyon-sureci-nasil-olmali-en\/","url":"https:\/\/assam.org.tr\/en\/bm-nin-kuresel-entegrasyon-sureci-nasil-olmali-en\/","name":"How Should Be the Global Integration Process of UN? - Assam","isPartOf":{"@id":"https:\/\/assam.org.tr\/en\/#website"},"primaryImageOfPage":{"@id":"https:\/\/assam.org.tr\/en\/bm-nin-kuresel-entegrasyon-sureci-nasil-olmali-en\/#primaryimage"},"image":{"@id":"https:\/\/assam.org.tr\/en\/bm-nin-kuresel-entegrasyon-sureci-nasil-olmali-en\/#primaryimage"},"thumbnailUrl":"https:\/\/assam.org.tr\/downloads\/2021\/04\/82dbf6cae1772ebce3f61a4b34447ba4.jpg","datePublished":"2021-04-05T11:25:26+00:00","author":{"@id":"https:\/\/assam.org.tr\/en\/#\/schema\/person\/6248496c49ac8b96f472f275e268da83"},"breadcrumb":{"@id":"https:\/\/assam.org.tr\/en\/bm-nin-kuresel-entegrasyon-sureci-nasil-olmali-en\/#breadcrumb"},"inLanguage":"en-US","potentialAction":[{"@type":"ReadAction","target":["https:\/\/assam.org.tr\/en\/bm-nin-kuresel-entegrasyon-sureci-nasil-olmali-en\/"]}]},{"@type":"ImageObject","inLanguage":"en-US","@id":"https:\/\/assam.org.tr\/en\/bm-nin-kuresel-entegrasyon-sureci-nasil-olmali-en\/#primaryimage","url":"https:\/\/assam.org.tr\/downloads\/2021\/04\/82dbf6cae1772ebce3f61a4b34447ba4.jpg","contentUrl":"https:\/\/assam.org.tr\/downloads\/2021\/04\/82dbf6cae1772ebce3f61a4b34447ba4.jpg","width":615,"height":344},{"@type":"BreadcrumbList","@id":"https:\/\/assam.org.tr\/en\/bm-nin-kuresel-entegrasyon-sureci-nasil-olmali-en\/#breadcrumb","itemListElement":[{"@type":"ListItem","position":1,"name":"Anasayfa","item":"https:\/\/assam.org.tr\/en\/"},{"@type":"ListItem","position":2,"name":"How Should Be the Global Integration Process of UN?"}]},{"@type":"WebSite","@id":"https:\/\/assam.org.tr\/en\/#website","url":"https:\/\/assam.org.tr\/en\/","name":"Assam","description":"","potentialAction":[{"@type":"SearchAction","target":{"@type":"EntryPoint","urlTemplate":"https:\/\/assam.org.tr\/en\/?s={search_term_string}"},"query-input":{"@type":"PropertyValueSpecification","valueRequired":true,"valueName":"search_term_string"}}],"inLanguage":"en-US"},{"@type":"Person","@id":"https:\/\/assam.org.tr\/en\/#\/schema\/person\/6248496c49ac8b96f472f275e268da83","name":"H\u00fcseyin Caner AKKURT","image":{"@type":"ImageObject","inLanguage":"en-US","@id":"https:\/\/assam.org.tr\/en\/#\/schema\/person\/image\/","url":"https:\/\/secure.gravatar.com\/avatar\/357b3103b188c1440ebd09ba80ab88b4a369640ee3262bb98c2e5ce0ef305928?s=96&d=mm&r=g","contentUrl":"https:\/\/secure.gravatar.com\/avatar\/357b3103b188c1440ebd09ba80ab88b4a369640ee3262bb98c2e5ce0ef305928?s=96&d=mm&r=g","caption":"H\u00fcseyin Caner AKKURT"},"description":"Ara\u015ft\u0131rmac\u0131-Yazar","url":"https:\/\/assam.org.tr\/en\/author\/huseyincaner\/"}]}},"_links":{"self":[{"href":"https:\/\/assam.org.tr\/en\/wp-json\/wp\/v2\/posts\/5026","targetHints":{"allow":["GET"]}}],"collection":[{"href":"https:\/\/assam.org.tr\/en\/wp-json\/wp\/v2\/posts"}],"about":[{"href":"https:\/\/assam.org.tr\/en\/wp-json\/wp\/v2\/types\/post"}],"author":[{"embeddable":true,"href":"https:\/\/assam.org.tr\/en\/wp-json\/wp\/v2\/users\/19"}],"replies":[{"embeddable":true,"href":"https:\/\/assam.org.tr\/en\/wp-json\/wp\/v2\/comments?post=5026"}],"version-history":[{"count":0,"href":"https:\/\/assam.org.tr\/en\/wp-json\/wp\/v2\/posts\/5026\/revisions"}],"wp:featuredmedia":[{"embeddable":true,"href":"https:\/\/assam.org.tr\/en\/wp-json\/wp\/v2\/media\/5023"}],"wp:attachment":[{"href":"https:\/\/assam.org.tr\/en\/wp-json\/wp\/v2\/media?parent=5026"}],"wp:term":[{"taxonomy":"category","embeddable":true,"href":"https:\/\/assam.org.tr\/en\/wp-json\/wp\/v2\/categories?post=5026"},{"taxonomy":"post_tag","embeddable":true,"href":"https:\/\/assam.org.tr\/en\/wp-json\/wp\/v2\/tags?post=5026"},{"taxonomy":"manset","embeddable":true,"href":"https:\/\/assam.org.tr\/en\/wp-json\/wp\/v2\/manset?post=5026"}],"curies":[{"name":"wp","href":"https:\/\/api.w.org\/{rel}","templated":true}]}}