{"id":6069,"date":"2022-02-20T16:25:48","date_gmt":"2022-02-20T13:25:48","guid":{"rendered":"https:\/\/yeni.assam.org.tr\/index.php\/2022\/02\/20\/ali-sirmen-ve-mine-g-kirikkanat-a-reddiye-en\/"},"modified":"2022-02-20T16:25:48","modified_gmt":"2022-02-20T13:25:48","slug":"ali-sirmen-ve-mine-g-kirikkanat-a-reddiye-en","status":"publish","type":"post","link":"https:\/\/assam.org.tr\/en\/ali-sirmen-ve-mine-g-kirikkanat-a-reddiye-en\/","title":{"rendered":"Refusal to Ali Sirmen and Mine G. K\u0131r\u0131kkanat"},"content":{"rendered":"<p><img loading=\"lazy\" decoding=\"async\" class=\" size-full wp-image-6066\" src=\"https:\/\/assam.org.tr\/wp-content\/uploads\/2022\/02\/c072cd81b28e1948f39a3598c5667133.jpg\" alt=\"\" width=\"1280\" height=\"720\" \/><\/p>\n<p style=\"text-align: justify;\"><span style=\"font-size: 14pt; font-family: 'book antiqua', palatino, serif;\"><strong>Ali Sirmen and Mine G. K\u0131r\u0131kkanat also joined the convoy to express their opinions on SADAT and ASSAM.<\/strong><\/span><\/p>\n<p style=\"text-align: justify;\"><span style=\"font-size: 14pt; font-family: 'book antiqua', palatino, serif;\"><strong>Young people are naive, they are inexperienced, they want to be famous, etc. They can make mistakes, I can understand that. However, I have serious difficulties in understanding how two experienced journalists like Sirmen and K\u0131r\u0131kkanat could make such a mistake.<\/strong><\/span><\/p>\n<p style=\"text-align: justify;\"><span style=\"font-size: 14pt; font-family: 'book antiqua', palatino, serif;\"><strong>I felt the need to give an answer to these two experienced journalists, even though it is not worth replying to young ones.<\/strong><\/span><\/p>\n<p><!--more--><\/p>\n<p style=\"text-align: justify;\"><span style=\"font-family: 'book antiqua', palatino, serif; font-size: 14pt;\">In his column in Cumhuriyet newspaper dated January 21, 2022, titled &#8220;<strong>Another tutelage tale<\/strong>&#8220;, Ali Sirmen even wrote the title of the book wrong, even though its real name is &#8220;<strong>G\u00f6lge Ordu\/Shadow Army<\/strong>&#8220;; He tried to write something by saying &#8220;<em>Shadow Army of AKP<\/em>&#8221; and talking about the book in question. He must have trusted his young friends so much that he did not feel the need to confirm on ASSAM&#8217;s site whether what they wrote was true or not. I never thought that such an experienced journalist could do such a thing. I could not understand why he took the risk of damaging his reputation accumulated over the years just to support his young friends.<\/span><\/p>\n<p style=\"text-align: justify;\"><span style=\"font-family: 'book antiqua', palatino, serif; font-size: 14pt;\">On ASSAM&#8217;s website, which I have given the link (1) below:<\/span><\/p>\n<p style=\"text-align: justify;\"><span style=\"font-family: 'book antiqua', palatino, serif; font-size: 14pt;\"><strong><em>\u201cIII. Official language, Flag and Capital of the ASRICA Islamic States Union;\u201d \u00a0<\/em><\/strong><\/span><\/p>\n<p style=\"text-align: justify;\"><span style=\"font-family: 'book antiqua', palatino, serif; font-size: 14pt;\"><strong><em>Even if it mentioned in this way, &#8220;ARTICLE 6- The official language of the ASRICA Islamic States Union, the color and shape of the Flag and the Center of Government are determined by the Chamber of Deputies of the ASRICA Islamic States Union.\u201d\u00a0<\/em><\/strong>however it is written by Sirmen:\u00a0<em>\u201c<strong>ASRICA project aiming at an Islamic state governed by Sharia law, whose language is Arabic and whose capital is Istanbul\u201d<\/strong><\/em>?<\/span><\/p>\n<p style=\"text-align: justify;\"><span style=\"font-family: 'book antiqua', palatino, serif; font-size: 14pt;\">Has it ever seemed appropriate for a journalist of years to fall into such an obvious offside?<\/span><\/p>\n<p style=\"text-align: justify;\"><span style=\"font-family: 'book antiqua', palatino, serif; font-size: 14pt;\">Let me explain how Sirmen fell into this mistake; Why did the young people make this mistake by relying too much on their young spin-doctors, they also fell because they did not update themselves. These are the first words we wrote. However, when what we wrote was misunderstood and used by someone as a material for distortion, we changed these expressions and the final version is written on our website as I have stated above.<\/span><\/p>\n<p style=\"text-align: justify;\"><span style=\"font-family: 'book antiqua', palatino, serif; font-size: 14pt;\">Prof Ersan \u015een did not fully understand this issue, and he asked me this question on a live broadcast on CNN T\u00fcrk one evening. Presenter Ba\u015fak \u015eeng\u00fcl could not fully understand the incident, she asked me to explain this issue a little bit and I explained the issue in detail. This program was probably preserved in the CNN T\u00fcrk archive.<\/span><\/p>\n<p style=\"text-align: justify;\"><span style=\"font-family: 'book antiqua', palatino, serif; font-size: 14pt;\">What these experienced writers do not understand or do not want to understand is that the alternative of the European Union, which ASSAM put forward, is to create a union. We called it ASRICA. We are talking about a Union. These people also create a perception that as if we want to change the constitution of the Republic of Turkey. However, it has nothing to do with it, if they read what we wrote on our site properly, they will understand the issue clearly. I really do not understand why they do not read what is written properly.<\/span><\/p>\n<p style=\"text-align: justify;\"><span style=\"font-family: 'book antiqua', palatino, serif; font-size: 14pt;\">In addition, although this experienced journalist stated in his column, Adnan Pasha&#8217;s answer to a question of K\u00fcbra Par as <strong>\u201c-No, we did not get any support\u201d<\/strong>, he tried to deny it with mind games.<\/span><\/p>\n<p style=\"text-align: justify;\"><span style=\"font-family: 'book antiqua', palatino, serif; font-size: 14pt;\">Look, ASSAM is holding Islamic Union Congresses, trying to get sponsorship support from local and national organizations for these congresses, just like all local and national NGOs do. What could be more natural than that? Associations operate on membership dues and donations. What they are and their amounts are registered in the ASSAM Association and are open and transparent. We are not wrong, Alhamdulillah. I can proudly say that we have never been and never will be funded. Especially, we stayed away from the funds of those trying to undermine our national interests from abroad.<\/span><\/p>\n<p style=\"text-align: justify;\"><span style=\"font-family: 'book antiqua', palatino, serif; font-size: 14pt;\">In Sirmen&#8217;s column:\u00a0<strong><em>&#8220;<\/em><\/strong> <strong><em>As a privatized organization similar to the Special Warfare Department, which is a shadowy NATO and TAF joint organization, we also have; It is easy to understand how dangerous SADAT, which was established on February 28, 2012, is when the past affairs of the Special Warfare Department are considered.<\/em><\/strong><\/span><\/p>\n<p style=\"text-align: justify;\"><span style=\"font-family: 'book antiqua', palatino, serif; font-size: 14pt;\"><strong><em>The question of whether SADAT, whose founder Adnan Tanr\u0131verdi served for a long time as the Chief Defense Adviser to the Presidency, is the shadow army of the AKP or not came to the fore.<\/em><\/strong><\/span><\/p>\n<p style=\"text-align: justify;\"><span style=\"font-family: 'book antiqua', palatino, serif; font-size: 14pt;\"><strong><em>In fact, it seems that the AKP preferred to use SADAT indirectly rather than directly. It is known that in the attempts to turn the TAF into the army of the AKP, one of the notables of SADAT, G\u00fcrcan Onat, indirectly played a role in making the TAF a satellite by being used in the entrance interviews to the TAF or its schools. We witness that the leading members of SADAT are involved in Ergenekon and Sledgehammer caliper.\u201d<\/em><\/strong><\/span><\/p>\n<p style=\"text-align: justify;\"><span style=\"font-family: 'book antiqua', palatino, serif; font-size: 14pt;\">SADAT officials respond to what is written about SADAT, it is not about me.<\/span><\/p>\n<p style=\"text-align: justify;\"><span style=\"font-family: 'book antiqua', palatino, serif; font-size: 14pt;\">However, I have to respond to the \u201c<strong><em>It is known that in the attempts to turn the TAF into the army of the AKP, one of the notables of SADAT, G\u00fcrcan Onat, indirectly played a role in making the TAF a satellite by being used in the entrance interviews to the TAF or its schools\u201d<\/em><\/strong> statements about me.<\/span><\/p>\n<p style=\"text-align: justify;\"><span style=\"font-family: 'book antiqua', palatino, serif; font-size: 14pt;\">Dear Ali Sirmen;<\/span><\/p>\n<ol style=\"text-align: justify;\">\n<li><span style=\"font-family: 'book antiqua', palatino, serif; font-size: 14pt;\">G\u00fcrcan Onat is not the leader of SADAT. (I wish I could be). I only have a small amount of shares that I gave during the establishment process. I am neither a manager nor an employee. (I would like to be a part of the Company, it is different issue)<\/span><\/li>\n<li><span style=\"font-family: 'book antiqua', palatino, serif; font-size: 14pt;\">I wrote a separate answer about the use of G\u00fcrcan Onat in the entrance interviews to the Turkish Armed Forces or schools, please refer to that article. It was even published on Odatv. (Link-2)<\/span><\/li>\n<\/ol>\n<p style=\"text-align: justify;\"><span style=\"font-family: 'book antiqua', palatino, serif; font-size: 14pt;\">To summarize briefly; What could be more natural than inviting a certain Turkish Republic citizen, a personnel officer who graduated from the Air Force Academy and retired after a successful military life, for interviews? How well do you know G\u00fcrcan Onat that you name him in your article? If you want to get to know each other, you are all welcome, come, or let me come, let&#8217;s meet and have a cup of tea, let&#8217;s get acquainted. As children of the same country, let us not attack each other without any information.<\/span><\/p>\n<p style=\"text-align: justify;\"><span style=\"font-family: 'book antiqua', palatino, serif; font-size: 14pt;\">Mine G. K\u0131r\u0131kkanat used the headline \u201cSharia army in ambush, SADAT!\u201d in his article in Cumhuriyet newspaper dated January 30, 2022.<\/span><\/p>\n<p style=\"text-align: justify;\"><span style=\"font-family: 'book antiqua', palatino, serif; font-size: 14pt;\">Even this headline is enough to sue her. However, this does not concern me, I do not know what SADAT officials will do.<\/span><\/p>\n<p style=\"text-align: justify;\"><span style=\"font-family: 'book antiqua', palatino, serif; font-size: 14pt;\">K\u0131r\u0131kkanat gave brief information about the first four of our ASSAM Congresses, but forgot the 5th. So far, 5 congresses have been held. If Allah wills, we will do the 6th at the end of this year and the 7th at the end of 2023 and finalize this work, I hope. Thus, our Islamic Union Congresses will be completed. We welcome her to these congresses, she is open to everyone. She becomes a witness by seeing and hearing with her own eyes and ears, not from false news.<\/span><\/p>\n<p style=\"text-align: justify;\"><span style=\"font-family: 'book antiqua', palatino, serif; font-size: 14pt;\">Like Sirmen, K\u0131r\u0131kkanat has made the same mistake. So, I do not know where all your years of journalism experience is?<\/span><\/p>\n<p style=\"text-align: justify;\"><span style=\"font-family: 'book antiqua', palatino, serif; font-size: 14pt;\">In his article, K\u0131r\u0131kkanat wrote, \u201cAccording to Article 6 of this constitution, the official language of the ASRICA Islamic States Union is Arabic, its flag is a white crescent on a red-green background, and its capital is Istanbul\/Turkey\u201d.<\/span><\/p>\n<p style=\"text-align: justify;\"><span style=\"font-family: 'book antiqua', palatino, serif; font-size: 14pt;\">This is how our teachers caught cheaters in high school, it was understood that they were cheating when the wrong statement was made by the same people.<\/span><\/p>\n<p style=\"text-align: justify;\"><span style=\"font-family: 'book antiqua', palatino, serif; font-size: 14pt;\">I remembered our late leader Necmettin Erbakan; He used to say, \u201cYou rascal cheaters&#8230;\u201d<\/span><\/p>\n<p style=\"text-align: justify;\"><span style=\"font-family: 'book antiqua', palatino, serif; font-size: 14pt;\">Let me do you a favor and write the real statement again.<\/span><\/p>\n<p style=\"text-align: justify;\"><span style=\"font-family: 'book antiqua', palatino, serif; font-size: 14pt;\"><strong><em>\u201cARTICLE 6- The official language of the ASRICA Islamic States Union, the color and shape of the Flag and the Center of Government are determined by the Chamber of Deputies of the ASRICA Islamic States Union\u201d<\/em><\/strong><\/span><\/p>\n<p style=\"text-align: justify;\"><span style=\"font-family: 'book antiqua', palatino, serif; font-size: 14pt;\">Why does not anyone enter the site and check these statements that are open to access? If he does not, he would make such a mistake&#8230;<\/span><\/p>\n<p style=\"text-align: justify;\"><span style=\"font-family: 'book antiqua', palatino, serif; font-size: 14pt;\">My advice to you is do not rely too much on young journalists, do your own thing and update your information constantly.<\/span><\/p>\n<p style=\"text-align: justify;\"><span style=\"font-family: 'book antiqua', palatino, serif; font-size: 14pt;\">K\u0131r\u0131kkanat mentioned in her column; <strong><em>\u201cAdnan Tanr\u0131verdi was attending the third congress as the Military Advisor to the President, as well as the President of the ASSAM Board of Directors. Tanr\u0131verdi used the expressions, \u201cWe are preparing for the day when the Mahdi will come,\u201d at this congress.\u201d<\/em><\/strong> I do not know if Ms. Mine can understand, but I will tell you the truth.<\/span><\/p>\n<p style=\"text-align: justify;\"><span style=\"font-family: 'book antiqua', palatino, serif; font-size: 14pt;\">These are the words he used to encourage Muslims, especially with an Islamic scholar from Islamic countries, Professor Zindani, while holding the Islamic Union Congresses. Unfortunately, some Muslims attribute the end of oppression in the world to the coming of the Mahdi. They spend their days just praying without doing any progress. It has been used to mean that let us unite and fight the oppressors. While that person is waiting for the Mahdi, Adnan Pasha said that our job is not to wait for the Mahdi, but if he will come, we must do our part. However, the funded media distorted the event as a consultant waiting for the Mahdi. The Mahdi has come or not, we have no preparation. But for some reason you liked this label very much. I do not know why but you believe in this lie easily. \u00a0<\/span><\/p>\n<p style=\"text-align: justify;\"><span style=\"font-family: 'book antiqua', palatino, serif; font-size: 14pt;\">Headline by K\u0131r\u0131kkanat: \u201c<strong><em>PUBLIC INSTITUTIONS SPONSOR TO SHARIA CONGRESSES<\/em><\/strong>\u201d I answered the sponsor issue above. For some reason, these journalists write articles as if they were produced in the same factory.<\/span><\/p>\n<p style=\"text-align: justify;\"><span style=\"font-family: 'book antiqua', palatino, serif; font-size: 14pt;\">We did not hold Sharia Congresses, we held Islamic Union Congresses. It should be easy for you who are EU fans to understand this, but for some reason you prefer to be ridiculous. As an alternative to the EU, we propose the establishment of a Union between Islamic Countries, that&#8217;s all. I do not understand why it is hard to understand.<\/span><\/p>\n<p style=\"text-align: justify;\"><span style=\"font-family: 'book antiqua', palatino, serif; font-size: 14pt;\">K\u0131r\u0131kkanat asked the following questions by saying <em>\u201c<strong>Questions that need to be answered<\/strong>\u201d.<\/em><\/span><\/p>\n<p style=\"text-align: justify;\"><span style=\"font-family: 'book antiqua', palatino, serif; font-size: 14pt;\"><strong><em>\u201cIs not it a constitutional crime to make plans to establish an Islamic Union Federation in the Republic of Turkey, of which law is Sharia and its language is Arabic, and of which capital will be Istanbul?<\/em><\/strong><\/span><\/p>\n<p style=\"text-align: justify;\"><span style=\"font-family: 'book antiqua', palatino, serif; font-size: 14pt;\"><strong><em>Will not an investigation be made about the public institutions that sponsor an illegal organization like ASRICA and exist with the taxes of the people?\u201d<\/em><\/strong><\/span><\/p>\n<p style=\"text-align: justify;\"><span style=\"font-family: 'book antiqua', palatino, serif; font-size: 14pt;\">Let&#8217;s answer it right away the First question is already a fabrication, the answer is given above. The answer to the second question is that our organization is not illegal, it is completely legal, there is no sponsorship from public institutions, our registrations are open to everyone, come and check it out whenever you want. However, to call these lawful activities unlawful is simply slander and lie.<\/span><\/p>\n<p style=\"text-align: justify;\"><span style=\"font-family: 'book antiqua', palatino, serif; font-size: 14pt;\">The last work of K\u0131r\u0131kkanat is the phrase \u201c<strong><em>This sharia army joined by ex\/retired officers and non-commissioned officers, most of whom were expelled from the TAF due to FETO connections, who are hostile to the secular republic<\/em><\/strong>\u201d. I think she is talking about the most disciplined and honorable sons of the Turkish Armed Forces, who were retired from the Turkish Armed Forces with extrajudicial executions with the decisions of the Supreme Military Council during the postmodern coup of February 28. The West Working Group members of February 28 were put on trial, they were stripped of their ranks, they were put in prisons, these honest and honorable sons of the country were compensated and given their ranks, but K\u0131r\u0131kkanat still thinks that these honorable people are FETO members. However, these people are literally the enemies of FETO.<\/span><\/p>\n<p style=\"text-align: justify;\"><span style=\"font-family: 'book antiqua', palatino, serif; font-size: 14pt;\">K\u0131r\u0131kkanat, as a final word for you, I would like to tell you that Turkey is not surrounded by a green spider web, on the contrary, it is surrounded by the webs of black imperialists. However, these local and national personnel, whose hearts beat with the love of the homeland and nation, will of course not allow them.<\/span><\/p>\n<p style=\"text-align: justify;\"><span style=\"font-family: 'book antiqua', palatino, serif; font-size: 14pt;\">So please do not forget, a lie never lives to be old.<\/span><\/p>\n<p style=\"text-align: justify;\"><span style=\"font-family: 'book antiqua', palatino, serif; font-size: 14pt;\">Allah is the helper of the right one.<\/span><\/p>\n<p style=\"text-align: justify;\"><span style=\"font-family: 'book antiqua', palatino, serif; font-size: 14pt;\">G\u00fcrcan ONAT, February 20, 2022.<\/span><\/p>\n<p style=\"text-align: justify;\">\u00a0<\/p>\n<p style=\"text-align: justify;\"><span style=\"font-family: 'book antiqua', palatino, serif; font-size: 14pt;\">LINKS: \u00a0\u00a0\u00a0<\/span><\/p>\n<p style=\"text-align: justify;\"><span style=\"font-family: 'book antiqua', palatino, serif; font-size: 14pt;\"><strong>[[1]]<\/strong><a href=\"https:\/\/www.assamcongress.com\/images\/Konfederasyon_Anayasasi_Onerisi\/20210126_ASSAM_Konfederasyon_Anayasa_Taslagi_TR.pdf\">https:\/\/www.assamcongress.com\/images\/Konfederasyon_Anayasasi_Onerisi\/20210126_ASSAM_Konfederasyon_Anayasa_Taslagi_TR.pdf<\/a><\/span><\/p>\n<p style=\"text-align: justify;\"><span style=\"font-family: 'book antiqua', palatino, serif; font-size: 14pt;\">(2)\u00a0<a href=\"https:\/\/odatv4.com\/guncel\/sadat-kurucusundan-yeni-harp-okulu-mulakati-aciklamasi-yine-cagirsalar-yine-giderim-218787\">https:\/\/odatv4.com\/guncel\/sadat-kurucusundan-yeni-harp-okulu-mulakati-aciklamasi-yine-cagirsalar-yine-giderim-218787<\/a><\/span><\/p>\n","protected":false},"excerpt":{"rendered":"<p>Ali Sirmen and Mine G. K\u0131r\u0131kkanat also&#46;&#46;&#46;<\/p>\n","protected":false},"author":68,"featured_media":6066,"comment_status":"open","ping_status":"open","sticky":false,"template":"","format":"standard","meta":{"_acf_changed":false,"footnotes":""},"categories":[323],"tags":[2073,1048,1413,2074,2076],"manset":[],"class_list":["post-6069","post","type-post","status-publish","format-standard","has-post-thumbnail","hentry","category-news","tag-ali-sirmen","tag-assam","tag-gurcan-onat","tag-mine-g-kirikkanat","tag-refusal"],"acf":[],"yoast_head":"<!-- This site is optimized with the Yoast SEO plugin v26.1 - https:\/\/yoast.com\/wordpress\/plugins\/seo\/ -->\n<title>Assam<\/title>\n<meta name=\"robots\" content=\"index, follow, max-snippet:-1, max-image-preview:large, max-video-preview:-1\" \/>\n<link rel=\"canonical\" href=\"https:\/\/assam.org.tr\/en\/ali-sirmen-ve-mine-g-kirikkanat-a-reddiye-en\/\" \/>\n<meta property=\"og:locale\" content=\"en_US\" \/>\n<meta property=\"og:type\" content=\"article\" \/>\n<meta property=\"og:title\" content=\"Refusal to Ali Sirmen and Mine G. K\u0131r\u0131kkanat - Assam\" \/>\n<meta property=\"og:description\" content=\"Ali Sirmen and Mine G. K\u0131r\u0131kkanat also&#046;&#046;&#046;\" \/>\n<meta property=\"og:url\" content=\"https:\/\/assam.org.tr\/en\/ali-sirmen-ve-mine-g-kirikkanat-a-reddiye-en\/\" \/>\n<meta property=\"og:site_name\" content=\"Assam\" \/>\n<meta property=\"article:published_time\" content=\"2022-02-20T13:25:48+00:00\" \/>\n<meta property=\"og:image\" content=\"https:\/\/assam.org.tr\/downloads\/2022\/02\/c072cd81b28e1948f39a3598c5667133.jpg\" \/>\n\t<meta property=\"og:image:width\" content=\"1280\" \/>\n\t<meta property=\"og:image:height\" content=\"720\" \/>\n\t<meta property=\"og:image:type\" content=\"image\/jpeg\" \/>\n<meta name=\"author\" content=\"G\u00fcrcan ONAT\" \/>\n<meta name=\"twitter:card\" content=\"summary_large_image\" \/>\n<meta name=\"twitter:label1\" content=\"Written by\" \/>\n\t<meta name=\"twitter:data1\" content=\"G\u00fcrcan ONAT\" \/>\n\t<meta name=\"twitter:label2\" content=\"Est. reading time\" \/>\n\t<meta name=\"twitter:data2\" content=\"11 minutes\" \/>\n<script type=\"application\/ld+json\" class=\"yoast-schema-graph\">{\"@context\":\"https:\/\/schema.org\",\"@graph\":[{\"@type\":\"WebPage\",\"@id\":\"https:\/\/assam.org.tr\/en\/ali-sirmen-ve-mine-g-kirikkanat-a-reddiye-en\/\",\"url\":\"https:\/\/assam.org.tr\/en\/ali-sirmen-ve-mine-g-kirikkanat-a-reddiye-en\/\",\"name\":\"Refusal to Ali Sirmen and Mine G. K\u0131r\u0131kkanat - Assam\",\"isPartOf\":{\"@id\":\"https:\/\/assam.org.tr\/en\/#website\"},\"primaryImageOfPage\":{\"@id\":\"https:\/\/assam.org.tr\/en\/ali-sirmen-ve-mine-g-kirikkanat-a-reddiye-en\/#primaryimage\"},\"image\":{\"@id\":\"https:\/\/assam.org.tr\/en\/ali-sirmen-ve-mine-g-kirikkanat-a-reddiye-en\/#primaryimage\"},\"thumbnailUrl\":\"https:\/\/assam.org.tr\/downloads\/2022\/02\/c072cd81b28e1948f39a3598c5667133.jpg\",\"datePublished\":\"2022-02-20T13:25:48+00:00\",\"author\":{\"@id\":\"https:\/\/assam.org.tr\/en\/#\/schema\/person\/12a1f3c99a0008c6de951d9331f8bc70\"},\"breadcrumb\":{\"@id\":\"https:\/\/assam.org.tr\/en\/ali-sirmen-ve-mine-g-kirikkanat-a-reddiye-en\/#breadcrumb\"},\"inLanguage\":\"en-US\",\"potentialAction\":[{\"@type\":\"ReadAction\",\"target\":[\"https:\/\/assam.org.tr\/en\/ali-sirmen-ve-mine-g-kirikkanat-a-reddiye-en\/\"]}]},{\"@type\":\"ImageObject\",\"inLanguage\":\"en-US\",\"@id\":\"https:\/\/assam.org.tr\/en\/ali-sirmen-ve-mine-g-kirikkanat-a-reddiye-en\/#primaryimage\",\"url\":\"https:\/\/assam.org.tr\/downloads\/2022\/02\/c072cd81b28e1948f39a3598c5667133.jpg\",\"contentUrl\":\"https:\/\/assam.org.tr\/downloads\/2022\/02\/c072cd81b28e1948f39a3598c5667133.jpg\",\"width\":1280,\"height\":720},{\"@type\":\"BreadcrumbList\",\"@id\":\"https:\/\/assam.org.tr\/en\/ali-sirmen-ve-mine-g-kirikkanat-a-reddiye-en\/#breadcrumb\",\"itemListElement\":[{\"@type\":\"ListItem\",\"position\":1,\"name\":\"Anasayfa\",\"item\":\"https:\/\/assam.org.tr\/en\/\"},{\"@type\":\"ListItem\",\"position\":2,\"name\":\"Refusal to Ali Sirmen and Mine G. K\u0131r\u0131kkanat\"}]},{\"@type\":\"WebSite\",\"@id\":\"https:\/\/assam.org.tr\/en\/#website\",\"url\":\"https:\/\/assam.org.tr\/en\/\",\"name\":\"Assam\",\"description\":\"\",\"potentialAction\":[{\"@type\":\"SearchAction\",\"target\":{\"@type\":\"EntryPoint\",\"urlTemplate\":\"https:\/\/assam.org.tr\/en\/?s={search_term_string}\"},\"query-input\":{\"@type\":\"PropertyValueSpecification\",\"valueRequired\":true,\"valueName\":\"search_term_string\"}}],\"inLanguage\":\"en-US\"},{\"@type\":\"Person\",\"@id\":\"https:\/\/assam.org.tr\/en\/#\/schema\/person\/12a1f3c99a0008c6de951d9331f8bc70\",\"name\":\"G\u00fcrcan ONAT\",\"image\":{\"@type\":\"ImageObject\",\"inLanguage\":\"en-US\",\"@id\":\"https:\/\/assam.org.tr\/en\/#\/schema\/person\/image\/\",\"url\":\"https:\/\/secure.gravatar.com\/avatar\/96d8a3f6d8284586b07a48ec4f94534fa8bba7105272b39e2cc7d414934bb13b?s=96&d=mm&r=g\",\"contentUrl\":\"https:\/\/secure.gravatar.com\/avatar\/96d8a3f6d8284586b07a48ec4f94534fa8bba7105272b39e2cc7d414934bb13b?s=96&d=mm&r=g\",\"caption\":\"G\u00fcrcan ONAT\"},\"description\":\"30 Haziran 1959 tarihinde Adapazar\u0131'nda do\u011fmu\u015ftur. Memleketi: Akyaz\u0131\/Sakarya. 30 A\u011fustos 1981 y\u0131l\u0131nda Hava Harp Okulundan Te\u011fmen r\u00fctbesi ile mezun olmu\u015ftur. 1999 y\u0131l\u0131nda Binba\u015f\u0131 r\u00fctbesindeyken kendi iste\u011fi ile emekli olmu\u015ftur. Emekli oldu\u011fu g\u00fcnden itibaren sivil toplum \u00f6rg\u00fctleri ile hemhal olmu\u015ftur. ASDER, ASSAM, SADAT kurulu\u015flar\u0131nda emek sarf etmi\u015ftir. Halen Fatih\/\u0130stanbul'da ikamet etmekte olup, kendini vak\u0131f ve dernek hizmetlerine vakfetmi\u015ftir.\u00a0 \u00a0\",\"url\":\"https:\/\/assam.org.tr\/en\/author\/gurcanonat\/\"}]}<\/script>\n<!-- \/ Yoast SEO plugin. -->","yoast_head_json":{"title":"Assam","robots":{"index":"index","follow":"follow","max-snippet":"max-snippet:-1","max-image-preview":"max-image-preview:large","max-video-preview":"max-video-preview:-1"},"canonical":"https:\/\/assam.org.tr\/en\/ali-sirmen-ve-mine-g-kirikkanat-a-reddiye-en\/","og_locale":"en_US","og_type":"article","og_title":"Refusal to Ali Sirmen and Mine G. K\u0131r\u0131kkanat - Assam","og_description":"Ali Sirmen and Mine G. K\u0131r\u0131kkanat also&#46;&#46;&#46;","og_url":"https:\/\/assam.org.tr\/en\/ali-sirmen-ve-mine-g-kirikkanat-a-reddiye-en\/","og_site_name":"Assam","article_published_time":"2022-02-20T13:25:48+00:00","og_image":[{"width":1280,"height":720,"url":"https:\/\/assam.org.tr\/downloads\/2022\/02\/c072cd81b28e1948f39a3598c5667133.jpg","type":"image\/jpeg"}],"author":"G\u00fcrcan ONAT","twitter_card":"summary_large_image","twitter_misc":{"Written by":"G\u00fcrcan ONAT","Est. reading time":"11 minutes"},"schema":{"@context":"https:\/\/schema.org","@graph":[{"@type":"WebPage","@id":"https:\/\/assam.org.tr\/en\/ali-sirmen-ve-mine-g-kirikkanat-a-reddiye-en\/","url":"https:\/\/assam.org.tr\/en\/ali-sirmen-ve-mine-g-kirikkanat-a-reddiye-en\/","name":"Refusal to Ali Sirmen and Mine G. K\u0131r\u0131kkanat - Assam","isPartOf":{"@id":"https:\/\/assam.org.tr\/en\/#website"},"primaryImageOfPage":{"@id":"https:\/\/assam.org.tr\/en\/ali-sirmen-ve-mine-g-kirikkanat-a-reddiye-en\/#primaryimage"},"image":{"@id":"https:\/\/assam.org.tr\/en\/ali-sirmen-ve-mine-g-kirikkanat-a-reddiye-en\/#primaryimage"},"thumbnailUrl":"https:\/\/assam.org.tr\/downloads\/2022\/02\/c072cd81b28e1948f39a3598c5667133.jpg","datePublished":"2022-02-20T13:25:48+00:00","author":{"@id":"https:\/\/assam.org.tr\/en\/#\/schema\/person\/12a1f3c99a0008c6de951d9331f8bc70"},"breadcrumb":{"@id":"https:\/\/assam.org.tr\/en\/ali-sirmen-ve-mine-g-kirikkanat-a-reddiye-en\/#breadcrumb"},"inLanguage":"en-US","potentialAction":[{"@type":"ReadAction","target":["https:\/\/assam.org.tr\/en\/ali-sirmen-ve-mine-g-kirikkanat-a-reddiye-en\/"]}]},{"@type":"ImageObject","inLanguage":"en-US","@id":"https:\/\/assam.org.tr\/en\/ali-sirmen-ve-mine-g-kirikkanat-a-reddiye-en\/#primaryimage","url":"https:\/\/assam.org.tr\/downloads\/2022\/02\/c072cd81b28e1948f39a3598c5667133.jpg","contentUrl":"https:\/\/assam.org.tr\/downloads\/2022\/02\/c072cd81b28e1948f39a3598c5667133.jpg","width":1280,"height":720},{"@type":"BreadcrumbList","@id":"https:\/\/assam.org.tr\/en\/ali-sirmen-ve-mine-g-kirikkanat-a-reddiye-en\/#breadcrumb","itemListElement":[{"@type":"ListItem","position":1,"name":"Anasayfa","item":"https:\/\/assam.org.tr\/en\/"},{"@type":"ListItem","position":2,"name":"Refusal to Ali Sirmen and Mine G. K\u0131r\u0131kkanat"}]},{"@type":"WebSite","@id":"https:\/\/assam.org.tr\/en\/#website","url":"https:\/\/assam.org.tr\/en\/","name":"Assam","description":"","potentialAction":[{"@type":"SearchAction","target":{"@type":"EntryPoint","urlTemplate":"https:\/\/assam.org.tr\/en\/?s={search_term_string}"},"query-input":{"@type":"PropertyValueSpecification","valueRequired":true,"valueName":"search_term_string"}}],"inLanguage":"en-US"},{"@type":"Person","@id":"https:\/\/assam.org.tr\/en\/#\/schema\/person\/12a1f3c99a0008c6de951d9331f8bc70","name":"G\u00fcrcan ONAT","image":{"@type":"ImageObject","inLanguage":"en-US","@id":"https:\/\/assam.org.tr\/en\/#\/schema\/person\/image\/","url":"https:\/\/secure.gravatar.com\/avatar\/96d8a3f6d8284586b07a48ec4f94534fa8bba7105272b39e2cc7d414934bb13b?s=96&d=mm&r=g","contentUrl":"https:\/\/secure.gravatar.com\/avatar\/96d8a3f6d8284586b07a48ec4f94534fa8bba7105272b39e2cc7d414934bb13b?s=96&d=mm&r=g","caption":"G\u00fcrcan ONAT"},"description":"30 Haziran 1959 tarihinde Adapazar\u0131'nda do\u011fmu\u015ftur. Memleketi: Akyaz\u0131\/Sakarya. 30 A\u011fustos 1981 y\u0131l\u0131nda Hava Harp Okulundan Te\u011fmen r\u00fctbesi ile mezun olmu\u015ftur. 1999 y\u0131l\u0131nda Binba\u015f\u0131 r\u00fctbesindeyken kendi iste\u011fi ile emekli olmu\u015ftur. Emekli oldu\u011fu g\u00fcnden itibaren sivil toplum \u00f6rg\u00fctleri ile hemhal olmu\u015ftur. ASDER, ASSAM, SADAT kurulu\u015flar\u0131nda emek sarf etmi\u015ftir. Halen Fatih\/\u0130stanbul'da ikamet etmekte olup, kendini vak\u0131f ve dernek hizmetlerine vakfetmi\u015ftir.\u00a0 \u00a0","url":"https:\/\/assam.org.tr\/en\/author\/gurcanonat\/"}]}},"_links":{"self":[{"href":"https:\/\/assam.org.tr\/en\/wp-json\/wp\/v2\/posts\/6069","targetHints":{"allow":["GET"]}}],"collection":[{"href":"https:\/\/assam.org.tr\/en\/wp-json\/wp\/v2\/posts"}],"about":[{"href":"https:\/\/assam.org.tr\/en\/wp-json\/wp\/v2\/types\/post"}],"author":[{"embeddable":true,"href":"https:\/\/assam.org.tr\/en\/wp-json\/wp\/v2\/users\/68"}],"replies":[{"embeddable":true,"href":"https:\/\/assam.org.tr\/en\/wp-json\/wp\/v2\/comments?post=6069"}],"version-history":[{"count":0,"href":"https:\/\/assam.org.tr\/en\/wp-json\/wp\/v2\/posts\/6069\/revisions"}],"wp:featuredmedia":[{"embeddable":true,"href":"https:\/\/assam.org.tr\/en\/wp-json\/wp\/v2\/media\/6066"}],"wp:attachment":[{"href":"https:\/\/assam.org.tr\/en\/wp-json\/wp\/v2\/media?parent=6069"}],"wp:term":[{"taxonomy":"category","embeddable":true,"href":"https:\/\/assam.org.tr\/en\/wp-json\/wp\/v2\/categories?post=6069"},{"taxonomy":"post_tag","embeddable":true,"href":"https:\/\/assam.org.tr\/en\/wp-json\/wp\/v2\/tags?post=6069"},{"taxonomy":"manset","embeddable":true,"href":"https:\/\/assam.org.tr\/en\/wp-json\/wp\/v2\/manset?post=6069"}],"curies":[{"name":"wp","href":"https:\/\/api.w.org\/{rel}","templated":true}]}}