{"id":6300,"date":"2022-07-01T14:00:24","date_gmt":"2022-07-01T11:00:24","guid":{"rendered":"https:\/\/yeni.assam.org.tr\/index.php\/2022\/07\/01\/altinci-uluslararasi-assam-islam-birligi-kongre-beyannamesi-en\/"},"modified":"2022-07-01T14:00:24","modified_gmt":"2022-07-01T11:00:24","slug":"altinci-uluslararasi-assam-islam-birligi-kongre-beyannamesi-en","status":"publish","type":"post","link":"https:\/\/assam.org.tr\/en\/altinci-uluslararasi-assam-islam-birligi-kongre-beyannamesi-en\/","title":{"rendered":"6th International ASSAM Islamic Union Model Congress Decleration"},"content":{"rendered":"<p><img loading=\"lazy\" decoding=\"async\" class=\" size-full wp-image-6297\" src=\"https:\/\/assam.org.tr\/wp-content\/uploads\/2022\/07\/0a4409fd7de9904a5f786d566e19e14d.jpg\" alt=\"\" width=\"1920\" height=\"1080\" \/><\/p>\n<p style=\"text-align: justify;\">The aim of the International ASSAM Islamic Union Model Congresses is to make determinations on an academic and political basis regarding current problems in world politics, especially in the Islamic Countries, <strong>and to present a solution to the Islamic World and decision-makers about the necessary institutions for the gathering of Islamic Countries under a will and the necessary legislation for these institutions<\/strong>.<\/p>\n<p><!--more--><\/p>\n<p style=\"text-align: center;\"><strong>SIXTH INTERNATIONAL ASSAM ISLAMIC UNION MODEL CONGRESS<\/strong><\/p>\n<p style=\"text-align: center;\"><strong>DECLARATION<\/strong><\/p>\n<p style=\"text-align: justify;\">\u00a0<\/p>\n<p style=\"text-align: justify;\"><strong>GENERAL<\/strong><\/p>\n<p style=\"text-align: justify;\">The aim of the International ASSAM Islamic Union Model Congresses is to make determinations on an academic and political basis regarding current problems in world politics, especially in the Islamic Countries, <strong>and to present a solution to the Islamic World and decision-makers about the necessary institutions for the gathering of Islamic Countries under a will and the necessary legislation for these institutions<\/strong>.<\/p>\n<p style=\"text-align: justify;\">It was decided to ensure the continuity of the <strong>International ASSAM Islamic Union Model Congresses<\/strong> as a result of consultation with the NGO Representatives and academicians from 27 Islamic Countries participating in the First Congress.<\/p>\n<p style=\"text-align: justify;\">Taking into account <strong>the main fields of activity of the states<\/strong>, <strong>\u201cInternational ASSAM Islamic Union Model Congresses\u201d series<\/strong>, <strong>the first<\/strong> of which was held in <strong>2017<\/strong>, <strong>the second in 2018, the third in 2019, the fourth in 2020, and the fifth in 2021<\/strong>, and planned to be held every year, will be implemented this year and in the following years, <strong>main topics are<\/strong>;<\/p>\n<ol style=\"text-align: justify;\">\n<li>Determination of the <strong>Legislation on Management Figures and Organs<\/strong> for the Islamic Union <strong>(2017-CARRIED OUT)<\/strong><\/li>\n<li>Determination of <strong>Principles and Procedures of Economic Cooperation<\/strong> for the Islamic Union <strong>(2018-CARRIED OUT)<\/strong><\/li>\n<li>Determination of <strong>Principles and Procedures of Defense Industry Cooperation<\/strong> for the Islamic Union <strong>(2019-CARRIED OUT)<\/strong><\/li>\n<li>Determination of <strong>Principles and Procedures of Common Defense System<\/strong> for the Islamic Union <strong>(2020-CARRIED OUT)<\/strong><\/li>\n<li>Determination of <strong>Principles and Procedures of Joint Foreign Policy<\/strong> for the Islamic Union <strong>(2021-CARRIED OUT)<\/strong><\/li>\n<li><span style=\"color: #ff0000;\"><strong>Determination of Principles and Procedures of Common Assistance and Security for the Islamic Union (2022)<\/strong><\/span><\/li>\n<li>Determination of <strong>Principles and Procedures of Joint Justice System<\/strong> for the Islamic Union (2023)<\/li>\n<\/ol>\n<p style=\"text-align: justify;\">It is aimed that <strong>the institutions required for the gathering of Islamic countries under one will and the legislation of these institutions will be revealed as a model<\/strong>.<\/p>\n<p style=\"text-align: justify;\"><strong>The first congress was held in Istanbul, where the ASSAM central office is located, on 23-24 November 2017, in cooperation with \u00dcsk\u00fcdar University, the Association of Justice Defenders (ASDER) and the Union of Non-Governmental Organizations of the Islamic World (UNIW).<\/strong><\/p>\n<p style=\"text-align: justify;\"><strong>Representatives of Non-Governmental Organizations and academicians from 27 Islamic Countries<\/strong> attended the First International <strong>ASSAM<\/strong> Islamic Union Model Congress, abstracts were presented by <strong>31 academicians from 11 countries<\/strong> and <strong>the presentations were published on the ASSAM Congress website<\/strong>. <strong>[<\/strong><a href=\"#_edn1\" name=\"_ednref1\"><strong>[i]<\/strong><\/a><strong>]<\/strong><\/p>\n<p style=\"text-align: justify;\">As a result of the congress, it was concluded that the <strong>\u201cIslamic Countries Chamber of Deputies\u201d<\/strong> should be established and a <strong>\u201cMinistry of Islamic Union\u201d<\/strong> should be established in the Council of Ministers of each Islamic Country and the <strong>\u201cDeclaration of the Islamic Countries Confederation\u201d<\/strong> approved by the ASSAM Executive Board; <strong>It was signed by 109 NGO officials, 29 from Islamic countries and 80 from Turkey<\/strong>, and announced to the world public opinion through the press. <strong>[<\/strong><a href=\"#_edn2\" name=\"_ednref2\"><strong>[ii]<\/strong><\/a><strong>]<\/strong><\/p>\n<p style=\"text-align: justify;\">In addition, <strong>a model Constitution draft was prepared for the confederation of Islamic Countries<\/strong>, taking into account the provisions emphasized in the declarations. <strong>[<a href=\"#_edn3\" name=\"_ednref3\">[iii]<\/a>]<\/strong><\/p>\n<p style=\"text-align: justify;\"><strong>Our second congress was held in Istanbul, where the ASSAM central office is located, on November 1-2, 2018, in cooperation with \u00dcsk\u00fcdar University, Justice Defenders Association, the Union of Non-Governmental Organizations of the Islamic World (UNIW) and International Union of Muslim Scholars (IUMS).<\/strong><\/p>\n<p style=\"text-align: justify;\">To <strong>the Second<\/strong> International ASSAM Islamic Union Model Congress; <strong>Representatives of Non-Governmental Organizations and academicians from 29 Islamic Countries<\/strong> participated, <strong>58 declarations<\/strong> were presented by <strong>66 academicians from 15 countries<\/strong>, and <strong>the presentations were published electronically in the ASSAM Congress WEB Site<\/strong>.<\/p>\n<p style=\"text-align: justify;\">Taking into account the declarations presented in the <strong>Second<\/strong> Congress and the Congress final report, the Second Congress Declaration, including the First Congress Declaration, was prepared, presented to the decision-making mechanisms, all guests and participants from the Islamic World, and the world public opinion, and published on our ASSAM Congress WEB Site. <strong>[<\/strong><a href=\"#_edn4\" name=\"_ednref4\"><strong>[iv]<\/strong><\/a><strong>]<\/strong><\/p>\n<p style=\"text-align: justify;\">Representatives of NGOs and academicians from 45 Islamic Countries attended Third International ASSAM Islamic Union Model Congress and 58 declarations were presented by 57 academicians from 10 countries. Congress Final Declaration [<a href=\"#_edn5\" name=\"_ednref5\"><strong>[v]<\/strong><\/a>] and Abstracts [<a href=\"#_edn6\" name=\"_ednref6\"><strong>[vi]<\/strong><\/a>] have been published on the ASSAM Congress website.<\/p>\n<p style=\"text-align: justify;\">Fourth International ASSAM Islamic Union Model Congress is held on Determination of Principles and Procedures of Common Defense System for the Islamic Union with the main theme of \u201cModel ASRICA Confederation Defense System\u201d through video-conference method on December 12, 2020 with the participation of \u00dcsk\u00fcdar University (UU), Justice Defenders Association (ASDER) and Union of NGOs of the Islamic World (UNIW) in Istanbul.<\/p>\n<p style=\"text-align: justify;\">28 academicians from 15 Islamic Countries presented 27 declarations in the <strong>Fourth<\/strong> International ASSAM Islamic Union Model Congress. The Congress Declaration [<a href=\"#_edn7\" name=\"_ednref7\"><strong>[vii]<\/strong><\/a>] and Declarations Abstracts [<a href=\"#_edn8\" name=\"_ednref8\"><strong>[viii]<\/strong><\/a>] and the Declaration Full Textbook <strong>[<a href=\"#_edn9\" name=\"_ednref9\">[ix]<\/a>]<\/strong>, including the first, second and third congress declarations, have been published on our <strong>ASSAM Congress WEB site<\/strong>.<\/p>\n<p style=\"text-align: justify;\"><strong>Fifth<\/strong> International ASSAM Islamic Union Model Congress will be held on December 18-19, 2021 by video-conference method in Istanbul with the participation of Justice Defenders Association (ASDER) and Union of NGOs of the Islamic World (UNIW) on <strong>Determination of Principles and Procedures of Joint Foreign Policy<\/strong> for the Islamic Union will be carried out with the main theme of \u201c<strong>Model<\/strong> <strong>ASRICA Confederation Foreign Policy Strategy<\/strong>\u201d.<\/p>\n<p style=\"text-align: justify;\">37 academicians from 19 Islamic Countries presented 39 declarations in the <strong>Fifth<\/strong> International ASSAM Islamic Union Model Congress. The Congress Declaration <strong>[<a href=\"#_edn10\" name=\"_ednref10\">[x]<\/a>]<\/strong> and Declarations Abstracts <strong>[<a href=\"#_edn11\" name=\"_ednref11\">[xi]<\/a>]<\/strong> and the Declaration Full Textbook [<a href=\"#_edn12\" name=\"_ednref12\"><strong>[xii]<\/strong><\/a>], including the First, Second, Third and Fourth Congress Declarations, have been published on our <strong>ASSAM Congress WEB<\/strong> site.<\/p>\n<p style=\"text-align: justify;\">Within the body and coordination of <strong>ASSAM<\/strong>, Video-Conference method will be applied this year, in the first of our two subsequent congresses planned to be held. Our congress will be held with the participation and organization of\u00a0 Justice Defenders Association (ASDER), The Union of NGOs of the Islamic World (UNIW), International Union of Muslim Scholars (IUMS). The congress to be held in 2023 is planned to be held face-to-face in cooperation with the Union of NGOs of the Islamic World.<\/p>\n<p style=\"text-align: justify;\">The languages of the congress will be Turkish, English and Arabic. Presentations will be interpreted simultaneously (instantly). Abstracts and declarations will be published in the <strong>ASSAM Congress WEB site<\/strong> by publishing into a book and placed electronically in the <strong>ASSAM<\/strong> International Refereed Journal (<strong>ASSAM-UHAD<\/strong>). Those who want to have their declarations published in our ASSAM International Refereed Journal (UHAD) who sent declarations to our congress should prepare their declarations in accordance with the declarations preparation format of our refereed journal<a href=\"#_edn13\" name=\"_ednref13\">[xiii]<\/a> and upload them to the system via the link given below. The link to the refereed journal is below.<a href=\"#_edn14\" name=\"_ednref14\">[xiv]<\/a> Declarations\/articles in the refereed journal will be published after the refereeing process.<\/p>\n<p style=\"text-align: justify;\">The Congress Conclusion Reports to be prepared for execution will also be sent to decision-making mechanisms and all invitees and participants from the Islamic World and will be published on the ASSAM Congress WEB Site.<\/p>\n<p style=\"text-align: justify;\">\u00a0<\/p>\n<p style=\"text-align: justify;\"><strong>GEOPOLITICAL VALUE OF ISLAMIC GEOGRAPHY:<\/strong><\/p>\n<p style=\"text-align: justify;\"><strong>57 of the 206 States in the World<\/strong> <strong><em>(27% of the Member States)<\/em><\/strong>, <strong>1.859.779.580 billion<\/strong> of the <strong>7,916.525,000 billion<\/strong> World Population <strong><em>(23.49% of the World Population)<\/em><\/strong>, the Islamic Geography, which is owned by 57 Islamic Countries, covers <strong>30.9<\/strong> million km<strong><sup>2<\/sup><\/strong> <strong><em>(20.6% of the Lands of the Whole World)<\/em><\/strong> of the world&#8217;s 150 million km<strong><sup>2<\/sup><\/strong>, <strong>with the bloc they formed when the borders between them are ignored<\/strong>:<\/p>\n<ul style=\"text-align: justify;\">\n<li>Which is located in the <strong>center of the continents of Asia, Europe and Africa<\/strong>, known as the world island,<\/li>\n<li><strong>Which is controlling the Gibraltar, Bab-El Mendeb, \u00c7anakkale and Istanbul straits and the Suez Canal, which are considered the gateways to the Mediterranean, Red Sea and Black Sea, which is the world&#8217;s largest inland seas,<\/strong><\/li>\n<li>Which have coasts to the <strong>Atlantic Ocean, Indian Ocean, Mediterranean, Black Sea, Red Sea and Caspian Sea,<\/strong><\/li>\n<li><strong>Which is bordered by land and sea to the continents of Asia, Europe and Africa, to the global powers of the world such as the European Union, Russia, India and, China, and to the United States by sea,<\/strong><\/li>\n<li>Which have the opportunity to be the <strong>center of the land, air and sea transportation routes <\/strong>without alternatives,<\/li>\n<li>Which owns 55.5% of the world&#8217;s <strong>oil reserves<\/strong>, 45.6% of its <strong>production<\/strong> also 64.1% of <strong>natural gas reserves<\/strong>, 33% of its production,<\/li>\n<\/ul>\n<p style=\"text-align: justify;\">By combining its geopolitical position, common civilization values and historical background with its opportunities, efforts and goals, it has the potential to become the superpower of the future.<\/p>\n<p style=\"text-align: justify;\">\u00a0<\/p>\n<p style=\"text-align: justify;\"><strong>GLOBAL ATTACKS TO THE ISLAMIC WORLD<\/strong><\/p>\n<p style=\"text-align: justify;\">In its geography where it should be sovereign, the <strong>Islamic World<\/strong> has become the site of the <strong>undeclared, secret, insidious, dirty and asymmetric World War III<\/strong>, in which the ethnic and sectarian units within the unitary structures of each Islamic Country are fighting each other.<\/p>\n<p style=\"text-align: justify;\"><strong>Despite the advantages they have, Islamic countries<\/strong> have fallen into a great turmoil with the interventions of the imperialist western states. As a result of this turmoil, great suffering and destruction are experienced in the Islamic countries. Millions of Muslims are forced to choose between leaving their homes or dying. Thousands of Muslims die in various ways on the migration routes, and those who manage to migrate are doomed to live in poverty and misery.<\/p>\n<p style=\"text-align: justify;\">According to the official data of the United Nations High Commissioner for Refugees, as of 2021, according to official records, 6.6 million Syrian citizens immigrated around the world. (<a href=\"#_edn15\" name=\"_ednref15\">[xv]<\/a>) This figure is even higher with unregistered refugees. Syrian Refugees migrated to Turkey (3.645.140), Iraq (242.163), Jordan (662.790), Egypt (130.577), Lebanon (865531) and other countries in North Africa (31.657). Apart from these figures, there are intense attempts to migrate to Europe and most of them lose their lives in the Mediterranean. Despite these adversities, the total number of registered refugees crossing into Europe from April 2011 to January 2021 was 1,022,142.<strong> (<\/strong><a href=\"#_edn16\" name=\"_ednref16\"><strong>[xvi]<\/strong><\/a><strong>)<\/strong><\/p>\n<p style=\"text-align: justify;\"><strong>The World War III is being waged as an undeclared war<\/strong> (Hybrid War) <strong>against Islamic Countries.<\/strong> After the collapse of the Ottoman Empire, the Muslims, who were left without a government, tried to continue their existence by establishing small states, but because they lost their unity and solidarity, they became an easy to swallow for global powers. <strong>The United States, European Union, England, France, Russia and China aim to establish authority in Islamic Countries by waging proxy wars with the terrorist organizations they control and the asymmetric war methods they apply in order to seize the Islamic Geography.<\/strong><\/p>\n<p style=\"text-align: justify;\">\u00a0<\/p>\n<p style=\"text-align: justify;\"><strong>SIXTH INTERNATIONAL ASSAM ISLAMIC UNION MODEL CONGRESS<\/strong><\/p>\n<p style=\"text-align: justify;\">Our congress will be held on November 12-13, 2022 with the organization. In our congress, the subject of \u201cDetermination of Common Public Order and Security Principles and Procedures for the Islamic Union\u201d will be examined under the main theme of \u201cModel ASRICA Confederation Public Order and Internal Security Organization\u201d.<\/p>\n<p style=\"text-align: justify;\">The topics of the declarations to be presented by the academicians who will participate in the Sixth International ASSAM Islamic Union Model Congress which with the participation of Justice Defenders Association (ASDER), The Union of NGOs of the Islamic World (UNIW), International Union of Muslim Scholars (IUMS), will be examined under the following headings.<\/p>\n<p style=\"text-align: justify;\">\u00a0<\/p>\n<p style=\"text-align: justify;\"><strong>CONGRESS SUBTITLES <\/strong><\/p>\n<ol style=\"text-align: justify;\">\n<li><strong>Principles and procedures in the organization of the administrative structures of the global powers in the past related to public order and internal security;<\/strong>\n<ol style=\"list-style-type: lower-alpha;\">\n<li>Principles and procedures of the Organization for Public Order and Internal Security in the Roman Empire,<\/li>\n<li>Principles and procedures of the Organization for Public Order and Internal Security in the Byzantine Empire,<\/li>\n<li>Principles and procedures of the Organization for Public Order and Internal Security in the Islamic State during the Time of the Prophet Muhammad,<\/li>\n<li>Principles and procedures of the Organization for Public Order and Internal Security in the Umayyad Caliphate,<\/li>\n<li>Principles and procedures of the Organization for Public Order and Internal Security in the Abbasid Caliphate,<\/li>\n<li>Principles and procedures of the Organization for Public Order and Internal Security in the Seljuk Empire,<\/li>\n<li>Principles and procedures of the Organization for Public Order and Internal Security in the Ottoman Empire,<\/li>\n<\/ol>\n<\/li>\n<li><strong>Organizational principles and procedures of the administrative structures of today&#8217;s global powers related to public order and internal security<\/strong> (Local Authority, security in cities, rural areas, coasts and borders);\n<ol style=\"list-style-type: lower-alpha;\">\n<li>Principles and procedures of the Organization for Public Order and Internal Security in the United States of America,<\/li>\n<li>Principles and procedures of the Organization for Public Order and Internal Security in the Russian Federation,<\/li>\n<li>Principles and procedures of the Organization for Public Order and Internal Security in the Republic of South Africa,<\/li>\n<li>Principles and procedures of the Organization for Public Order and Internal Security in the European Union,<\/li>\n<li>Principles and procedures of the Organization for Public Order and Internal Security in the People\u2019s Republic of China,<\/li>\n<li>Principles and procedures of the Organization for Public Order and Internal Security in the Republic of India.<\/li>\n<\/ol>\n<\/li>\n<li><strong>The envisaged public order and internal security <\/strong>(Local Authority, security in cities, rural areas, coasts and borders)<strong> organization of Model ASRICA Confederation;<\/strong>\n<ol style=\"list-style-type: lower-alpha;\">\n<li>Model <strong>ASRICA<\/strong> Islamic Countries Confederation Constitution on the Provision of Security and Public Order<\/li>\n<li>Model <strong>ASRICA<\/strong> Islamic Countries Confederation Constitution on the Provision-to-be-added of Security and Public Order<\/li>\n<li>The Ministry of Internal Affairs of the Model ASRICA Confederation, which is carried out from the Center;\n<ol style=\"list-style-type: lower-roman;\">\n<li>Central Organization, powers and responsibilities,<\/li>\n<li>Police, Gendarmerie, Coastal and Border Protection Organization in Regional Federations, their powers and responsibilities,<\/li>\n<li>Police, Gendarmerie, Coastal and Border Protection Organization in National States, their powers and responsibilities,<\/li>\n<\/ol>\n<\/li>\n<li><strong>Organization, powers and responsibilities in <\/strong>(Local Authority, security in cities, rural areas, coasts and borders) <strong>of the Model ASRICA Islamic Countries Confederation Ministry of Interior.<\/strong><\/li>\n<\/ol>\n<\/li>\n<\/ol>\n<p style=\"text-align: justify;\"><strong>\u00a0<\/strong><\/p>\n<p style=\"text-align: center;\"><strong>SIXTH INTERNATIONAL ASSAM ISLAMIC UNION MODEL<\/strong><\/p>\n<p style=\"text-align: center;\"><strong>CONGRESS PROGRAM<\/strong><\/p>\n<p style=\"text-align: justify;\">\u00a0<\/p>\n<p style=\"text-align: justify;\"><strong>IMPORTANT DATES<\/strong><\/p>\n<ol style=\"text-align: justify;\">\n<li>Abstract submission deadline : July 15, 2022<\/li>\n<li>Announcement of accepted papers : August 15, 2022<\/li>\n<li>Deadline for submission of full texts : September 15, 2022<\/li>\n<li><span style=\"color: #ff0000; font-size: 12pt;\"><strong>CONGRESS DATE : November 12-13, 2022<\/strong><\/span><\/li>\n<\/ol>\n<p style=\"text-align: left;\">\u00a0<\/p>\n<p style=\"text-align: left;\"><a href=\"#_ednref1\" name=\"_edn1\"><\/a><strong>[[i]]<\/strong> <a href=\"https:\/\/assamcongress.com\/congresses\/past-to-future-government-forms\/the-islamic-union-congress-abstract-book.html\">https:\/\/assamcongress.com\/congresses\/past-to-future-government-forms\/the-islamic-union-congress-abstract-book.html<\/a><\/p>\n<p style=\"text-align: left;\"><a href=\"#_ednref2\" name=\"_edn2\"><\/a><strong>[[ii]]<\/strong> <a href=\"https:\/\/assamcongress.com\/congresses\/past-to-future-government-forms\/congress-17-declaration.html\">https:\/\/assamcongress.com\/congresses\/past-to-future-government-forms\/congress-17-declaration.html<\/a><\/p>\n<p style=\"text-align: left;\"><a href=\"#_ednref3\" name=\"_edn3\"><\/a><strong>[[iii]]<\/strong> <a href=\"https:\/\/www.assamcongress.com\/congresses\/past-to-future-government-forms\/confederation-constitution.html\">https:\/\/www.assamcongress.com\/congresses\/past-to-future-government-forms\/confederation-constitution.html<\/a><\/p>\n<p style=\"text-align: left;\"><a href=\"#_ednref4\" name=\"_edn4\"><\/a><strong>[[iv]]<\/strong> <a href=\"https:\/\/www.assamcongress.com\/congresses\/2018-congress\/congress-18-declaration.html\">https:\/\/www.assamcongress.com\/congresses\/2018-congress\/congress-18-declaration.html<\/a><\/p>\n<p style=\"text-align: left;\"><a href=\"#_ednref5\" name=\"_edn5\"><\/a><strong>[[v]]<\/strong> <a href=\"https:\/\/assamcongress.com\/congresses\/2019-congress\/congress-19-declaration.html\">https:\/\/assamcongress.com\/congresses\/2019-congress\/congress-19-declaration.html<\/a><\/p>\n<p style=\"text-align: left;\"><a href=\"#_ednref6\" name=\"_edn6\"><\/a><strong>[[vi]]<\/strong> <a href=\"https:\/\/assamcongress.com\/congresses\/2019-congress\/abstracts-book-19.html\">https:\/\/assamcongress.com\/congresses\/2019-congress\/abstracts-book-19.html<\/a><\/p>\n<p style=\"text-align: left;\"><a href=\"#_ednref7\" name=\"_edn7\"><\/a><strong>[[vii]]<\/strong> <a href=\"https:\/\/assamcongress.com\/congresses\/assam-kongre-2020\/kongre-bildirgesi-en.html\">https:\/\/assamcongress.com\/congresses\/assam-kongre-2020\/kongre-bildirgesi-en.html<\/a><\/p>\n<p style=\"text-align: left;\"><a href=\"#_ednref8\" name=\"_edn8\"><\/a><strong>[[viii]]<\/strong> <a href=\"https:\/\/assamcongress.com\/congresses\/assam-kongre-2020\/congress-20-abstracts-book.html\">https:\/\/assamcongress.com\/congresses\/assam-kongre-2020\/congress-20-abstracts-book.html<\/a><\/p>\n<p style=\"text-align: left;\"><a href=\"#_ednref9\" name=\"_edn9\"><\/a><strong>[[ix]<\/strong>] <a href=\"index.php\/en\/news\/news\/4-uncu-assam-islam-birligi-kongresi-bildiri-kitapcigi-yayinlandi-en.html\">https:\/\/www.assam.org.tr\/index.php\/en\/news\/news\/4-uncu-assam-islam-birligi-kongresi-bildiri-kitapcigi-yayinlandi-en.html<\/a>\u00a0<\/p>\n<p style=\"text-align: left;\"><a href=\"#_ednref10\" name=\"_edn10\"><\/a><strong>[[x]] <\/strong><a href=\"https:\/\/www.assamcongress.com\/congresses\/assam-kongre-2021\/kongre-bildirgesi-en.html\">https:\/\/www.assamcongress.com\/congresses\/assam-kongre-2021\/kongre-bildirgesi-en.html<\/a><\/p>\n<p style=\"text-align: left;\"><a href=\"#_ednref11\" name=\"_edn11\"><\/a><strong>[[xi]]<\/strong><a href=\"https:\/\/assamcongress.com\/images\/5.Kongre\/ASSAM%205.%20Kongre%20\u00d6zet%20Kitap\u00e7\u0131\u011f\u0131.pdf\">https:\/\/assamcongress.com\/images\/5.Kongre\/ASSAM%205.%20Kongre%20\u00d6zet%20Kitap\u00e7\u0131\u011f\u0131.pdf<\/a><\/p>\n<p style=\"text-align: left;\"><a href=\"#_ednref12\" name=\"_edn12\"><\/a><strong>[[xii]]<\/strong><a href=\"https:\/\/www.assamcongress.com\/images\/5.Kongre\/ASSAM%205.%20Kongre%20Tam%20Metin%20Kitap%C3%A7%C4%B1%C4%9F%C4%B1.pdf?_t=1641904033\">https:\/\/www.assamcongress.com\/images\/5.Kongre\/ASSAM%205.%20Kongre%20Tam%20Metin%20Kitap%C3%A7%C4%B1%C4%9F%C4%B1.pdf?_t=1641904033<\/a><\/p>\n<p style=\"text-align: left;\"><a href=\"#_ednref13\" name=\"_edn13\"><\/a><strong>[[xiii]]<\/strong> <a href=\"https:\/\/assamcongress.com\/congresses\/assam-kongre-2020\/tam-metin-ve-ozet-yazim-formati-en.html\">https:\/\/assamcongress.com\/congresses\/assam-kongre-2020\/tam-metin-ve-ozet-yazim-formati-en.html<\/a><\/p>\n<p style=\"text-align: left;\"><a href=\"#_ednref14\" name=\"_edn14\"><\/a><strong>[[xiv]] <\/strong><a href=\"https:\/\/dergipark.org.tr\/tr\/pub\/assam\">https:\/\/dergipark.org.tr\/tr\/pub\/assam<\/a><\/p>\n<p style=\"text-align: left;\"><a href=\"#_ednref15\" name=\"_edn15\"><\/a><strong>[[xv]]<\/strong> <a href=\"https:\/\/www.easo.europa.eu\/sites\/default\/files\/EASO-Asylum-Report-2020-Executive-Summary-TR.pdf\">https:\/\/www.easo.europa.eu\/sites\/default\/files\/EASO-Asylum-Report-2020-Executive-Summary-TR.pdf<\/a><\/p>\n<p style=\"text-align: left;\"><a href=\"#_ednref16\" name=\"_edn16\"><\/a><strong>[[xvi]]<\/strong> <a href=\"https:\/\/data2.unhcr.org\/en\/situations\/syria\">https:\/\/data2.unhcr.org\/en\/situations\/syria<\/a><\/p>\n","protected":false},"excerpt":{"rendered":"<p>The aim of the International ASSAM Islamic&#46;&#46;&#46;<\/p>\n","protected":false},"author":1,"featured_media":6297,"comment_status":"open","ping_status":"open","sticky":false,"template":"","format":"standard","meta":{"_acf_changed":false,"footnotes":""},"categories":[323],"tags":[1048,1046,2044,1045],"manset":[],"class_list":["post-6300","post","type-post","status-publish","format-standard","has-post-thumbnail","hentry","category-news","tag-assam","tag-congress","tag-congress-decleration","tag-islamic-union"],"acf":[],"yoast_head":"<!-- This site is optimized with the Yoast SEO plugin v26.1 - https:\/\/yoast.com\/wordpress\/plugins\/seo\/ -->\n<title>Assam<\/title>\n<meta name=\"robots\" content=\"index, follow, max-snippet:-1, max-image-preview:large, max-video-preview:-1\" \/>\n<link rel=\"canonical\" href=\"https:\/\/assam.org.tr\/en\/altinci-uluslararasi-assam-islam-birligi-kongre-beyannamesi-en\/\" \/>\n<meta property=\"og:locale\" content=\"en_US\" \/>\n<meta property=\"og:type\" content=\"article\" \/>\n<meta property=\"og:title\" content=\"6th International ASSAM Islamic Union Model Congress Decleration - Assam\" \/>\n<meta property=\"og:description\" content=\"The aim of the International ASSAM Islamic&#046;&#046;&#046;\" \/>\n<meta property=\"og:url\" content=\"https:\/\/assam.org.tr\/en\/altinci-uluslararasi-assam-islam-birligi-kongre-beyannamesi-en\/\" \/>\n<meta property=\"og:site_name\" content=\"Assam\" \/>\n<meta property=\"article:published_time\" content=\"2022-07-01T11:00:24+00:00\" \/>\n<meta property=\"og:image\" content=\"https:\/\/assam.org.tr\/downloads\/2022\/07\/0a4409fd7de9904a5f786d566e19e14d-1024x576.jpg\" \/>\n\t<meta property=\"og:image:width\" content=\"1024\" \/>\n\t<meta property=\"og:image:height\" content=\"576\" \/>\n\t<meta property=\"og:image:type\" content=\"image\/jpeg\" \/>\n<meta name=\"author\" content=\"admin\" \/>\n<meta name=\"twitter:card\" content=\"summary_large_image\" \/>\n<meta name=\"twitter:label1\" content=\"Written by\" \/>\n\t<meta name=\"twitter:data1\" content=\"admin\" \/>\n\t<meta name=\"twitter:label2\" content=\"Est. reading time\" \/>\n\t<meta name=\"twitter:data2\" content=\"12 minutes\" \/>\n<script type=\"application\/ld+json\" class=\"yoast-schema-graph\">{\"@context\":\"https:\/\/schema.org\",\"@graph\":[{\"@type\":\"WebPage\",\"@id\":\"https:\/\/assam.org.tr\/en\/altinci-uluslararasi-assam-islam-birligi-kongre-beyannamesi-en\/\",\"url\":\"https:\/\/assam.org.tr\/en\/altinci-uluslararasi-assam-islam-birligi-kongre-beyannamesi-en\/\",\"name\":\"6th International ASSAM Islamic Union Model Congress Decleration - Assam\",\"isPartOf\":{\"@id\":\"https:\/\/assam.org.tr\/en\/#website\"},\"primaryImageOfPage\":{\"@id\":\"https:\/\/assam.org.tr\/en\/altinci-uluslararasi-assam-islam-birligi-kongre-beyannamesi-en\/#primaryimage\"},\"image\":{\"@id\":\"https:\/\/assam.org.tr\/en\/altinci-uluslararasi-assam-islam-birligi-kongre-beyannamesi-en\/#primaryimage\"},\"thumbnailUrl\":\"https:\/\/assam.org.tr\/downloads\/2022\/07\/0a4409fd7de9904a5f786d566e19e14d.jpg\",\"datePublished\":\"2022-07-01T11:00:24+00:00\",\"author\":{\"@id\":\"https:\/\/assam.org.tr\/en\/#\/schema\/person\/3acfcd4778cdd610ce53e7926748b2ef\"},\"breadcrumb\":{\"@id\":\"https:\/\/assam.org.tr\/en\/altinci-uluslararasi-assam-islam-birligi-kongre-beyannamesi-en\/#breadcrumb\"},\"inLanguage\":\"en-US\",\"potentialAction\":[{\"@type\":\"ReadAction\",\"target\":[\"https:\/\/assam.org.tr\/en\/altinci-uluslararasi-assam-islam-birligi-kongre-beyannamesi-en\/\"]}]},{\"@type\":\"ImageObject\",\"inLanguage\":\"en-US\",\"@id\":\"https:\/\/assam.org.tr\/en\/altinci-uluslararasi-assam-islam-birligi-kongre-beyannamesi-en\/#primaryimage\",\"url\":\"https:\/\/assam.org.tr\/downloads\/2022\/07\/0a4409fd7de9904a5f786d566e19e14d.jpg\",\"contentUrl\":\"https:\/\/assam.org.tr\/downloads\/2022\/07\/0a4409fd7de9904a5f786d566e19e14d.jpg\",\"width\":1920,\"height\":1080},{\"@type\":\"BreadcrumbList\",\"@id\":\"https:\/\/assam.org.tr\/en\/altinci-uluslararasi-assam-islam-birligi-kongre-beyannamesi-en\/#breadcrumb\",\"itemListElement\":[{\"@type\":\"ListItem\",\"position\":1,\"name\":\"Anasayfa\",\"item\":\"https:\/\/assam.org.tr\/en\/\"},{\"@type\":\"ListItem\",\"position\":2,\"name\":\"6th International ASSAM Islamic Union Model Congress Decleration\"}]},{\"@type\":\"WebSite\",\"@id\":\"https:\/\/assam.org.tr\/en\/#website\",\"url\":\"https:\/\/assam.org.tr\/en\/\",\"name\":\"Assam\",\"description\":\"\",\"potentialAction\":[{\"@type\":\"SearchAction\",\"target\":{\"@type\":\"EntryPoint\",\"urlTemplate\":\"https:\/\/assam.org.tr\/en\/?s={search_term_string}\"},\"query-input\":{\"@type\":\"PropertyValueSpecification\",\"valueRequired\":true,\"valueName\":\"search_term_string\"}}],\"inLanguage\":\"en-US\"},{\"@type\":\"Person\",\"@id\":\"https:\/\/assam.org.tr\/en\/#\/schema\/person\/3acfcd4778cdd610ce53e7926748b2ef\",\"name\":\"admin\",\"image\":{\"@type\":\"ImageObject\",\"inLanguage\":\"en-US\",\"@id\":\"https:\/\/assam.org.tr\/en\/#\/schema\/person\/image\/\",\"url\":\"https:\/\/secure.gravatar.com\/avatar\/b64b9f9a11c3402664510c42229973ea79f05e8f86997d5123fb1c02cf533ea4?s=96&d=mm&r=g\",\"contentUrl\":\"https:\/\/secure.gravatar.com\/avatar\/b64b9f9a11c3402664510c42229973ea79f05e8f86997d5123fb1c02cf533ea4?s=96&d=mm&r=g\",\"caption\":\"admin\"},\"sameAs\":[\"https:\/\/yeni.assam.org.tr\"],\"url\":\"https:\/\/assam.org.tr\/en\/author\/admin\/\"}]}<\/script>\n<!-- \/ Yoast SEO plugin. -->","yoast_head_json":{"title":"Assam","robots":{"index":"index","follow":"follow","max-snippet":"max-snippet:-1","max-image-preview":"max-image-preview:large","max-video-preview":"max-video-preview:-1"},"canonical":"https:\/\/assam.org.tr\/en\/altinci-uluslararasi-assam-islam-birligi-kongre-beyannamesi-en\/","og_locale":"en_US","og_type":"article","og_title":"6th International ASSAM Islamic Union Model Congress Decleration - Assam","og_description":"The aim of the International ASSAM Islamic&#46;&#46;&#46;","og_url":"https:\/\/assam.org.tr\/en\/altinci-uluslararasi-assam-islam-birligi-kongre-beyannamesi-en\/","og_site_name":"Assam","article_published_time":"2022-07-01T11:00:24+00:00","og_image":[{"width":1024,"height":576,"url":"https:\/\/assam.org.tr\/downloads\/2022\/07\/0a4409fd7de9904a5f786d566e19e14d-1024x576.jpg","type":"image\/jpeg"}],"author":"admin","twitter_card":"summary_large_image","twitter_misc":{"Written by":"admin","Est. reading time":"12 minutes"},"schema":{"@context":"https:\/\/schema.org","@graph":[{"@type":"WebPage","@id":"https:\/\/assam.org.tr\/en\/altinci-uluslararasi-assam-islam-birligi-kongre-beyannamesi-en\/","url":"https:\/\/assam.org.tr\/en\/altinci-uluslararasi-assam-islam-birligi-kongre-beyannamesi-en\/","name":"6th International ASSAM Islamic Union Model Congress Decleration - Assam","isPartOf":{"@id":"https:\/\/assam.org.tr\/en\/#website"},"primaryImageOfPage":{"@id":"https:\/\/assam.org.tr\/en\/altinci-uluslararasi-assam-islam-birligi-kongre-beyannamesi-en\/#primaryimage"},"image":{"@id":"https:\/\/assam.org.tr\/en\/altinci-uluslararasi-assam-islam-birligi-kongre-beyannamesi-en\/#primaryimage"},"thumbnailUrl":"https:\/\/assam.org.tr\/downloads\/2022\/07\/0a4409fd7de9904a5f786d566e19e14d.jpg","datePublished":"2022-07-01T11:00:24+00:00","author":{"@id":"https:\/\/assam.org.tr\/en\/#\/schema\/person\/3acfcd4778cdd610ce53e7926748b2ef"},"breadcrumb":{"@id":"https:\/\/assam.org.tr\/en\/altinci-uluslararasi-assam-islam-birligi-kongre-beyannamesi-en\/#breadcrumb"},"inLanguage":"en-US","potentialAction":[{"@type":"ReadAction","target":["https:\/\/assam.org.tr\/en\/altinci-uluslararasi-assam-islam-birligi-kongre-beyannamesi-en\/"]}]},{"@type":"ImageObject","inLanguage":"en-US","@id":"https:\/\/assam.org.tr\/en\/altinci-uluslararasi-assam-islam-birligi-kongre-beyannamesi-en\/#primaryimage","url":"https:\/\/assam.org.tr\/downloads\/2022\/07\/0a4409fd7de9904a5f786d566e19e14d.jpg","contentUrl":"https:\/\/assam.org.tr\/downloads\/2022\/07\/0a4409fd7de9904a5f786d566e19e14d.jpg","width":1920,"height":1080},{"@type":"BreadcrumbList","@id":"https:\/\/assam.org.tr\/en\/altinci-uluslararasi-assam-islam-birligi-kongre-beyannamesi-en\/#breadcrumb","itemListElement":[{"@type":"ListItem","position":1,"name":"Anasayfa","item":"https:\/\/assam.org.tr\/en\/"},{"@type":"ListItem","position":2,"name":"6th International ASSAM Islamic Union Model Congress Decleration"}]},{"@type":"WebSite","@id":"https:\/\/assam.org.tr\/en\/#website","url":"https:\/\/assam.org.tr\/en\/","name":"Assam","description":"","potentialAction":[{"@type":"SearchAction","target":{"@type":"EntryPoint","urlTemplate":"https:\/\/assam.org.tr\/en\/?s={search_term_string}"},"query-input":{"@type":"PropertyValueSpecification","valueRequired":true,"valueName":"search_term_string"}}],"inLanguage":"en-US"},{"@type":"Person","@id":"https:\/\/assam.org.tr\/en\/#\/schema\/person\/3acfcd4778cdd610ce53e7926748b2ef","name":"admin","image":{"@type":"ImageObject","inLanguage":"en-US","@id":"https:\/\/assam.org.tr\/en\/#\/schema\/person\/image\/","url":"https:\/\/secure.gravatar.com\/avatar\/b64b9f9a11c3402664510c42229973ea79f05e8f86997d5123fb1c02cf533ea4?s=96&d=mm&r=g","contentUrl":"https:\/\/secure.gravatar.com\/avatar\/b64b9f9a11c3402664510c42229973ea79f05e8f86997d5123fb1c02cf533ea4?s=96&d=mm&r=g","caption":"admin"},"sameAs":["https:\/\/yeni.assam.org.tr"],"url":"https:\/\/assam.org.tr\/en\/author\/admin\/"}]}},"_links":{"self":[{"href":"https:\/\/assam.org.tr\/en\/wp-json\/wp\/v2\/posts\/6300","targetHints":{"allow":["GET"]}}],"collection":[{"href":"https:\/\/assam.org.tr\/en\/wp-json\/wp\/v2\/posts"}],"about":[{"href":"https:\/\/assam.org.tr\/en\/wp-json\/wp\/v2\/types\/post"}],"author":[{"embeddable":true,"href":"https:\/\/assam.org.tr\/en\/wp-json\/wp\/v2\/users\/1"}],"replies":[{"embeddable":true,"href":"https:\/\/assam.org.tr\/en\/wp-json\/wp\/v2\/comments?post=6300"}],"version-history":[{"count":0,"href":"https:\/\/assam.org.tr\/en\/wp-json\/wp\/v2\/posts\/6300\/revisions"}],"wp:featuredmedia":[{"embeddable":true,"href":"https:\/\/assam.org.tr\/en\/wp-json\/wp\/v2\/media\/6297"}],"wp:attachment":[{"href":"https:\/\/assam.org.tr\/en\/wp-json\/wp\/v2\/media?parent=6300"}],"wp:term":[{"taxonomy":"category","embeddable":true,"href":"https:\/\/assam.org.tr\/en\/wp-json\/wp\/v2\/categories?post=6300"},{"taxonomy":"post_tag","embeddable":true,"href":"https:\/\/assam.org.tr\/en\/wp-json\/wp\/v2\/tags?post=6300"},{"taxonomy":"manset","embeddable":true,"href":"https:\/\/assam.org.tr\/en\/wp-json\/wp\/v2\/manset?post=6300"}],"curies":[{"name":"wp","href":"https:\/\/api.w.org\/{rel}","templated":true}]}}