{"id":6457,"date":"2023-01-09T08:44:20","date_gmt":"2023-01-09T05:44:20","guid":{"rendered":"https:\/\/yeni.assam.org.tr\/index.php\/2023\/01\/09\/gocmen-multeci%cc%87-siginmaci-en\/"},"modified":"2023-01-09T08:44:20","modified_gmt":"2023-01-09T05:44:20","slug":"gocmen-multeci%cc%87-siginmaci-en","status":"publish","type":"post","link":"https:\/\/assam.org.tr\/en\/gocmen-multeci%cc%87-siginmaci-en\/","title":{"rendered":"G\u00f6\u00e7men &#8211; M\u00fclteci &#8211; S\u0131\u011f\u0131nmac\u0131"},"content":{"rendered":"<p><img loading=\"lazy\" decoding=\"async\" class=\" size-full wp-image-6454\" src=\"https:\/\/assam.org.tr\/wp-content\/uploads\/2023\/01\/4b767812663b80b340af87b3a2927015-scaled.jpg\" alt=\"\" width=\"2560\" height=\"1440\" \/><\/p>\n<p style=\"text-align: justify;\">Stratejik \u00f6nemi ve co\u011frafi konumu tarih boyunca T\u00fcrkiye\u2019yi d\u00fczenli veya d\u00fczensiz, zorunlu veya g\u00f6n\u00fcll\u00fc g\u00f6\u00e7 ak\u0131nlar\u0131 i\u00e7in ya bir ge\u00e7i\u015f noktas\u0131 ya da bir var\u0131\u015f noktas\u0131 haline getirmi\u015ftir.<br \/>Son y\u0131llarda yaz\u0131l\u0131 ve g\u00f6rsel bas\u0131nda s\u0131k\u00e7a duydu\u011fumuz \u201cG\u00f6\u00e7men\u201d, \u201cM\u00fclteci\u201d, \u201cS\u0131\u011f\u0131nmac\u0131\u201d kelimelerini, yerli yerinde ve olmas\u0131 gerekti\u011fi gibi do\u011fru kulland\u0131\u011f\u0131m\u0131z s\u00f6ylenemez. G\u00fcn\u00fcm\u00fczde d\u00fcnya \u00e7ap\u0131nda patlak veren g\u00f6\u00e7 krizinin anlat\u0131m\u0131nda \u201cm\u00fclteci\u201d kavram\u0131, \u00f6zellikle medya taraf\u0131ndan, yanl\u0131\u015f olarak, \u201cs\u0131\u011f\u0131nmac\u0131\u201d ve \u201cg\u00f6\u00e7men\u201d kavramlar\u0131 ile e\u015fanlamda kullan\u0131lmaktad\u0131r. <br \/>Arap\u00e7a\u2019da \u201cterketmek, ayr\u0131lmak, ilgisini kesmek\u201d anlam\u0131na gelen hecr (hicr\u00e2n) masdar\u0131ndan isim olan \u201chicret\u201d kelimesi, genelde gayri m\u00fcslim \u00fclkeden (dar\u00fclharp) bir \u0130sl\u00e2m \u00fclkesine g\u00f6\u00e7 etmeyi ifade eder. Bu g\u00f6\u00e7 hareketlerine \u201cMuhaceret\u201d, g\u00f6\u00e7 edenlere ise, \u201cMuhacir\u201d denilmi\u015ftir. Hatta halk aras\u0131ndaki s\u00f6yleni\u015fi ile \u201cMac\u0131r\u201d olarak yayg\u0131nla\u015fm\u0131\u015ft\u0131r.<\/p>\n<p><!--more--><\/p>\n<p style=\"text-align: justify;\">862\/2007 say\u0131l\u0131 Avrupa Parlamentosu ve Konseyi T\u00fcz\u00fc\u011f\u00fcn\u00fcn ilgili maddesinde G\u00f6\u00e7men; \u201c\u2026kendi men\u015fe \u00fclkesinden ya da \u00fc\u00e7\u00fcnc\u00fc bir \u00fclkeden ba\u015fka bir \u00fcye devletin topraklar\u0131na, en az 12 ayl\u0131k bir s\u00fcre i\u00e7in yerle\u015fen ki\u015filer..\u201d olarak tan\u0131mlanmaktad\u0131r.<\/p>\n<p style=\"text-align: justify;\">BMMYK (Birle\u015fmi\u015f Milletler M\u00fclteciler Y\u00fcksek Komiserli\u011fi):\u201d\u2026.yabanc\u0131 bir \u00fclkede bir y\u0131ldan fazla ikamet eden bir birey olarak&#8221;; \u0130\u00e7i\u015fleri Bakanl\u0131\u011f\u0131m\u0131z ise, \u201c..kendi men\u015fe \u00fclkesinden, bir\u00e7ok nedenden dolay\u0131, ba\u015fka \u00fclkeye g\u00f6\u00e7 eden kimseleri\u201d \u201cG\u00f6\u00e7men\u201d olarak tan\u0131mlamaktad\u0131r. milletimizin Balkanlar\u2019dan Anadolu\u2019ya gelenler i\u00e7in yayg\u0131n olarak kulland\u0131\u011f\u0131 bir kelimedir.<br \/>Toparlayacak olursak; \u201cM\u00fcltecilik\u201d, hukuki bir stat\u00fcd\u00fcr. \u201cS\u0131\u011f\u0131nmac\u0131\u201d, m\u00fclteci oldu\u011fu iddias\u0131yla \u00fclkesini terk eden, ama \u201cM\u00fcltecilik\u201d stat\u00fcs\u00fc kazanma ba\u015fvurusu hen\u00fcz sonu\u00e7lanmam\u0131\u015f ki\u015fiyken, \u201cM\u00fclteci\u201d, s\u0131\u011f\u0131nma ba\u015fvurusu kabul edilen ki\u015fidir.<\/p>\n<p style=\"text-align: justify;\">\u0130nsanl\u0131k tarihi boyunca kitlesel g\u00f6\u00e7 hadiseleri ya\u015fanm\u0131\u015f olsa da, \u00f6zellikle 18. y\u00fczy\u0131l sonlar\u0131ndan itibaren, teknolojik geli\u015fmelerin de etkisiyle, sava\u015flarda kullan\u0131lan silahlar\u0131n b\u00fcy\u00fcyen tahrip g\u00fcc\u00fc sonucu, \u00f6zellikle Balkanlar ve Kafkasya co\u011frafyas\u0131nda zulme, i\u015fkenceye ve katle u\u011frayan M\u00fcsl\u00fcmanlar \u201cG\u00d6\u00c7\u201d olgusu ile kar\u015f\u0131la\u015fm\u0131\u015flard\u0131r. 1800\u2019l\u00fc y\u0131llardan itibaren, Yunanistan ana karas\u0131ndaki Osmanl\u0131 bakiyesi bir milyon kadar M\u00fcsl\u00fcman\u0131n yok edilmesini, bug\u00fcn bat\u0131l\u0131 tarihlerde bulamazs\u0131n\u0131z. Eski Yugoslavya (Bosna, Kosova) ve Bulgaristan\u2019dan milyonlarca insan\u0131m\u0131z, S\u0131rp \u2013 H\u0131rvat \u2013 Bulgar katliamlar\u0131ndan korunmak i\u00e7in Anadolu\u2019nun ba\u011fr\u0131na s\u0131\u011f\u0131nd\u0131.<br \/>Esasen; co\u011frafyam\u0131z\u0131n kar\u015f\u0131la\u015ft\u0131\u011f\u0131 g\u00f6\u00e7 hareketleri ile tan\u0131\u015fmas\u0131 son 10-15 y\u0131lda meydana gelenlerle s\u0131n\u0131rl\u0131 de\u011fildir. G\u00f6\u00e7 \u0130daresi verilerine g\u00f6re, devletimiz ve milletimizin her zaman mazlumlara kucak a\u00e7mas\u0131n\u0131n do\u011fal bir sonucu olarak, ge\u00e7mi\u015ften g\u00fcn\u00fcm\u00fcze kadar \u00fclkemize do\u011fru ya\u015fanan kitlesel ve zorunlu g\u00f6\u00e7 ak\u0131nlar\u0131yla (M\u00fcsl\u00fcman \u2013 Gayri M\u00fcslim kar\u0131\u015f\u0131k) gelenler; son 525 y\u0131lda 7.449.434 ki\u015fidir. Osmanl\u0131 Devleti, \u0130spanya\u2019da kapana k\u0131s\u0131lan Yahudileri dahi, gemilerle kendi co\u011frafyas\u0131na ta\u015f\u0131m\u0131\u015ft\u0131r. Bu toplam\u0131n 3.656.157\u2019i 2011-2017 aras\u0131nda Suriye\u2019lidir. T\u00fcrkiye d\u00fcnya \u00e7ap\u0131nda en \u00e7ok Suriyeli m\u00fclteci bar\u0131nd\u0131ran \u00fclke konumundad\u0131r.<\/p>\n<p style=\"text-align: justify;\">G\u00fcn\u00fcm\u00fczde t\u00fcm ac\u0131lar\u0131 ve boyutlar\u0131 ile \u015fahit oldu\u011fumuz, \u00fclkemizin a\u011f\u0131r bedeller \u00f6deyerek kar\u015f\u0131lamak zorunda kald\u0131\u011f\u0131 s\u0131\u011f\u0131nmac\u0131 ve g\u00f6\u00e7 krizlerinin derinlerdeki sebebine de\u011finmezsek, bu yaz\u0131 eksik kal\u0131r. Yani, \u201ch\u0131rs\u0131z\u0131n hi\u00e7 mi su\u00e7u yok?&#8221; diye sormak gerek.<\/p>\n<p style=\"text-align: justify;\">T\u00fcrklerin ya\u015fad\u0131\u011f\u0131 Orta Asya co\u011frafyas\u0131n\u0131n b\u00fcy\u00fck bir b\u00f6l\u00fcm\u00fcnde y\u00fczy\u0131llar \u00f6nce, olumsuz iklim ve arazi \u015fartlar\u0131n\u0131n etkisiyle, \u0130ran ve Anadolu\u2019ya ba\u015fta O\u011fuzlar olmak \u00fczere, di\u011fer T\u00fcrk boylar\u0131n\u0131n g\u00f6\u00e7 ak\u0131nlar\u0131 s\u00f6z konusu olmu\u015ftur. Ayr\u0131ca, bu g\u00f6\u00e7lerin bir ba\u015fka sebebinin, vah\u015fi Mo\u011fol \u2013 Man\u00e7ur kabilelerinin kitlesel katliamlar\u0131 oldu\u011funu da g\u00f6rmek gerekir. Yani, Anadolu\u2019daki biz T\u00fcrklerin atalar\u0131 da bir zamanlar g\u00f6\u00e7men oldular. <\/p>\n<p>16. y\u00fczy\u0131l ba\u015flar\u0131ndan itibaren S\u00f6m\u00fcrgecilik adeta kurumsalla\u015ft\u0131. 1895\u2019te, s\u00f6m\u00fcrgeci bat\u0131l\u0131 devletler bu \u00fclkeleri pay-i mal etmek \u00fczere resmen anla\u015fma yapt\u0131lar. \u00d6zellikle Afrika, Ortado\u011fu, G\u00fcney ve G. Do\u011fu Asya co\u011frafyalar\u0131ndaki insanlar\u0131n yer alt\u0131 ve \u00fcst\u00fc zenginliklerinin s\u00f6m\u00fcr\u00fclmesi, insanlar\u0131n k\u00f6le olarak sat\u0131lmas\u0131 ve bo\u011faz toklu\u011funa \u00e7al\u0131\u015ft\u0131r\u0131lmas\u0131, itaat etmeyenlerin katli ger\u00e7ekle\u015fti. Cezayir\u2019de \u00e7ok yak\u0131n ge\u00e7mi\u015fte 1,5 milyondan fazla insan s\u00f6m\u00fcrgelikten kurtulmak isteyen M\u00fcsl\u00fcman halk, Frans\u0131z Ordusu ve onun uydusu yerel dikta rejimleri taraf\u0131ndan \u00f6ld\u00fcr\u00fcld\u00fc. S\u00f6m\u00fcrgeci Emperyal devletlerin mazlumlar\u0131n kan\u0131n\u0131 emmesi, 20 ve 21. y\u00fczy\u0131llarda \u015fekil de\u011fi\u015ftirerek ve sinsi oyunlarla, entrikalarla devam etti. Afrika\u2019y\u0131 adeta parselleyerek k\u00fc\u00e7\u00fck k\u00fc\u00e7\u00fck onlarca devlet\u00e7iklere d\u00f6n\u00fc\u015ft\u00fcren s\u00f6m\u00fcrgeciler; buralarda 550-600 y\u0131l kadar adaletle h\u00fck\u00fcmferma olan, ancak s\u00f6m\u00fcrmeyen Osmanl\u0131 \u0130mparatorlu\u011fu\u2019nun \u00e7\u00f6k(ertil)mesi sonras\u0131nda, \u00f6nlerinde hi\u00e7bir engel olmad\u0131\u011f\u0131 i\u00e7in emperyalist ama\u00e7lar\u0131na ula\u015ft\u0131lar. 20. Y\u00fczy\u0131l ortalar\u0131nda iyice su y\u00fcz\u00fcne \u00e7\u0131kan isyanlarla ba\u015f edemeyip, bu \u00fclkelere s\u00f6zde ba\u011f\u0131ms\u0131zl\u0131k tan\u0131d\u0131lar. Ancak, s\u00f6m\u00fcrgelerden \u00e7\u0131karken, yerlerine ge\u00e7irdikleri yerel diktat\u00f6rler vas\u0131tas\u0131yla, bu \u00fclkeleri haraca kesmeye devam ettiler. Postkoloniyal y\u00f6ntemlerle, D\u00fcnya Bankas\u0131 ve Uluslar aras\u0131 Para Fonu gibi, y\u00f6neticilerini kendilerinin atad\u0131\u011f\u0131, \u00e7ok uluslu kurumlarla mali ve ekonomik boyunduruk alt\u0131nda tutmaya devam ettiler. \u00d6yle ki; Avrupa ve ABD gibi devletler, \u201cAfrika\u2019n\u0131n Kalk\u0131nmamas\u0131\u201d \u00fczerine bilimsel tezler haz\u0131rlat\u0131p, bunlar\u0131 tatbik ettiler. S\u00f6m\u00fcrge \u00fclkelerinin g\u00fc\u00e7l\u00fc ve k\u00f6kl\u00fc bir devletten yoksun olmalar\u0131, buralarda ya\u015fayan insanlar\u0131n g\u00fcven i\u00e7inde ya\u015famalar\u0131na ve refahlar\u0131n\u0131n geli\u015fmesine engel oldu. Sonu\u00e7ta, bu insanlar \u00e7areyi daha iyi durumdaki \u00fclkelere g\u00f6\u00e7 etmekte buldu.<\/p>\n<p style=\"text-align: justify;\">Var\u015fova Pakt\u0131n\u0131n \u00e7\u00f6kmesi ile, ABD\u2019nin ba\u015f\u0131n\u0131 \u00e7ekti\u011fi NATO \u00fclkeleri, 1990\u2019larda stratejik bir hedef de\u011fi\u015fikli\u011fi yapt\u0131lar. 70\u2019lerde planlar\u0131n\u0131 yapt\u0131klar\u0131 \u201cYeni D\u00fcnya D\u00fczeni\u201d doktrini gere\u011fince, NATO\u2019nun yeni hedefi art\u0131k \u0130slam \u00dclkeleri co\u011frafyas\u0131 idi. 1nci \u2013 2nci K\u00f6rfez Sava\u015flar\u0131 ile Irak\u2019a asker yerle\u015ftiren ABD, \u0130ngiltere ve Fransa medya \u00fczerinden \u00fcrettikleri \u201cDiktat\u00f6r Saddam\u201d s\u00f6ylemi ile, Saddam\u2019\u0131n Kuveyt\u2019i i\u015fgal et(tiril)mesi sonucunda, Basra K\u00f6rfezinde ham petrole bulanm\u0131\u015f ku\u015f resimleri gibi, sahte g\u00f6rsel ve yalanlarla, bu co\u011frafyalardaki mazlumlar\u0131n kan- ate\u015f ve g\u00f6zya\u015flar\u0131na sebep olacak ta\u015flar\u0131 d\u00f6\u015femi\u015flerdi. Maksatlar\u0131, Kuveyt\u2019in i\u015fgalinin bahanesi ile, b\u00f6lgenin petrol ve do\u011falgaz yataklar\u0131na \u00e7\u00f6kmek idi. Saddam\u2019\u0131n Kuzey Irak halk\u0131na kar\u015f\u0131 uygulad\u0131\u011f\u0131 sert muamele de onlar\u0131n ekme\u011fine ya\u011f s\u00fcrm\u00fc\u015ft\u00fc. Katliamdan kurtulmak isteyen halk\u0131n bir b\u00f6l\u00fcm\u00fc T\u00fcrkiye\u2019ye s\u0131\u011f\u0131nd\u0131. <br \/>Irak ve Suriye, T\u00fcrkiye\u2019nin g\u00fcvenli\u011fi a\u00e7\u0131s\u0131ndan iki \u00f6nemli fakt\u00f6r te\u015fkil eder:<br \/>\u2022 Bu iki \u00fclkenin kuzeyinde yerle\u015fik, Irak ve Suriye T\u00fcrkleri\u2019nin durumudur. Bunlar T\u00fcrk Milletinin bekas\u0131 ve Anadolu\u2019nun g\u00fcneyden g\u00fcvenli\u011fini sa\u011flamak \u00fczere, Osmanl\u0131 taraf\u0131ndan stratejik bir maksada matuf olarak bu topraklara yerle\u015ftirilmi\u015flerdir.<br \/>\u2022 Ayr\u0131ca, buralarda 90\u2019l\u0131 y\u0131llar\u0131n ba\u015f\u0131ndan itibaren emperyal bat\u0131 devletlerinin yard\u0131m\u0131 ve himayesi ile g\u00fc\u00e7lenen ter\u00f6r unsurlar\u0131, yakla\u015f\u0131k 40 y\u0131la yak\u0131nd\u0131r, PKK\/PYD\u2019nin b\u00f6l\u00fcc\u00fc ter\u00f6r faaliyetleri ile T\u00fcrkiye\u2019ye \u00e7ok zarar vermi\u015ftir. <br \/>15 Temmuz 2016 FET\u00d6 darbe giri\u015fiminden \u00e7\u0131kmas\u0131na ra\u011fmen ordumuz, i\u00e7erde ve d\u0131\u015farda izledi\u011fi proaktif politikalarla ter\u00f6r\u00fc kayna\u011f\u0131nda imha etme hususunda epey mesafe alm\u0131\u015ft\u0131r. Yani, mesele g\u00fcneyimizdeki devletlerin duru\u015fu, T\u00fcrkiye\u2019nin ulusal b\u00fct\u00fcnl\u00fc\u011f\u00fc ile do\u011frudan ilgilidir. Zira ter\u00f6r odaklar\u0131 1991\u2019den sonra Irak\u2019\u0131n ve Suriye\u2019nin kuzeyine yerle\u015fmi\u015ftir.<\/p>\n<p style=\"text-align: justify;\">ABD; 2001 \u0130kiz Kulelerin u\u00e7aklarla y\u0131k(t\u0131r\u0131l)mas\u0131n\u0131 (kumpas\u0131n\u0131) gerek\u00e7e g\u00f6stererek, 2003\u2019te Irak ve Afganistan\u2019\u0131 i\u015fgal etti. D\u00f6nemin ABD Ba\u015fkan\u0131 verdi\u011fi bir deme\u00e7te, a\u011fz\u0131ndan \u201c Bu bir Ha\u00e7l\u0131 Seferidir\u201d anlam\u0131nda bir c\u00fcmle ka\u00e7\u0131rd\u0131. Irak ve Afganistan i\u015fgalleri, \u201cYeni D\u00fcnya D\u00fczeni\u201d kavram\u0131; kurucular\u0131 taraf\u0131ndan \u201cenerji\u201d ve \u201csu\u201d gibi iki stratejik ihtiyac\u0131n gelece\u011fini, yani bu zenginlikleri ne yap\u0131p edip \u00e7al\u0131p &#8211; \u00e7\u0131rpmaya d\u00f6n\u00fck \u00e7abalar\u0131n su y\u00fcz\u00fcne \u00e7\u0131km\u0131\u015f halidir.<\/p>\n<p>Keza, son y\u0131llar\u0131n en b\u00fcy\u00fck g\u00f6\u00e7 kitlesine sebep olanlar, Suriye\u2019deki Sosyalist Baas Rejimi, \u0130ran ve Rusya ile ba\u015f\u0131n\u0131 ABD\u2019nin \u00e7ekti\u011fi bat\u0131l\u0131 Koalisyon devletleridir. Az\u0131nl\u0131ktaki \u015eii Nusayrilerin \u0130ran taraf\u0131ndan desteklenmesi ile, 2011\u2019de Suriye \u0130\u00e7 Sava\u015f\u0131 \u00e7\u0131km\u0131\u015f; Rusya\u2019n\u0131n 2015\u2019te bu \u00fclkede mevcut deniz \u00fcslerini takviye etmesi, yeni kara ve hava \u00fcsleri a\u00e7mak suretiyle Baas rejimine askeri destek vererek, bu \u00fclkede ya\u015fayan S\u00fcnni M\u00fcsl\u00fcman Arap ve K\u00fcrtlerin topraklar\u0131ndan s\u00fcr\u00fclmesine sebep olmu\u015flard\u0131r. <br \/>Ayr\u0131ca, ne hikmetse, g\u00f6r\u00fcn\u00fc\u015fte \u0130ran\u2019a her f\u0131rsatta meydan okuyan ABD ve \u0130srail, dostlar al\u0131\u015f veri\u015fte g\u00f6rs\u00fcn kabilinden, arada bir az hasarl\u0131 hava sald\u0131r\u0131lar\u0131 yapmakla yetinmekte, perde gerisinde \u0130ran ile adeta i\u015fbirli\u011fi yapmaktad\u0131r. \u0130ran\u2019\u0131n \u0130srail, \u0130ngiltere ve ABD unsurlar\u0131na hasmane bir davran\u0131\u015fta bulundu\u011funu tarih hi\u00e7 kaydetmemi\u015ftir. \u0130ran\u2019a, bu tav\u0131rlar\u0131na bakarak, bat\u0131l\u0131 devletlerin S\u00fcnni M\u00fcsl\u00fcmanlara ve hatta T\u00fcrkiye\u2019ye kar\u015f\u0131 \u00f6rt\u00fcl\u00fc bir m\u00fcttefiki bile denebilir.<\/p>\n<p style=\"text-align: justify;\">Suriye\u2019deki k\u00f6\u015fe kapma yar\u0131\u015f\u0131nda, ABD ve onun ak\u0131l hocas\u0131 \u0130ngiltere ikilisi, Rusya\u2019dan geri kal\u0131r m\u0131? D\u00fcnya bir g\u00fcn uyand\u0131\u011f\u0131nda, s\u00f6zde \u201cS\u00fcnni -Selefi ak\u0131ma sahip, a\u015f\u0131r\u0131 \u015fiddet yanl\u0131s\u0131 bir \u0130slam Devleti\u201d diye yutturulan ISIS (Irak ve \u015eam \u0130slam Devleti) (I\u015e\u0130D) \/ DAE\u015e\u2019in, masum insanlar\u0131n kafalar\u0131n\u0131n kesilerek veya kur\u015funa dizilerek katletti\u011fini deh\u015fetle g\u00f6rd\u00fc. Bat\u0131 Koalisyonu (ABD, \u0130ngiltere, Fransa, Kanada, ve di\u011ferleri) Kuzey Suriye ve Irak\u2019ta, \u201corta\u011f\u0131m\u0131z\u201d dedi\u011fi vekil g\u00fcc\u00fc PYD\/PKK\u2019ya verdi\u011fi \u201cTAZI\u201d rol\u00fcnde kovalayaca\u011f\u0131 \u201cTAV\u015eAN\u201d\u0131 yani (DAE\u015e\u2019i) icad etmi\u015fti. B\u00f6ylece, \u201cTav\u015fana Ka\u00e7 \u2013 Taz\u0131ya Tut!\u201d mottosuyla, birka\u00e7 y\u0131l i\u00e7inde, \u201cPYD\u2019nin DAE\u015e ile sava\u015f\u0131\u201d g\u00f6r\u00fcnt\u00fcs\u00fc alt\u0131nda, petrol sahalar\u0131 ba\u015fta olmak \u00fczere, Suriye\u2019nin 1\/3\u2019 \u00fcnden fazlas\u0131, Koalisyon Devletlerinin vekili PKK\/PYD Ter\u00f6r \u00d6rg\u00fct\u00fcn\u00fcn eline ge\u00e7mi\u015fti. \u0130ngiliz John\u2019lar, Danimarkal\u0131 Hansen\u2019ler, kafalar\u0131na kukuleta ge\u00e7irerek, en korkun\u00e7 \u0130slami Ter\u00f6rist rol\u00fc oynuyordu. Bu arada ter\u00f6r \u00f6rg\u00fct\u00fc militanlar\u0131, bat\u0131l\u0131 misyonerlerin a\u00e7t\u0131\u011f\u0131 kurslarda ve kiliselerde Hristiyan \u00f6\u011fretisine tabi tutuluyordu. B\u00f6ylece bat\u0131l\u0131 istihbarat \u00f6rg\u00fctleri, bir ta\u015fla birka\u00e7 ku\u015f vuruyor, hem \u0130slam dinini ter\u00f6rle \u00f6zde\u015fle\u015ftirerek, bat\u0131l\u0131 halklar nezdinde \u0130slam\u2019a kar\u015f\u0131 kinle dolduruyor ve di\u011fer taraftan da b\u00f6lgede ya\u015fayan M\u00fcsl\u00fcman halk\u0131 \u00f6l\u00fcm korkusuyla, ba\u011f\u0131n\u0131 \u2013 bah\u00e7esini, evini \u2013 bark\u0131n\u0131, ta\u015f\u0131n\u0131 \u2013 topra\u011f\u0131n\u0131 ter ederek yal\u0131n ayak &#8211; ba\u015f\u0131 kabak b\u00f6lgeden ka\u00e7mas\u0131n\u0131 sa\u011fl\u0131yordu. Bo\u015falan yerlere, PYD\/PKK kolayca gelip oturuyordu. PYD sayesinde \u00fczerine \u00e7\u00f6kt\u00fckleri petrol kuyular\u0131n\u0131 da bat\u0131l\u0131 ve Rus Petrol \u015firketleri bo\u015falt\u0131yordu.<\/p>\n<p style=\"text-align: justify;\">Bu DAE\u015e, nas\u0131l bir g\u00fc\u00e7t\u00fc ki, anl\u0131 \u2013 \u015fanl\u0131 bat\u0131l\u0131 koalisyonun (yani, d\u00fcnyan\u0131n en g\u00fc\u00e7l\u00fc devletlerinin) Hava Kuvvetlerince yap\u0131lan on binlerce bombard\u0131man sortisiyle y\u0131llarca bir t\u00fcrl\u00fc imha edilememi\u015fti (!). \u00c7\u00fcnk\u00fc, PYD\/PKK ve DAE\u015e i\u015fgalci bat\u0131n\u0131n, farkl\u0131 roller verilmi\u015f kullan\u0131\u015fl\u0131 birer ter\u00f6r aparat\u0131yd\u0131. \u201cTav\u015fan \u2013 Taz\u0131\u201d mottosunun, bu devletlerin menfaatlerinin devam\u0131 i\u00e7in ayakta kalmas\u0131 gerekiyordu. Buna Kar\u015f\u0131l\u0131k T\u00fcrk Silahl\u0131 Kuvvetleri (TSK) ve onun e\u011fitip &#8211; donatt\u0131\u011f\u0131 Suriye Milli Ordusu (SMO) nun 2016 A\u011fustos\u2019undan itibaren 6 ay kadar bir s\u00fcrede icra etti\u011fi F\u0131rat Kalkan\u0131 harekat\u0131yla, 3.000\u2019den fazla DAE\u015e ve PYD militan\u0131 tesirsiz hale getiriliyordu. B\u00fcy\u00fck ve g\u00fc\u00e7l\u00fc devletlerin, y\u0131llarca \u201cyenilemedi\u201d dedikleri DAE\u015e, t\u00fcnelleri \u00fcstlerine y\u0131k\u0131larak TSK taraf\u0131ndan yerle bir edilmi\u015f; bu \u00fclkelerin maskesi bir kere daha T\u00fcrkiye taraf\u0131ndan indirilmi\u015fti.<\/p>\n<p style=\"text-align: justify;\">2016 \u2013 2020 y\u0131llar\u0131 aras\u0131nda, TSK\u2019n\u0131n Suriye\u2019de ger\u00e7ekle\u015ftirdi\u011fi bir dizi harekatla, 911 km.lik Suriye hududu boyunca, g\u00fcneye do\u011fru 30-35 km.lik derinlikte, say\u0131lar\u0131 binlerle ifade edilen PYD\/PKK ve DAE\u015e ter\u00f6risti bertaraf ediliyordu. DAE\u015e unsurlar\u0131, PYD\u2019nin temin etti\u011fi kamyonlarla, d\u00fcnyan\u0131n ba\u015fka yerlerinde kullan\u0131lmak \u00fczere, aileleriyle birlikte (hapishanedekiler dahil) tahliye ediliyordu. Bundan anla\u015f\u0131lan ger\u00e7ek \u015fudur: PYD\/PKK ve DAE\u015e \u00f6rg\u00fctleri her ikisi de Bat\u0131l\u0131 Koalisyon g\u00fc\u00e7lerinin kullan\u0131\u015fl\u0131 bir ter\u00f6r aparat\u0131d\u0131r.<\/p>\n<p style=\"text-align: justify;\">Bu arada, Rus himayesine giren Suriye Rejimi ve Rus Hava kuvvetleri, termobarik (varil) bombalarla, Suriye\u2019nin S\u00fcnni \u00e7o\u011funluklu yerle\u015fim merkezlerini (Halep, Hama, Humus, \u0130dlip, vb.) yerle bir etmekten geri kalm\u0131yordu. Ba\u015fta Bay\u0131r Bucak T\u00fcrkmenleri ve di\u011fer M\u00fcsl\u00fcmanlardan kurtulabilenlerin T\u00fcrkiye\u2019ye, di\u011fer kom\u015fu \u00fclkelere ka\u00e7maya f\u0131rsat bulamam\u0131\u015f insanlar\u0131, \u0130ran destekli azg\u0131n \u015eii grup Ha\u015fdi \u015eabi milislerinin hedefi oldu. Bunlar kad\u0131n \u2013 \u00e7ocuk &#8211; ya\u015fl\u0131 demeden katlediyor, kocalar\u0131n\u0131n \u2013 babalar\u0131n\u0131n g\u00f6zleri \u00f6n\u00fcnde kad\u0131nlar\u0131n &#8211; k\u0131zlar\u0131n \u0131rz\u0131na ge\u00e7iyordu.<\/p>\n<p style=\"text-align: justify;\">S\u00f6z\u00fcn \u00f6z\u00fc; bu a\u011f\u0131r insanl\u0131k dram\u0131n\u0131n m\u00fcsebbibi, emperyalist bat\u0131l\u0131 devletler ile Rusya\u2019d\u0131r. Uygur T\u00fcrk\u00fc soyda\u015flar\u0131m\u0131z\u0131n Anadolu\u2019ya g\u00f6\u00e7\u00fcn\u00fcn sebebi de, s\u00f6zde Kom\u00fcnist ama ger\u00e7ekte \u201ckapitalist -materyalist\u201d \u00c7in zulm\u00fc ve i\u015fkencesidir.<\/p>\n<p style=\"text-align: justify;\">G\u00fcn\u00fcm\u00fczde, art\u0131k hemen her \u015fehrimizde Orta Asya ve Afrika men\u015fe\u2019li \u00e7ok uluslu insanlarla kar\u015f\u0131la\u015fmam\u0131z mukadder oldu. Bunlara son 8 ayda Ukrayna s\u0131\u011f\u0131nmac\u0131lar\u0131 da eklendi. \u00dclkemizde baz\u0131 muhalif siyasi partiler taraf\u0131ndan, bu insanl\u0131k dram\u0131na sebep olanlar\u0131n Bat\u0131l\u0131 Emperyal Devletler ile Rusya ve \u00c7in oldu\u011fu ger\u00e7e\u011fi g\u00f6rmezden gelinerek, bu \u00fclkelere kar\u015f\u0131 hi\u00e7bir tepki g\u00f6stermeden, g\u00f6\u00e7 hadiselerinin dolayl\u0131 sosyolojik ka\u00e7\u0131n\u0131lmaz olumsuzluklar\u0131 ka\u015f\u0131nmak suretiyle, iktidara kar\u015f\u0131 bir \u201c\u00e7\u0131banba\u015f\u0131\u201d arg\u00fcman\u0131 haline getirilmeye \u00e7al\u0131\u015f\u0131lmas\u0131, son derece yersiz ve temelsizdir.<\/p>\n<p style=\"text-align: justify;\">Hi\u00e7bir insan durup dururken do\u011fdu\u011fu \u2013 b\u00fcy\u00fcd\u00fc\u011f\u00fc \u2013 huzur ve refah i\u00e7inde ya\u015fad\u0131\u011f\u0131 vatan\u0131n\u0131 terk etmez. Sava\u015flar\u0131 \u00e7\u0131kararak bu g\u00f6\u00e7lere sebep olanlar, doymak bilmez ki\u015fisel h\u0131rslara sahip, Allah\u2019tan korkmayan emperyal devlet y\u00f6neticileri ve onlar\u0131 da kontrol eden, d\u00fcnyan\u0131n en zengini k\u00fcresel baron vasf\u0131ndaki ailelerdir.<\/p>\n<p style=\"text-align: justify;\">G\u00fcnlerce a\u00e7l\u0131k ve susuzluktan bitap d\u00fc\u015fm\u00fc\u015f, y\u0131k\u0131nt\u0131lar\u0131n tozu \u2013 topra\u011f\u0131 aras\u0131ndaki Suriye\u2019li bir \u00e7ocu\u011fun, \u201cSizi Allah\u2019a \u015eikayet edece\u011fim\u201d diye inim inim inlemesi kar\u015f\u0131l\u0131ks\u0131z kalmayacakt\u0131r. \u00c7in i\u015fkencesi alt\u0131nda mahvolan Uygur M\u00fcsl\u00fcmanlar\u0131n\u0131n feryad\u0131na; ba\u015fka beldelerde hayat\u0131n\u0131 s\u00fcrd\u00fcrmek isteyen lastik botlardaki zavall\u0131 g\u00f6\u00e7menlerin Yunan g\u00fcvenlik unsurlar\u0131 taraf\u0131ndan Akdeniz\u2019in so\u011fuk sular\u0131na \u2013 Meri\u00e7 Nehri\u2019nin derinliklerine bat\u0131r\u0131lmas\u0131na mutlak \u201cAdil\u201d olan, Allah (c.c.) cevap verecektir. Bunlar sebep oldu\u011fu, kan \u2013 g\u00f6zya\u015f\u0131 ve katliam &#8211; zul\u00fcmler nedeniyle, Cehennem\u2019in en derin \u00e7ukurunda ebediyen yanacaklard\u0131r. \u0130nsanl\u0131\u011f\u0131n tek tesellisi budur.<\/p>\n<p style=\"text-align: right;\">Ali CO\u015eAR \u2013 23.10.2022\u00a0\/\u0130STANBUL<\/p>\n","protected":false},"excerpt":{"rendered":"<p>Stratejik \u00f6nemi ve co\u011frafi konumu tarih boyunca&#46;&#46;&#46;<\/p>\n","protected":false},"author":2,"featured_media":6454,"comment_status":"open","ping_status":"open","sticky":false,"template":"","format":"standard","meta":{"_acf_changed":false,"footnotes":""},"categories":[323],"tags":[2213,2214,2215],"manset":[],"class_list":["post-6457","post","type-post","status-publish","format-standard","has-post-thumbnail","hentry","category-news","tag-gocmen","tag-multeci","tag-siginmaci"],"acf":[],"yoast_head":"<!-- This site is optimized with the Yoast SEO plugin v26.1 - https:\/\/yoast.com\/wordpress\/plugins\/seo\/ -->\n<title>Assam<\/title>\n<meta name=\"robots\" content=\"index, follow, max-snippet:-1, max-image-preview:large, max-video-preview:-1\" \/>\n<link rel=\"canonical\" href=\"https:\/\/assam.org.tr\/en\/gocmen-multeci%cc%87-siginmaci-en\/\" \/>\n<meta property=\"og:locale\" content=\"en_US\" \/>\n<meta property=\"og:type\" content=\"article\" \/>\n<meta property=\"og:title\" content=\"G\u00f6\u00e7men - M\u00fclteci - S\u0131\u011f\u0131nmac\u0131 - Assam\" \/>\n<meta property=\"og:description\" content=\"Stratejik \u00f6nemi ve co\u011frafi konumu tarih boyunca&#046;&#046;&#046;\" \/>\n<meta property=\"og:url\" content=\"https:\/\/assam.org.tr\/en\/gocmen-multeci%cc%87-siginmaci-en\/\" \/>\n<meta property=\"og:site_name\" content=\"Assam\" \/>\n<meta property=\"article:published_time\" content=\"2023-01-09T05:44:20+00:00\" \/>\n<meta property=\"og:image\" content=\"https:\/\/assam.org.tr\/downloads\/2023\/01\/4b767812663b80b340af87b3a2927015-scaled.jpg\" \/>\n\t<meta property=\"og:image:width\" content=\"2560\" \/>\n\t<meta property=\"og:image:height\" content=\"1440\" \/>\n\t<meta property=\"og:image:type\" content=\"image\/jpeg\" \/>\n<meta name=\"author\" content=\"Ali CO\u015eAR\" \/>\n<meta name=\"twitter:card\" content=\"summary_large_image\" \/>\n<meta name=\"twitter:label1\" content=\"Written by\" \/>\n\t<meta name=\"twitter:data1\" content=\"Ali CO\u015eAR\" \/>\n\t<meta name=\"twitter:label2\" content=\"Est. reading time\" \/>\n\t<meta name=\"twitter:data2\" content=\"13 minutes\" \/>\n<script type=\"application\/ld+json\" class=\"yoast-schema-graph\">{\"@context\":\"https:\/\/schema.org\",\"@graph\":[{\"@type\":\"WebPage\",\"@id\":\"https:\/\/assam.org.tr\/en\/gocmen-multeci%cc%87-siginmaci-en\/\",\"url\":\"https:\/\/assam.org.tr\/en\/gocmen-multeci%cc%87-siginmaci-en\/\",\"name\":\"G\u00f6\u00e7men - M\u00fclteci - S\u0131\u011f\u0131nmac\u0131 - Assam\",\"isPartOf\":{\"@id\":\"https:\/\/assam.org.tr\/en\/#website\"},\"primaryImageOfPage\":{\"@id\":\"https:\/\/assam.org.tr\/en\/gocmen-multeci%cc%87-siginmaci-en\/#primaryimage\"},\"image\":{\"@id\":\"https:\/\/assam.org.tr\/en\/gocmen-multeci%cc%87-siginmaci-en\/#primaryimage\"},\"thumbnailUrl\":\"https:\/\/assam.org.tr\/downloads\/2023\/01\/4b767812663b80b340af87b3a2927015-scaled.jpg\",\"datePublished\":\"2023-01-09T05:44:20+00:00\",\"author\":{\"@id\":\"https:\/\/assam.org.tr\/en\/#\/schema\/person\/fe65f8974f274d7f7e4ae8ecfe037683\"},\"breadcrumb\":{\"@id\":\"https:\/\/assam.org.tr\/en\/gocmen-multeci%cc%87-siginmaci-en\/#breadcrumb\"},\"inLanguage\":\"en-US\",\"potentialAction\":[{\"@type\":\"ReadAction\",\"target\":[\"https:\/\/assam.org.tr\/en\/gocmen-multeci%cc%87-siginmaci-en\/\"]}]},{\"@type\":\"ImageObject\",\"inLanguage\":\"en-US\",\"@id\":\"https:\/\/assam.org.tr\/en\/gocmen-multeci%cc%87-siginmaci-en\/#primaryimage\",\"url\":\"https:\/\/assam.org.tr\/downloads\/2023\/01\/4b767812663b80b340af87b3a2927015-scaled.jpg\",\"contentUrl\":\"https:\/\/assam.org.tr\/downloads\/2023\/01\/4b767812663b80b340af87b3a2927015-scaled.jpg\",\"width\":2560,\"height\":1440},{\"@type\":\"BreadcrumbList\",\"@id\":\"https:\/\/assam.org.tr\/en\/gocmen-multeci%cc%87-siginmaci-en\/#breadcrumb\",\"itemListElement\":[{\"@type\":\"ListItem\",\"position\":1,\"name\":\"Anasayfa\",\"item\":\"https:\/\/assam.org.tr\/en\/\"},{\"@type\":\"ListItem\",\"position\":2,\"name\":\"G\u00f6\u00e7men &#8211; M\u00fclteci &#8211; S\u0131\u011f\u0131nmac\u0131\"}]},{\"@type\":\"WebSite\",\"@id\":\"https:\/\/assam.org.tr\/en\/#website\",\"url\":\"https:\/\/assam.org.tr\/en\/\",\"name\":\"Assam\",\"description\":\"\",\"potentialAction\":[{\"@type\":\"SearchAction\",\"target\":{\"@type\":\"EntryPoint\",\"urlTemplate\":\"https:\/\/assam.org.tr\/en\/?s={search_term_string}\"},\"query-input\":{\"@type\":\"PropertyValueSpecification\",\"valueRequired\":true,\"valueName\":\"search_term_string\"}}],\"inLanguage\":\"en-US\"},{\"@type\":\"Person\",\"@id\":\"https:\/\/assam.org.tr\/en\/#\/schema\/person\/fe65f8974f274d7f7e4ae8ecfe037683\",\"name\":\"Ali CO\u015eAR\",\"image\":{\"@type\":\"ImageObject\",\"inLanguage\":\"en-US\",\"@id\":\"https:\/\/assam.org.tr\/en\/#\/schema\/person\/image\/\",\"url\":\"https:\/\/secure.gravatar.com\/avatar\/7b2472d76ca335328d07d13e4ea43758cdc062a981de04c8262e3c56530960a8?s=96&d=mm&r=g\",\"contentUrl\":\"https:\/\/secure.gravatar.com\/avatar\/7b2472d76ca335328d07d13e4ea43758cdc062a981de04c8262e3c56530960a8?s=96&d=mm&r=g\",\"caption\":\"Ali CO\u015eAR\"},\"url\":\"https:\/\/assam.org.tr\/en\/author\/mahzunmadalya\/\"}]}<\/script>\n<!-- \/ Yoast SEO plugin. -->","yoast_head_json":{"title":"Assam","robots":{"index":"index","follow":"follow","max-snippet":"max-snippet:-1","max-image-preview":"max-image-preview:large","max-video-preview":"max-video-preview:-1"},"canonical":"https:\/\/assam.org.tr\/en\/gocmen-multeci%cc%87-siginmaci-en\/","og_locale":"en_US","og_type":"article","og_title":"G\u00f6\u00e7men - M\u00fclteci - S\u0131\u011f\u0131nmac\u0131 - Assam","og_description":"Stratejik \u00f6nemi ve co\u011frafi konumu tarih boyunca&#46;&#46;&#46;","og_url":"https:\/\/assam.org.tr\/en\/gocmen-multeci%cc%87-siginmaci-en\/","og_site_name":"Assam","article_published_time":"2023-01-09T05:44:20+00:00","og_image":[{"width":2560,"height":1440,"url":"https:\/\/assam.org.tr\/downloads\/2023\/01\/4b767812663b80b340af87b3a2927015-scaled.jpg","type":"image\/jpeg"}],"author":"Ali CO\u015eAR","twitter_card":"summary_large_image","twitter_misc":{"Written by":"Ali CO\u015eAR","Est. reading time":"13 minutes"},"schema":{"@context":"https:\/\/schema.org","@graph":[{"@type":"WebPage","@id":"https:\/\/assam.org.tr\/en\/gocmen-multeci%cc%87-siginmaci-en\/","url":"https:\/\/assam.org.tr\/en\/gocmen-multeci%cc%87-siginmaci-en\/","name":"G\u00f6\u00e7men - M\u00fclteci - S\u0131\u011f\u0131nmac\u0131 - Assam","isPartOf":{"@id":"https:\/\/assam.org.tr\/en\/#website"},"primaryImageOfPage":{"@id":"https:\/\/assam.org.tr\/en\/gocmen-multeci%cc%87-siginmaci-en\/#primaryimage"},"image":{"@id":"https:\/\/assam.org.tr\/en\/gocmen-multeci%cc%87-siginmaci-en\/#primaryimage"},"thumbnailUrl":"https:\/\/assam.org.tr\/downloads\/2023\/01\/4b767812663b80b340af87b3a2927015-scaled.jpg","datePublished":"2023-01-09T05:44:20+00:00","author":{"@id":"https:\/\/assam.org.tr\/en\/#\/schema\/person\/fe65f8974f274d7f7e4ae8ecfe037683"},"breadcrumb":{"@id":"https:\/\/assam.org.tr\/en\/gocmen-multeci%cc%87-siginmaci-en\/#breadcrumb"},"inLanguage":"en-US","potentialAction":[{"@type":"ReadAction","target":["https:\/\/assam.org.tr\/en\/gocmen-multeci%cc%87-siginmaci-en\/"]}]},{"@type":"ImageObject","inLanguage":"en-US","@id":"https:\/\/assam.org.tr\/en\/gocmen-multeci%cc%87-siginmaci-en\/#primaryimage","url":"https:\/\/assam.org.tr\/downloads\/2023\/01\/4b767812663b80b340af87b3a2927015-scaled.jpg","contentUrl":"https:\/\/assam.org.tr\/downloads\/2023\/01\/4b767812663b80b340af87b3a2927015-scaled.jpg","width":2560,"height":1440},{"@type":"BreadcrumbList","@id":"https:\/\/assam.org.tr\/en\/gocmen-multeci%cc%87-siginmaci-en\/#breadcrumb","itemListElement":[{"@type":"ListItem","position":1,"name":"Anasayfa","item":"https:\/\/assam.org.tr\/en\/"},{"@type":"ListItem","position":2,"name":"G\u00f6\u00e7men &#8211; M\u00fclteci &#8211; S\u0131\u011f\u0131nmac\u0131"}]},{"@type":"WebSite","@id":"https:\/\/assam.org.tr\/en\/#website","url":"https:\/\/assam.org.tr\/en\/","name":"Assam","description":"","potentialAction":[{"@type":"SearchAction","target":{"@type":"EntryPoint","urlTemplate":"https:\/\/assam.org.tr\/en\/?s={search_term_string}"},"query-input":{"@type":"PropertyValueSpecification","valueRequired":true,"valueName":"search_term_string"}}],"inLanguage":"en-US"},{"@type":"Person","@id":"https:\/\/assam.org.tr\/en\/#\/schema\/person\/fe65f8974f274d7f7e4ae8ecfe037683","name":"Ali CO\u015eAR","image":{"@type":"ImageObject","inLanguage":"en-US","@id":"https:\/\/assam.org.tr\/en\/#\/schema\/person\/image\/","url":"https:\/\/secure.gravatar.com\/avatar\/7b2472d76ca335328d07d13e4ea43758cdc062a981de04c8262e3c56530960a8?s=96&d=mm&r=g","contentUrl":"https:\/\/secure.gravatar.com\/avatar\/7b2472d76ca335328d07d13e4ea43758cdc062a981de04c8262e3c56530960a8?s=96&d=mm&r=g","caption":"Ali CO\u015eAR"},"url":"https:\/\/assam.org.tr\/en\/author\/mahzunmadalya\/"}]}},"_links":{"self":[{"href":"https:\/\/assam.org.tr\/en\/wp-json\/wp\/v2\/posts\/6457","targetHints":{"allow":["GET"]}}],"collection":[{"href":"https:\/\/assam.org.tr\/en\/wp-json\/wp\/v2\/posts"}],"about":[{"href":"https:\/\/assam.org.tr\/en\/wp-json\/wp\/v2\/types\/post"}],"author":[{"embeddable":true,"href":"https:\/\/assam.org.tr\/en\/wp-json\/wp\/v2\/users\/2"}],"replies":[{"embeddable":true,"href":"https:\/\/assam.org.tr\/en\/wp-json\/wp\/v2\/comments?post=6457"}],"version-history":[{"count":0,"href":"https:\/\/assam.org.tr\/en\/wp-json\/wp\/v2\/posts\/6457\/revisions"}],"wp:featuredmedia":[{"embeddable":true,"href":"https:\/\/assam.org.tr\/en\/wp-json\/wp\/v2\/media\/6454"}],"wp:attachment":[{"href":"https:\/\/assam.org.tr\/en\/wp-json\/wp\/v2\/media?parent=6457"}],"wp:term":[{"taxonomy":"category","embeddable":true,"href":"https:\/\/assam.org.tr\/en\/wp-json\/wp\/v2\/categories?post=6457"},{"taxonomy":"post_tag","embeddable":true,"href":"https:\/\/assam.org.tr\/en\/wp-json\/wp\/v2\/tags?post=6457"},{"taxonomy":"manset","embeddable":true,"href":"https:\/\/assam.org.tr\/en\/wp-json\/wp\/v2\/manset?post=6457"}],"curies":[{"name":"wp","href":"https:\/\/api.w.org\/{rel}","templated":true}]}}