{"id":6700,"date":"2023-02-20T11:25:08","date_gmt":"2023-02-20T08:25:08","guid":{"rendered":"https:\/\/yeni.assam.org.tr\/index.php\/2023\/02\/20\/her-i%cc%87ki%cc%87-depremi%cc%87-de-bi%cc%87zzat-yasadim-devlet-neredeydi-en\/"},"modified":"2023-02-20T11:25:08","modified_gmt":"2023-02-20T08:25:08","slug":"her-i%cc%87ki%cc%87-depremi%cc%87-de-bi%cc%87zzat-yasadim-devlet-neredeydi-en","status":"publish","type":"post","link":"https:\/\/assam.org.tr\/en\/her-i%cc%87ki%cc%87-depremi%cc%87-de-bi%cc%87zzat-yasadim-devlet-neredeydi-en\/","title":{"rendered":"Her \u0130ki Depremi de Bizzat Ya\u015fad\u0131m &#8220;Devlet Neredeydi?!&#8221;"},"content":{"rendered":"<p><img loading=\"lazy\" decoding=\"async\" class=\" size-full wp-image-6697\" src=\"https:\/\/assam.org.tr\/wp-content\/uploads\/2023\/02\/2070868436762058083e108006e34b46-scaled.jpg\" alt=\"\" width=\"2560\" height=\"1440\" \/><\/p>\n<p style=\"text-align: justify;\">K\u0131ymetli dostlar\u0131m, i\u015fim icab\u0131, 3 \u015eubat 2023 gecesi Kayseri&#8217;den Gaziantep&#8217;e gitmi\u015ftim. 5 \u015eubat gecesi arabam y\u00fckleme rampas\u0131na \u00e7ekildi (kulland\u0131\u011f\u0131m araba MERCEDES AXOR 2529 kamyon), Kahramanmara\u015f&#8217;\u0131n malzemeleri y\u00fcklendi. 6 \u015eubat saat 04.17&#8217;de meydana gelen 7,7&#8217;lik ilk deprem esnas\u0131nda, ben arabada uyuyordum; \u015fiddetli sars\u0131nt\u0131 \u00fczerine uyand\u0131m. \u0130lk anda, arabaya \u00e7ok a\u011f\u0131r malzemelerin y\u00fcklenmekte oldu\u011funu ve ondan dolay\u0131 \u00e7ok sars\u0131ld\u0131\u011f\u0131n\u0131 zannettim, a\u015fa\u011f\u0131ya indim, bakt\u0131m ki bina i\u00e7inde benden ba\u015fka kimse yok. Bir m\u00fcddet sonra \u015fef geldi, deprem oldu\u011funu s\u00f6yledi.<\/p>\n<p style=\"text-align: justify;\">(Bulundu\u011fumuz yer, B\u00fcy\u00fckp\u0131nar \/ Sam mezras\u0131 mevkii 1. OSB, Gaziantep \u015fehir merkezine 15 Km kadar mesafede.)<\/p>\n<p><!--more--><\/p>\n<p>Saat 05.30&#8217;da (depremden 1 saat 10 dakika kadar sonra), Kahramanmara\u015f&#8217;a hareket ettim. Arabas\u0131 olan hemen herkes yola \u00e7\u0131km\u0131\u015ft\u0131, m\u00fcthi\u015f bir trafik yo\u011funlu\u011fu vard\u0131, hava so\u011fuk ve yollar da kaygan idi.<\/p>\n<p style=\"text-align: justify;\">Narl\u0131&#8217;daki \u00e7imento fabrikas\u0131n\u0131n \u00e7apraz\u0131ndaki otoyol kav\u015fa\u011f\u0131na kadar devam eden 10 Kilometrelik dik ve virajl\u0131 bir ini\u015f var; kontrol\u00fc kaybetmemek i\u00e7in 6. Vitese ald\u0131m (45 Km\/s s\u00fcrate tekab\u00fcl ediyor). \u00c7ok \u015f\u00fck\u00fcr ki, \u00f6yle yapm\u0131\u015f\u0131m &#8211; s\u00e2ir zamanlarda 8. vitesle inerdim &#8211; zira yolun sa\u011f\u0131nda ve solunda bulunan yar&#8217;lardan, kaya k\u00fctleleri d\u00fc\u015fm\u00fc\u015f, yola sa\u00e7\u0131lm\u0131\u015f.. Deprem sebebiyle panik halinde araba kullanan bir k\u0131s\u0131m insanlar, bu kayalara \u00e7arpm\u0131\u015flar ve yolda kalm\u0131\u015flard\u0131, onlar\u0131 g\u00f6rd\u00fcm.<\/p>\n<p style=\"text-align: justify;\">Narl\u0131&#8217;ya yakla\u015ft\u0131\u011f\u0131mda, jandarma-polis kontrol noktas\u0131na varmadan birka\u00e7 y\u00fcz metre berideki kav\u015fakta trafik ak\u0131\u015f\u0131 durdu. Yolun bir k\u0131sm\u0131nda yar\u0131lma, bir k\u0131sm\u0131nda t\u00fcmsekler olu\u015fmu\u015ftu. Polisimiz ve jandarmam\u0131z vazifelerinin ba\u015f\u0131nda idiler ve onlar\u0131n talimatlar\u0131 ile yolun uygun k\u0131s\u0131mlar\u0131ndan ge\u00e7meye muvaffak olduk.<\/p>\n<p style=\"text-align: justify;\">Narl\u0131&#8217;dan 10 Km kadar sonra, yoldaki yar\u0131lma \/ \u00e7\u00f6kme \/ t\u00fcmsekler artmaya ba\u015flad\u0131. O saatlerde hava hen\u00fcz ayd\u0131nlanmad\u0131\u011f\u0131 i\u00e7in, bir k\u0131s\u0131m insanlar\u0131m\u0131z bunlar\u0131 g\u00f6rememi\u015fler ve kaza yapm\u0131\u015flard\u0131. Burada da Karayollar\u0131 ekiplerimizi g\u00f6rd\u00fcm ve \u00e7al\u0131\u015fmalar\u0131na \u015f\u00e2hit oldum; saat 07.00 sular\u0131 idi.. Ve bu kadar erken saatte ve bu kadar yo\u011fun trafikte, trafik polislerimizin ve karayollar\u0131 ekiplerimizin, nas\u0131l b\u00fcy\u00fck bir gayret g\u00f6sterdiklerine de \u015f\u00e2hit oldum.<\/p>\n<p style=\"text-align: justify;\">Nih\u00e2yet saat 07.30&#8217;da, Kahramanmara\u015f&#8217;ta y\u00fck\u00fc bo\u015faltaca\u011f\u0131m kargo merkezine vas\u0131l oldum. Orada saat 13.00&#8217;e kadar bekledim, personel gelmeyince, geri d\u00f6nmeye karar verdim.<\/p>\n<p style=\"text-align: justify;\">Tam, tali yoldan ana yola \u00e7\u0131karken, bu sefer de 7,6&#8217;l\u0131k ikinci depreme yakaland\u0131m. Hen\u00fcz 5. viteste idim (30 Km s\u00fcrate tekab\u00fcl ediyor). Araba m\u00fcthi\u015f bir \u015fekilde yalpalamaya ba\u015flad\u0131 ; kaygan bir zemine rast geldi\u011fimi zannettim, yola bakt\u0131m, zemin kupkuru.. Sonra dedim ki &#8220;eyvah, bijon kestim, tekerler \u00e7\u0131k\u0131yor&#8221;; aynadan bakt\u0131m, tekerler yerli yerinde.. Bu arada \u00f6n\u00fcmdeki ara\u00e7lar durmaya ba\u015flad\u0131lar; az kald\u0131 iki tanesine \u00e7arpacakt\u0131m, \u00e7ok zor kurtard\u0131m. Ben de durdum, &#8220;imdat&#8221; dedi\u011fimiz kolu \u00e7ektim, arabay\u0131 sabitledim. Fakat araba \u00f6ne-arkaya, sa\u011fa-sola ve yukar\u0131-a\u015fa\u011f\u0131 \u00f6yle sars\u0131l\u0131yor ki, devrilece\u011fini d\u00fc\u015f\u00fcnmeye ba\u015flad\u0131m. Tabi\u00ee, a\u011fz\u0131m\u0131zdan &#8220;ALLAHUEKBER&#8221; zikrimizi de eksik etmiyoruz..<\/p>\n<p style=\"text-align: justify;\">Nih\u00e2yet arz sakinle\u015fti, Kahramanmara\u015f&#8217;\u0131n \u00fczerinden yeni bir toz bulutu y\u00fckseldi ; anlad\u0131m ki, ilk depremde a\u011f\u0131r hasar alan binalar, bu sefer tam y\u0131k\u0131ld\u0131lar..<\/p>\n<p style=\"text-align: justify;\">Evet, saat 13.24 idi ve ben Kahramanmara\u015f&#8217;ta hem AFAD, hem UMKE ve hem de Karayollar\u0131 ve Belediye ekiplerini g\u00f6rd\u00fcm; \u015f\u00e2hidim.<\/p>\n<p style=\"text-align: justify;\">D\u00f6n\u00fc\u015f yolumda hava ayd\u0131nl\u0131k oldu\u011fu i\u00e7in, g\u00fczerg\u00e2h\u0131m \u00fczerindeki binalar\u0131n \u00e7o\u011funun ayakta olduklar\u0131n\u0131 g\u00f6rd\u00fcm ve mutlu oldum. \u00c7\u00fcnk\u00fc bu derece b\u00fcy\u00fck ve \u00fcst \u00fcste gelen iki depremden sonra, \u015fehrin tamamen enkaza d\u00f6nmesi, kimseyi \u015fa\u015f\u0131rtmazd\u0131.. L\u00e2kin elhamd\u00fclill\u00e2h, netice o derece vahim olmad\u0131.<\/p>\n<p style=\"text-align: justify;\">Kahramanmara\u015f-Narl\u0131 ve Narl\u0131-\u00c7imento fabrikas\u0131 aras\u0131ndaki karayolunda, tam da fay hatt\u0131 \u00fczerindeki k\u0131s\u0131mlarda meydana gelen k\u0131r\u0131klar \/ yar\u0131klar \/ \u00e7\u00f6kmeler sebebiyle, oradan sabahki ge\u00e7i\u015fimden sonra kaza yapan ara\u00e7lar\u0131 da g\u00f6rd\u00fcm.<\/p>\n<p style=\"text-align: justify;\">Karayollar\u0131 ekiplerimiz, \u00c7imento fabrikas\u0131ndan sonraki k\u0131s\u0131mda, yola d\u00fc\u015fen b\u00fct\u00fcn kayalar\u0131 temizlemi\u015flerdi. Keza Gaziantep Belediyesi de, kendi hudutlar\u0131 i\u00e7inde icap eden temizleme ve tamirat i\u015flerini yap\u0131yorlard\u0131; buna da \u015f\u00e2hidim.<\/p>\n<p style=\"text-align: justify;\">K\u0131ymetli dostlar\u0131m, yaz\u0131 biraz uzun olunca, baz\u0131 insanlar\u0131m\u0131z \u00e7abuk yoruluyorlar, okumaktan imtina ediyorlar maalesef.. Onun i\u00e7in, bu mevzudaki fikirlerimi, kanaatlerimi ve na\u00e7izane teklif ve tavsiyelerimi, m\u00fcteakip k\u0131s\u0131mlarda arz edece\u011fim in\u015fallah. Bu ilk k\u0131s\u0131mda, bizzat ya\u015fad\u0131klar\u0131m\u0131 ve g\u00f6rd\u00fcklerimi arz ettim.<\/p>\n<p style=\"text-align: justify;\">Arz ettim ki, &#8220;Devlet neredeydi ?!&#8221; diyerek, asl\u0131nda H\u00fck\u00fcmetimize ve Cumhurba\u015fkan\u0131m\u0131z&#8217;a &#8220;\u00e7akmaya \u00e7al\u0131\u015fan&#8221; bir k\u0131s\u0131m haddini bilmezlere \/ art niyetlilere cevap olsun!<\/p>\n<p style=\"text-align: justify;\">Onlara &#8220;sahada&#8221; da en g\u00fczel cevaplar verildi ve veriliyor&#8230;, fakat onlar vicdan ve ad\u00e2let hislerini iptal ettikleri i\u00e7in, gene de yalan ve iftiralar\u0131na devam ediyorlar!<\/p>\n<p style=\"text-align: justify;\">\u00c7ok \u015f\u00fck\u00fcr ki, aziz Milletimiz hakikati g\u00f6r\u00fcyor ve onlar\u0131n yalanlar\u0131na ve iftiralar\u0131na itibar etmiyor, kaale alm\u0131yor..<\/p>\n<p style=\"text-align: justify;\">Bir sonraki k\u0131s\u0131mda &#8220;Devlet neredeydi ?!&#8221;yi biraz daha a\u00e7aca\u011f\u0131m in\u015fallah, k\u0131ymetli dostlar\u0131m. \u00c7\u00fcnk\u00fc bu sualin i\u00e7inde hem yalan ve iftira, hem d\u00f6rt d\u00f6rtl\u00fck cehalet (eskilerin g\u00fczel tabirleri ile &#8220;cehl-i m\u00fcrekkep&#8221;) ve hem de insanlar\u0131 tahrik ve k\u0131\u015fk\u0131rtma gibi &#8220;hainane y\u0131lan&#8217;l\u0131klar&#8221; var !<\/p>\n<p style=\"text-align: justify;\">Sel\u00e2m ve dua ile.<\/p>\n<p style=\"text-align: justify;\">Rasim Duman<\/p>\n<p style=\"text-align: justify;\">Emekli J. Ord. Astsubay<\/p>\n<p style=\"text-align: justify;\">18 \u015eubat 2023 &#8211; Kayseri<\/p>\n","protected":false},"excerpt":{"rendered":"<p>K\u0131ymetli dostlar\u0131m, i\u015fim icab\u0131, 3 \u015eubat 2023&#46;&#46;&#46;<\/p>\n","protected":false},"author":1,"featured_media":6697,"comment_status":"open","ping_status":"open","sticky":false,"template":"","format":"standard","meta":{"_acf_changed":false,"footnotes":""},"categories":[323],"tags":[2276,591,2275,2303,2304],"manset":[],"class_list":["post-6700","post","type-post","status-publish","format-standard","has-post-thumbnail","hentry","category-news","tag-deprem","tag-devlet","tag-kahramanmaras","tag-kahramanmaras-depremi","tag-yuzyilin-afeti"],"acf":[],"yoast_head":"<!-- This site is optimized with the Yoast SEO plugin v26.1 - https:\/\/yoast.com\/wordpress\/plugins\/seo\/ -->\n<title>Assam<\/title>\n<meta name=\"robots\" content=\"index, follow, max-snippet:-1, max-image-preview:large, max-video-preview:-1\" \/>\n<link rel=\"canonical\" href=\"https:\/\/assam.org.tr\/en\/her-i%cc%87ki%cc%87-depremi%cc%87-de-bi%cc%87zzat-yasadim-devlet-neredeydi-en\/\" \/>\n<meta property=\"og:locale\" content=\"en_US\" \/>\n<meta property=\"og:type\" content=\"article\" \/>\n<meta property=\"og:title\" content=\"Her \u0130ki Depremi de Bizzat Ya\u015fad\u0131m &quot;Devlet Neredeydi?!&quot; - Assam\" \/>\n<meta property=\"og:description\" content=\"K\u0131ymetli dostlar\u0131m, i\u015fim icab\u0131, 3 \u015eubat 2023&#046;&#046;&#046;\" \/>\n<meta property=\"og:url\" content=\"https:\/\/assam.org.tr\/en\/her-i%cc%87ki%cc%87-depremi%cc%87-de-bi%cc%87zzat-yasadim-devlet-neredeydi-en\/\" \/>\n<meta property=\"og:site_name\" content=\"Assam\" \/>\n<meta property=\"article:published_time\" content=\"2023-02-20T08:25:08+00:00\" \/>\n<meta property=\"og:image\" content=\"https:\/\/assam.org.tr\/downloads\/2023\/02\/2070868436762058083e108006e34b46-scaled.jpg\" \/>\n\t<meta property=\"og:image:width\" content=\"2560\" \/>\n\t<meta property=\"og:image:height\" content=\"1440\" \/>\n\t<meta property=\"og:image:type\" content=\"image\/jpeg\" \/>\n<meta name=\"author\" content=\"admin\" \/>\n<meta name=\"twitter:card\" content=\"summary_large_image\" \/>\n<meta name=\"twitter:label1\" content=\"Written by\" \/>\n\t<meta name=\"twitter:data1\" content=\"admin\" \/>\n\t<meta name=\"twitter:label2\" content=\"Est. reading time\" \/>\n\t<meta name=\"twitter:data2\" content=\"5 minutes\" \/>\n<script type=\"application\/ld+json\" class=\"yoast-schema-graph\">{\"@context\":\"https:\/\/schema.org\",\"@graph\":[{\"@type\":\"WebPage\",\"@id\":\"https:\/\/assam.org.tr\/en\/her-i%cc%87ki%cc%87-depremi%cc%87-de-bi%cc%87zzat-yasadim-devlet-neredeydi-en\/\",\"url\":\"https:\/\/assam.org.tr\/en\/her-i%cc%87ki%cc%87-depremi%cc%87-de-bi%cc%87zzat-yasadim-devlet-neredeydi-en\/\",\"name\":\"Her \u0130ki Depremi de Bizzat Ya\u015fad\u0131m \\\"Devlet Neredeydi?!\\\" - Assam\",\"isPartOf\":{\"@id\":\"https:\/\/assam.org.tr\/en\/#website\"},\"primaryImageOfPage\":{\"@id\":\"https:\/\/assam.org.tr\/en\/her-i%cc%87ki%cc%87-depremi%cc%87-de-bi%cc%87zzat-yasadim-devlet-neredeydi-en\/#primaryimage\"},\"image\":{\"@id\":\"https:\/\/assam.org.tr\/en\/her-i%cc%87ki%cc%87-depremi%cc%87-de-bi%cc%87zzat-yasadim-devlet-neredeydi-en\/#primaryimage\"},\"thumbnailUrl\":\"https:\/\/assam.org.tr\/downloads\/2023\/02\/2070868436762058083e108006e34b46-scaled.jpg\",\"datePublished\":\"2023-02-20T08:25:08+00:00\",\"author\":{\"@id\":\"https:\/\/assam.org.tr\/en\/#\/schema\/person\/3acfcd4778cdd610ce53e7926748b2ef\"},\"breadcrumb\":{\"@id\":\"https:\/\/assam.org.tr\/en\/her-i%cc%87ki%cc%87-depremi%cc%87-de-bi%cc%87zzat-yasadim-devlet-neredeydi-en\/#breadcrumb\"},\"inLanguage\":\"en-US\",\"potentialAction\":[{\"@type\":\"ReadAction\",\"target\":[\"https:\/\/assam.org.tr\/en\/her-i%cc%87ki%cc%87-depremi%cc%87-de-bi%cc%87zzat-yasadim-devlet-neredeydi-en\/\"]}]},{\"@type\":\"ImageObject\",\"inLanguage\":\"en-US\",\"@id\":\"https:\/\/assam.org.tr\/en\/her-i%cc%87ki%cc%87-depremi%cc%87-de-bi%cc%87zzat-yasadim-devlet-neredeydi-en\/#primaryimage\",\"url\":\"https:\/\/assam.org.tr\/downloads\/2023\/02\/2070868436762058083e108006e34b46-scaled.jpg\",\"contentUrl\":\"https:\/\/assam.org.tr\/downloads\/2023\/02\/2070868436762058083e108006e34b46-scaled.jpg\",\"width\":2560,\"height\":1440},{\"@type\":\"BreadcrumbList\",\"@id\":\"https:\/\/assam.org.tr\/en\/her-i%cc%87ki%cc%87-depremi%cc%87-de-bi%cc%87zzat-yasadim-devlet-neredeydi-en\/#breadcrumb\",\"itemListElement\":[{\"@type\":\"ListItem\",\"position\":1,\"name\":\"Anasayfa\",\"item\":\"https:\/\/assam.org.tr\/en\/\"},{\"@type\":\"ListItem\",\"position\":2,\"name\":\"Her \u0130ki Depremi de Bizzat Ya\u015fad\u0131m &#8220;Devlet Neredeydi?!&#8221;\"}]},{\"@type\":\"WebSite\",\"@id\":\"https:\/\/assam.org.tr\/en\/#website\",\"url\":\"https:\/\/assam.org.tr\/en\/\",\"name\":\"Assam\",\"description\":\"\",\"potentialAction\":[{\"@type\":\"SearchAction\",\"target\":{\"@type\":\"EntryPoint\",\"urlTemplate\":\"https:\/\/assam.org.tr\/en\/?s={search_term_string}\"},\"query-input\":{\"@type\":\"PropertyValueSpecification\",\"valueRequired\":true,\"valueName\":\"search_term_string\"}}],\"inLanguage\":\"en-US\"},{\"@type\":\"Person\",\"@id\":\"https:\/\/assam.org.tr\/en\/#\/schema\/person\/3acfcd4778cdd610ce53e7926748b2ef\",\"name\":\"admin\",\"image\":{\"@type\":\"ImageObject\",\"inLanguage\":\"en-US\",\"@id\":\"https:\/\/assam.org.tr\/en\/#\/schema\/person\/image\/\",\"url\":\"https:\/\/secure.gravatar.com\/avatar\/b64b9f9a11c3402664510c42229973ea79f05e8f86997d5123fb1c02cf533ea4?s=96&d=mm&r=g\",\"contentUrl\":\"https:\/\/secure.gravatar.com\/avatar\/b64b9f9a11c3402664510c42229973ea79f05e8f86997d5123fb1c02cf533ea4?s=96&d=mm&r=g\",\"caption\":\"admin\"},\"sameAs\":[\"https:\/\/yeni.assam.org.tr\"],\"url\":\"https:\/\/assam.org.tr\/en\/author\/admin\/\"}]}<\/script>\n<!-- \/ Yoast SEO plugin. -->","yoast_head_json":{"title":"Assam","robots":{"index":"index","follow":"follow","max-snippet":"max-snippet:-1","max-image-preview":"max-image-preview:large","max-video-preview":"max-video-preview:-1"},"canonical":"https:\/\/assam.org.tr\/en\/her-i%cc%87ki%cc%87-depremi%cc%87-de-bi%cc%87zzat-yasadim-devlet-neredeydi-en\/","og_locale":"en_US","og_type":"article","og_title":"Her \u0130ki Depremi de Bizzat Ya\u015fad\u0131m \"Devlet Neredeydi?!\" - Assam","og_description":"K\u0131ymetli dostlar\u0131m, i\u015fim icab\u0131, 3 \u015eubat 2023&#46;&#46;&#46;","og_url":"https:\/\/assam.org.tr\/en\/her-i%cc%87ki%cc%87-depremi%cc%87-de-bi%cc%87zzat-yasadim-devlet-neredeydi-en\/","og_site_name":"Assam","article_published_time":"2023-02-20T08:25:08+00:00","og_image":[{"width":2560,"height":1440,"url":"https:\/\/assam.org.tr\/downloads\/2023\/02\/2070868436762058083e108006e34b46-scaled.jpg","type":"image\/jpeg"}],"author":"admin","twitter_card":"summary_large_image","twitter_misc":{"Written by":"admin","Est. reading time":"5 minutes"},"schema":{"@context":"https:\/\/schema.org","@graph":[{"@type":"WebPage","@id":"https:\/\/assam.org.tr\/en\/her-i%cc%87ki%cc%87-depremi%cc%87-de-bi%cc%87zzat-yasadim-devlet-neredeydi-en\/","url":"https:\/\/assam.org.tr\/en\/her-i%cc%87ki%cc%87-depremi%cc%87-de-bi%cc%87zzat-yasadim-devlet-neredeydi-en\/","name":"Her \u0130ki Depremi de Bizzat Ya\u015fad\u0131m \"Devlet Neredeydi?!\" - Assam","isPartOf":{"@id":"https:\/\/assam.org.tr\/en\/#website"},"primaryImageOfPage":{"@id":"https:\/\/assam.org.tr\/en\/her-i%cc%87ki%cc%87-depremi%cc%87-de-bi%cc%87zzat-yasadim-devlet-neredeydi-en\/#primaryimage"},"image":{"@id":"https:\/\/assam.org.tr\/en\/her-i%cc%87ki%cc%87-depremi%cc%87-de-bi%cc%87zzat-yasadim-devlet-neredeydi-en\/#primaryimage"},"thumbnailUrl":"https:\/\/assam.org.tr\/downloads\/2023\/02\/2070868436762058083e108006e34b46-scaled.jpg","datePublished":"2023-02-20T08:25:08+00:00","author":{"@id":"https:\/\/assam.org.tr\/en\/#\/schema\/person\/3acfcd4778cdd610ce53e7926748b2ef"},"breadcrumb":{"@id":"https:\/\/assam.org.tr\/en\/her-i%cc%87ki%cc%87-depremi%cc%87-de-bi%cc%87zzat-yasadim-devlet-neredeydi-en\/#breadcrumb"},"inLanguage":"en-US","potentialAction":[{"@type":"ReadAction","target":["https:\/\/assam.org.tr\/en\/her-i%cc%87ki%cc%87-depremi%cc%87-de-bi%cc%87zzat-yasadim-devlet-neredeydi-en\/"]}]},{"@type":"ImageObject","inLanguage":"en-US","@id":"https:\/\/assam.org.tr\/en\/her-i%cc%87ki%cc%87-depremi%cc%87-de-bi%cc%87zzat-yasadim-devlet-neredeydi-en\/#primaryimage","url":"https:\/\/assam.org.tr\/downloads\/2023\/02\/2070868436762058083e108006e34b46-scaled.jpg","contentUrl":"https:\/\/assam.org.tr\/downloads\/2023\/02\/2070868436762058083e108006e34b46-scaled.jpg","width":2560,"height":1440},{"@type":"BreadcrumbList","@id":"https:\/\/assam.org.tr\/en\/her-i%cc%87ki%cc%87-depremi%cc%87-de-bi%cc%87zzat-yasadim-devlet-neredeydi-en\/#breadcrumb","itemListElement":[{"@type":"ListItem","position":1,"name":"Anasayfa","item":"https:\/\/assam.org.tr\/en\/"},{"@type":"ListItem","position":2,"name":"Her \u0130ki Depremi de Bizzat Ya\u015fad\u0131m &#8220;Devlet Neredeydi?!&#8221;"}]},{"@type":"WebSite","@id":"https:\/\/assam.org.tr\/en\/#website","url":"https:\/\/assam.org.tr\/en\/","name":"Assam","description":"","potentialAction":[{"@type":"SearchAction","target":{"@type":"EntryPoint","urlTemplate":"https:\/\/assam.org.tr\/en\/?s={search_term_string}"},"query-input":{"@type":"PropertyValueSpecification","valueRequired":true,"valueName":"search_term_string"}}],"inLanguage":"en-US"},{"@type":"Person","@id":"https:\/\/assam.org.tr\/en\/#\/schema\/person\/3acfcd4778cdd610ce53e7926748b2ef","name":"admin","image":{"@type":"ImageObject","inLanguage":"en-US","@id":"https:\/\/assam.org.tr\/en\/#\/schema\/person\/image\/","url":"https:\/\/secure.gravatar.com\/avatar\/b64b9f9a11c3402664510c42229973ea79f05e8f86997d5123fb1c02cf533ea4?s=96&d=mm&r=g","contentUrl":"https:\/\/secure.gravatar.com\/avatar\/b64b9f9a11c3402664510c42229973ea79f05e8f86997d5123fb1c02cf533ea4?s=96&d=mm&r=g","caption":"admin"},"sameAs":["https:\/\/yeni.assam.org.tr"],"url":"https:\/\/assam.org.tr\/en\/author\/admin\/"}]}},"_links":{"self":[{"href":"https:\/\/assam.org.tr\/en\/wp-json\/wp\/v2\/posts\/6700","targetHints":{"allow":["GET"]}}],"collection":[{"href":"https:\/\/assam.org.tr\/en\/wp-json\/wp\/v2\/posts"}],"about":[{"href":"https:\/\/assam.org.tr\/en\/wp-json\/wp\/v2\/types\/post"}],"author":[{"embeddable":true,"href":"https:\/\/assam.org.tr\/en\/wp-json\/wp\/v2\/users\/1"}],"replies":[{"embeddable":true,"href":"https:\/\/assam.org.tr\/en\/wp-json\/wp\/v2\/comments?post=6700"}],"version-history":[{"count":0,"href":"https:\/\/assam.org.tr\/en\/wp-json\/wp\/v2\/posts\/6700\/revisions"}],"wp:featuredmedia":[{"embeddable":true,"href":"https:\/\/assam.org.tr\/en\/wp-json\/wp\/v2\/media\/6697"}],"wp:attachment":[{"href":"https:\/\/assam.org.tr\/en\/wp-json\/wp\/v2\/media?parent=6700"}],"wp:term":[{"taxonomy":"category","embeddable":true,"href":"https:\/\/assam.org.tr\/en\/wp-json\/wp\/v2\/categories?post=6700"},{"taxonomy":"post_tag","embeddable":true,"href":"https:\/\/assam.org.tr\/en\/wp-json\/wp\/v2\/tags?post=6700"},{"taxonomy":"manset","embeddable":true,"href":"https:\/\/assam.org.tr\/en\/wp-json\/wp\/v2\/manset?post=6700"}],"curies":[{"name":"wp","href":"https:\/\/api.w.org\/{rel}","templated":true}]}}