{"id":6778,"date":"2023-03-15T09:31:59","date_gmt":"2023-03-15T06:31:59","guid":{"rendered":"https:\/\/yeni.assam.org.tr\/index.php\/2023\/03\/15\/depremin-siddeti-ve-ayni-gun-iki-buyuk-deprem-olagan-disi-neler-olabilir-en\/"},"modified":"2023-03-15T09:31:59","modified_gmt":"2023-03-15T06:31:59","slug":"depremin-siddeti-ve-ayni-gun-iki-buyuk-deprem-olagan-disi-neler-olabilir-en","status":"publish","type":"post","link":"https:\/\/assam.org.tr\/en\/depremin-siddeti-ve-ayni-gun-iki-buyuk-deprem-olagan-disi-neler-olabilir-en\/","title":{"rendered":"Deprem\u2019in \u015eiddeti ve Ayn\u0131 G\u00fcn \u0130ki B\u00fcy\u00fck Deprem!  Ola\u011fan D\u0131\u015f\u0131 Neler Olabilir!"},"content":{"rendered":"<p><img loading=\"lazy\" decoding=\"async\" class=\" size-full wp-image-6775\" src=\"https:\/\/assam.org.tr\/wp-content\/uploads\/2023\/03\/ab62275605c41a191b9e46f582304ada-scaled.jpg\" alt=\"\" width=\"2560\" height=\"1440\" \/><\/p>\n<p style=\"text-align: justify;\">Adaleti Savunanlar Stratejik Ara\u015ft\u0131rmalar Merkezi (<strong>ASSAM<\/strong>) Gen\u00e7ler Komisyonu B\u015fk. ve Ba\u015fkan Yard\u0131mc\u0131s\u0131 <strong>Zehra Akya\u011f<\/strong>, 6 \u015eubat 2023 tarihli Kahramanmara\u015f merkezli ve 10 ilde 13,5 milyon insan\u0131n\u0131 etkileyen depremin merkez \u00fcss\u00fc Kahramanmara\u015f ve Gaziantep Nurda\u011f b\u00f6lgelerine yapt\u0131\u011f\u0131 yard\u0131m ve destek ziyaretleri sonras\u0131 dikkat \u00e7eken tespitlerde bulundu.<\/p>\n<p style=\"text-align: justify;\">Akya\u011f, gezdi\u011fi b\u00f6lgelerde g\u00f6rd\u00fc\u011f\u00fc manzaralar kar\u015f\u0131s\u0131nda <strong>B\u00dcY\u00dcK AFET<\/strong> s\u00f6zc\u00fc\u011f\u00fcn\u00fc kurmak yetersiz kal\u0131r ifadelerini kulland\u0131. Beraberindeki b\u00f6lge insanlar\u0131yla zaman zaman canl\u0131 yay\u0131nlar da yapan Akya\u011f, felaketin manzaras\u0131n\u0131 ve insanlar\u0131n ihtiya\u00e7lar\u0131n\u0131 kamuoyu ve ilgili kurumlarla payla\u015f\u0131rken \u00fcz\u00fcnt\u00fc ve \u015fa\u015fk\u0131nl\u0131\u011f\u0131n\u0131 da gizleyemedi.<\/p>\n<p><!--more--><\/p>\n<p style=\"text-align: justify;\">B\u00f6lge halk\u0131, Devletin t\u00fcm kurumlar\u0131 ile birlikte yabanc\u0131 ve \u00f6zel arama kurtarma ekiplerinin canh\u0131ra\u015f \u015fekilde uykusuz \u00e7al\u0131\u015fmalar\u0131na, T\u00fcrkiye ve yabanc\u0131 \u00fclkelerden gelen yard\u0131mlara, insanlar\u0131n seferberlik ruhu ile kendilerine yard\u0131m etmek i\u00e7in adeta yar\u0131\u015f halinde olmalar\u0131na m\u00fcte\u015fekkirler.<\/p>\n<p style=\"text-align: justify;\">Gaziantep Nurda\u011f izlenimlerini payla\u015fan Akya\u011f, \u201cNurda\u011f tamamen y\u0131k\u0131lm\u0131\u015f, g\u00f6r\u00fc\u015ft\u00fc\u011f\u00fcm\u00fcz bir aileden en az be\u015f y\u00fcz ki\u015fi vefat etmi\u015f, sa\u011flam bina kalmam\u0131\u015f. Ayaktaki binalar\u0131n tamam\u0131 da hasarl\u0131 ve onlar\u0131n da y\u0131k\u0131lmas\u0131 gerekiyor.\u00a0 Devlet burada ama t\u00fcm D\u00fcnya\u2019n\u0131n kurtarma ekibi burada olsa yine de enkaz\u0131 k\u0131sa zamanda kald\u0131rmak m\u00fcmk\u00fcn g\u00f6r\u00fcnm\u00fcyor.\u201d \u0130fadelerini kulland\u0131.<\/p>\n<p style=\"text-align: justify;\">Daha sonra Kahramanmara\u015f\u2019a ge\u00e7en Akya\u011f, \u201cBurada halen art\u00e7\u0131 depremler devam ediyor, binalar da\u011f\u0131n yamac\u0131nda ve kayal\u0131k zeminlerde olmas\u0131na ra\u011fmen \u015fehir merkezi y\u0131k\u0131lm\u0131\u015f, ayakta olan binalardan kurtulanlar olmu\u015ftur ve Devlet t\u00fcm unsurlar\u0131yla burada olsa da enkaz o kadar b\u00fcy\u00fck ki enkaz\u0131 kald\u0131rma \u00e7al\u0131\u015fmalar\u0131 burada da zaman alabilir, her yer yard\u0131mlarla dolu ve art\u0131k yard\u0131m gelmesi diyorlar\u201d dedi.<\/p>\n<p style=\"text-align: justify;\">Akya\u011f, Gaziantep merkezde \u00e7ok b\u00fcy\u00fck hasar g\u00f6r\u00fclmedi\u011fini ancak insanlar\u0131n geneli deprem korkusu ile sa\u011flam evlerine bile girmeden geceleri sokakta yatt\u0131\u011f\u0131n\u0131, \u0130lim Yayma Vakf\u0131, AFAD ve di\u011fer yard\u0131m kurulu\u015flar\u0131n\u0131n Gaziantep halk\u0131n\u0131n ihtiya\u00e7lar\u0131n\u0131 kar\u015f\u0131lamaya \u00e7al\u0131\u015ft\u0131klar\u0131n\u0131, \u0130lim Yayma Vakf\u0131&#8217;nca 50 bin ki\u015fiye \u00e7e\u015fitli hayat malzemeleri da\u011f\u0131t\u0131ld\u0131\u011f\u0131n\u0131, her g\u00fcn sabah \u00f6\u011flen ak\u015fam olmak \u00fczere \u00fc\u00e7 bin ki\u015fiye de yemek vermekte olduklar\u0131n\u0131 aktard\u0131.<\/p>\n<p style=\"text-align: justify;\">ASSAM yetkilileri Elbistan\u2019\u0131n merkezine, k\u00f6y ve kasabalar\u0131na i\u00e7inde g\u0131da maddesi, battaniye, bere, eldiven ve \u0131s\u0131nmada kullan\u0131lacak t\u00fcpl\u00fc sobalar\u0131n oldu\u011fu yard\u0131m kolilerini g\u00f6t\u00fcrd\u00fcler. Yetkililer tarif edemeyecekleri b\u00fcy\u00fckl\u00fckte bir afete ve geride b\u0131rakt\u0131klar\u0131 ac\u0131 dramlara \u015fahit olman\u0131n a\u011f\u0131r y\u00fck\u00fcn\u00fc \u00fczerlerinde hissettiklerini ifade ettiler.<\/p>\n<p style=\"text-align: justify;\"><strong>B\u00f6lgedeki T\u00fcm G\u00f6revliler ve G\u00f6n\u00fcll\u00fcler Canh\u0131ra\u015f \u00c7al\u0131\u015f\u0131yorlar <\/strong><\/p>\n<p style=\"text-align: justify;\">B\u00f6lgede emniyet h\u00e2kim durumda, asayi\u015f \u00fcst seviyede, AFAD\u2019\u0131n, Jandarma\u2019n\u0131n, Belediyelerin, yabanc\u0131 arama-kurtarma ekiplerinin \u00e7al\u0131\u015fmalar\u0131 tam bir koordinasyon b\u00fct\u00fcnl\u00fc\u011f\u00fc i\u00e7erisinde sorunsuz ve aral\u0131ks\u0131z ilerliyor.<\/p>\n<p style=\"text-align: justify;\">B\u00f6lgede, 249.000 personel, 12.235 ara\u00e7, 334 mobil mutfak, 227,762 \u00e7ad\u0131r, 48,271 konteyner, 2.607,390 battaniye, 76 U\u00e7ak, 170 helikopter, 206.605 psikososyal destek ekibi, 86 ikram arac\u0131, 33 mobil f\u0131r\u0131n yer almaktad\u0131r.\u00a0 K\u0131z\u0131lay b\u00f6lgede g\u00fcnl\u00fck 400 bin ki\u015fiye yemek da\u011f\u0131t\u0131yor. Ayr\u0131ca g\u00fcnl\u00fck 500 \u00e7ad\u0131r \u00fcretip AFAD\u2019a g\u00f6nderiyor.<\/p>\n<p style=\"text-align: justify;\">Rakamlardan da anla\u015f\u0131laca\u011f\u0131 gibi darbeye te\u015febb\u00fcs iddialar\u0131yla 2010 y\u0131l\u0131nda y\u00fcr\u00fcrl\u00fckten kald\u0131r\u0131lan EMASYA protokol\u00fcnden sonra yerine ihdas edilen emniyet-asayi\u015f, arama-kurtarma faaliyetlerinin daha etkin y\u00fcr\u00fct\u00fcld\u00fc\u011f\u00fc, kadrolar\u0131n uzmanla\u015ft\u0131\u011f\u0131 ve daha ehil olduklar\u0131 g\u00f6zlemlenmektedir.<\/p>\n<p style=\"text-align: justify;\">Deprem sonras\u0131 geleneksek ve sosyal medya mecralar\u0131nda s\u0131k s\u0131k yer alan baz\u0131 \u015fahsiyetler protokol\u00fcn iptal gerek\u00e7elerini bildikleri halde EMASYA\u2019y\u0131 tekrar g\u00fcndeme getirmeleri iyi niyetten yoksundur. \u00a0<\/p>\n<p style=\"text-align: justify;\">Kald\u0131 ki T\u00fcrk Silahl\u0131 Kuvvetleri 26 bin 211 personeliyle sahada, deprem d\u0131\u015f\u0131nda da birlik ve kararg\u00e2hlarla 24 saat g\u00f6revini s\u00fcrd\u00fcrmektedir. 54 tabur ve 29 do\u011fal afet arama-kurtarma timi sahada g\u00f6rev yapmaktad\u0131r.\u00a0TSK taraf\u0131ndan \u015fu ana kadar 841 sorti icra edilmi\u015f olup, 63 u\u00e7ak g\u00f6rev yapmaktad\u0131r.<\/p>\n<p style=\"text-align: justify;\">Hali haz\u0131rda zaten sahada \u00f6nemli g\u00f6revler \u00fcstlenmi\u015f TSK\u2019yi y\u0131pratanlar\u0131 k\u0131n\u0131yoruz. EMASYA\u2019n\u0131n 1999 depreminde etkin kullan\u0131lmad\u0131\u011f\u0131n\u0131 \u00e7ok iyi bilen insanlar\u0131n dahi bu konuyu a\u00e7malar\u0131n\u0131, y\u00fcr\u00fcrl\u00fckte olmayan bir yasan\u0131n planl\u0131 dezenformasyonuyla su\u00e7 i\u015fliyor\u00a0\u00a0 olmalar\u0131n\u0131 ve \u00e7ok yak\u0131n tarihleri dahil hat\u0131rlamamakta \u0131srarc\u0131 olmalar\u0131n\u0131 \u015fa\u015fk\u0131nl\u0131kla kar\u015f\u0131l\u0131yoruz.<\/p>\n<p style=\"text-align: justify;\"><strong>\u0130nsanlar \u00dcz\u00fcnt\u00fclerini Ya\u015farken Felaketin Olu\u015f \u015eeklini de Sorguluyorlar<\/strong><\/p>\n<p style=\"text-align: justify;\">Baz\u0131 sosyal medya platformlar\u0131nda yay\u0131nlan\u0131p g\u00fcndeme geldi\u011fi gibi b\u00f6lge insanlar\u0131n\u0131n da depremin olu\u015f bi\u00e7imleri hakk\u0131nda d\u0131\u015far\u0131dan m\u00fcdahale olup olmad\u0131\u011f\u0131 gibi konularda ku\u015fkular\u0131 ve \u015f\u00fcpheleri var.\u00a0 B\u00f6lge insanlar\u0131n\u0131n ve t\u00fcm vatanda\u015flar\u0131m\u0131z\u0131n ilgili, yetkili, uzman kurum ve kurulu\u015flar\u0131n kollektif \u00e7al\u0131\u015ftaylar\u0131yla detayl\u0131 ayd\u0131nlat\u0131lmas\u0131 faydal\u0131 olur.<\/p>\n<p style=\"text-align: justify;\"><strong>Ayn\u0131 G\u00fcn 7,7 ve 7,6 \u015eiddetinde \u0130ki Deprem Ola\u011fan De\u011filse Nedir?<\/strong><\/p>\n<p style=\"text-align: justify;\">Ayn\u0131 g\u00fcn birbirinden ba\u011f\u0131ms\u0131z iki b\u00fcy\u00fck depremin ya\u015fanmas\u0131, bunun uzmanlar taraf\u0131ndan da bu b\u00fcy\u00fckl\u00fckte ve art arda beklenmemesi, deprem ile birlikte b\u00f6lgedeki gece s\u0131cakl\u0131\u011f\u0131n\u0131n h\u0131zl\u0131ca mevsim normallerinin ve s\u0131f\u0131r\u0131n alt\u0131na d\u00fc\u015fmesi, hatta baz\u0131 b\u00f6lgelerde -10 derecelerde \u00a0seyretmesi toplumun baz\u0131 kesimlerince\u00a0 d\u0131\u015f m\u00fcdahaleli teknolojilerle \u00fcretilmi\u015f yapay \u00a0deprem alg\u0131s\u0131n\u0131 hakim k\u0131lm\u0131\u015f. \u00a0<\/p>\n<p style=\"text-align: justify;\">Depremler ku\u015fkusuz Takdir-i \u0130lahi\u2019dir. \u00a0Depremin HAARP teknolojileri gibi mekanik unsurlar ile \u00fcretildi\u011fi toplumun kahir ekseriyeti taraf\u0131ndan konu\u015fuluyorsa da toplumdaki bilgi eksikli\u011finin bilim ve mant\u0131k \u00e7emberinde ve uzmanlar\u0131n\u0131n marifetiyle giderilmesine ihtiya\u00e7 vard\u0131r.<\/p>\n<p style=\"text-align: justify;\"><strong>\u0130yonosfer Enerji Transferleri, G\u00fc\u00e7l\u00fc Elektromanyetik Enerjilerle Fay Hatt\u0131 Harekete Ge\u00e7irilebilir Mi?<\/strong><\/p>\n<p style=\"text-align: justify;\">Televizyon, radyo ve sosyal medya mecralar\u0131nda dinledi\u011fimiz uzman veya uzman olmayan baz\u0131lar\u0131 HAARP teknolojisi ile manyetik alanlarda de\u011fi\u015fiklik yaparak, yer alt\u0131ndaki titre\u015fim frekanslar\u0131n\u0131n de\u011fi\u015ftirilerek mekanik depremlerin olu\u015fabilece\u011fini konu\u015fmaktad\u0131r. Toplumca da yabanc\u0131 oldu\u011fumuz bu konular\u0131n kamu otoritelerince, uzmanlarca ara\u015ft\u0131r\u0131lmas\u0131 ve topluma aktar\u0131lmas\u0131yla bilgi ve kavram eksikliklerinin giderilmesinde fayda var.<\/p>\n<p style=\"text-align: justify;\">Bu konular\u0131n efsane gibi toplumda dola\u015fmas\u0131n\u0131n \u00f6n\u00fcne ge\u00e7menin tek yolu bilgiyi do\u011fru yerde ara\u015ft\u0131rmak ve sorgulamak. \u00a0Bilim Sanayi ve Teknoloji Bakanl\u0131\u011f\u0131m\u0131z\u0131n liderli\u011finde teknoloji m\u00fchendislerinden, deprem uzmanlar\u0131ndan, yer bilimcilerden, jeoloji m\u00fchendislerinden, T\u00dcB\u0130TAK Ulusal Metroloji Enstit\u00fcs\u00fc ve Zaman \u2013 Frekans ve Dalgaboyu Laboratuvarlar\u0131 yetkililerinden, radyo frekans uzmanlar\u0131ndan olu\u015fan ekiplerce bir \u00e7al\u0131\u015ftay\u00a0 s\u00fcrecine girilmesi,\u00a0 s\u00fcre\u00e7 sonunda da gerekti\u011fi kadar\u0131yla kamuoyunun \u00a0bilgilendirmesi \u00f6nerimizdir.<\/p>\n<p style=\"text-align: justify;\">Y\u00fckl\u00fc gelen elektromanyetik frekanslar\u0131 engelleyen veya etkisini azaltan sistemler Devletimizin elinde var m\u0131 bilemiyorum ama yoksa da son y\u0131llarda y\u00fcksek teknolojide \u00fclkemizin g\u00f6sterdi\u011fi ba\u015far\u0131lara bakarak bu teknoloji \u00fczerinde de \u00e7al\u0131\u015facak m\u00fchendislerimizin oldu\u011funu tahmin edebiliyorum.<\/p>\n<p style=\"text-align: justify;\"><strong>Sondajlarla Deprem Tetiklenir Mi?<\/strong><\/p>\n<p style=\"text-align: justify;\">G\u00fcney Kaliforniya\u2019daki Salton Denizi Jeotermal Enerji Santrali\u2019nin bulundu\u011fu b\u00f6lgede jeotermal kaynaklardan enerji elde etme s\u00fcre\u00e7leri ile sismik faaliyetler aras\u0131nda kuvvetli bir ili\u015fki oldu\u011fu belirlenmi\u015f.<\/p>\n<p style=\"text-align: justify;\">Jeotermal enerji santrallerinde genellikle rezervuar\u0131 beslemek amac\u0131yla yeralt\u0131ndan \u00e7ekilen buhar\u0131n ya da s\u0131cak suyun yerine tekrar su g\u00f6nderilir. Sondaj\u0131n kendisi depreme neden olmasa da sondaj s\u0131ras\u0131nda uygulanan bu i\u015flem fay hatlar\u0131nda \u00e7e\u015fitli dengesizliklere sebep olabildi\u011fi g\u00f6zlemlenmi\u015f.<\/p>\n<p style=\"text-align: justify;\">Bilim insanlar\u0131 depreme neden olabilecek insan faaliyetlerini de tamamen g\u00f6z ard\u0131 etmiyor.\u00a0Her konunun detayl\u0131ca izlenmesi ve incelenmesi gerekir.<\/p>\n<p style=\"text-align: justify;\">\u015eayet bu varsay\u0131mlar do\u011fru ise jeotermal kaynaklar\u0131n\u0131n oldu\u011fu b\u00f6lgelerdeki fay hatlar\u0131n\u0131n bu yakla\u015f\u0131mla da g\u00f6zlemlenmesi gerekebilir. Bu bilgi kayna\u011f\u0131n\u0131n bizlere yanl\u0131\u015f aktar\u0131ld\u0131\u011f\u0131n\u0131 d\u00fc\u015f\u00fcnsek bile yine de \u00fczerinde ara\u015ft\u0131rma yapmaya de\u011fer. Veya benzer yakla\u015f\u0131mlar \u00fczerine \u00e7al\u0131\u015fmalar yap\u0131labilir.<\/p>\n<p style=\"text-align: justify;\"><strong>Y\u00fcksek Riskli Fay Hatlar\u0131na Sondajla Kontroll\u00fc M\u00fcdahale Yap\u0131labilir Mi?<\/strong><\/p>\n<p style=\"text-align: justify;\">Yukar\u0131daki bilgilerin do\u011fru oldu\u011funu varsayarsak bu da m\u00fcmk\u00fcn olabilir ve uzmanlarca \u00fczerinde \u00e7al\u0131\u015f\u0131labilir. Can kayb\u0131n\u0131 \u00f6nlemek i\u00e7in bir plana ba\u011fl\u0131 olarak ve b\u00f6lgedeki evler bo\u015falt\u0131larak bu y\u00f6ntem kullan\u0131labilir. Bu sizlere u\u00e7 gelebilir belki ama d\u00fc\u015fman\u0131n bize gelece\u011fi t\u00fcm yol ve y\u00f6ntemler \u00fczerinde \u00e7al\u0131\u015fmak gerekiyor. Her ihtimalin senaryosunu yazmazsak ba\u015fkas\u0131n\u0131n oyununu izleriz.<\/p>\n<p style=\"text-align: justify;\">HAARP ve sondaj y\u00f6ntemleriyle bir deprem m\u00fcmk\u00fcn olabilirse de \u0130stanbul ve civar illere dikkat \u00e7ekmek isteriz.<\/p>\n<p style=\"text-align: justify;\"><strong>Sa\u011flam Kalan TOK\u0130 ve \u015eehir Hastanelerinde Kullan\u0131lan Teknoloji Neydi?<\/strong><\/p>\n<p style=\"text-align: justify;\">Deprem felaketinin ya\u015fand\u0131\u011f\u0131 b\u00f6lgedeki 134 bin Toki binas\u0131 radye temel sayesinde hasar almadan ayakta duruyor.<\/p>\n<p style=\"text-align: justify;\">Yine Adana \u015eehir Hastanesi, Kahramanmara\u015f\u2019taki Necip Faz\u0131l \u015eehir Hastanesi, El\u00e2z\u0131\u011f\u2019daki Fethi Sekin \u015eehir Hastanesi zemin kattaki tak\u0131lan sismik izolat\u00f6rler sayesinde hasar almadan ayakta kald\u0131. Depremin sars\u0131nt\u0131s\u0131n\u0131 temelde emen bu sistemi de yeni yap\u0131 y\u00f6netmenliklerine eklemek gerekmektedir. Bu izolat\u00f6rlerin kullan\u0131ld\u0131\u011f\u0131 binalar\u0131n 9 \u015fiddetinde depreme dayanabildi\u011fi ifade edilmektedir.<\/p>\n<p style=\"text-align: justify;\">1999 depreminden sonra 2007 ve 2018\u2019de iki kez de\u011fi\u015fikli\u011fe gidilen deprem y\u00f6netmenli\u011finde son ya\u015fad\u0131\u011f\u0131m\u0131z Kahramanmara\u015f depreminden sonra \u00fc\u00e7\u00fcnc\u00fc kez de\u011fi\u015fikli\u011fe gidilece\u011fi a\u00e7\u0131kland\u0131. Yeni y\u00f6netmelik ile yap\u0131la\u015fmada ve imarda kal\u0131c\u0131 \u00e7\u00f6z\u00fcm olmas\u0131n\u0131, yap\u0131larda radye sistem veya sismik izolat\u00f6rler gibi hasar azalt\u0131c\u0131 eklemelerin de yer almas\u0131n\u0131 diliyorum.<\/p>\n<p style=\"text-align: justify;\">\u00a0<\/p>\n<p style=\"text-align: justify;\">Zehra Akya\u011f<\/p>\n<p style=\"text-align: justify;\">ASSAM B\u015fk. Yrd.<\/p>\n","protected":false},"excerpt":{"rendered":"<p>Adaleti Savunanlar Stratejik Ara\u015ft\u0131rmalar Merkezi (ASSAM) Gen\u00e7ler&#46;&#46;&#46;<\/p>\n","protected":false},"author":1,"featured_media":6775,"comment_status":"open","ping_status":"open","sticky":false,"template":"","format":"standard","meta":{"_acf_changed":false,"footnotes":""},"categories":[323],"tags":[1048,2276,617,2275,2303],"manset":[],"class_list":["post-6778","post","type-post","status-publish","format-standard","has-post-thumbnail","hentry","category-news","tag-assam","tag-deprem","tag-gaziantep","tag-kahramanmaras","tag-kahramanmaras-depremi"],"acf":[],"yoast_head":"<!-- This site is optimized with the Yoast SEO plugin v26.1 - https:\/\/yoast.com\/wordpress\/plugins\/seo\/ -->\n<title>Assam<\/title>\n<meta name=\"robots\" content=\"index, follow, max-snippet:-1, max-image-preview:large, max-video-preview:-1\" \/>\n<link rel=\"canonical\" href=\"https:\/\/assam.org.tr\/en\/depremin-siddeti-ve-ayni-gun-iki-buyuk-deprem-olagan-disi-neler-olabilir-en\/\" \/>\n<meta property=\"og:locale\" content=\"en_US\" \/>\n<meta property=\"og:type\" content=\"article\" \/>\n<meta property=\"og:title\" content=\"Deprem\u2019in \u015eiddeti ve Ayn\u0131 G\u00fcn \u0130ki B\u00fcy\u00fck Deprem! Ola\u011fan D\u0131\u015f\u0131 Neler Olabilir! - Assam\" \/>\n<meta property=\"og:description\" content=\"Adaleti Savunanlar Stratejik Ara\u015ft\u0131rmalar Merkezi (ASSAM) Gen\u00e7ler&#046;&#046;&#046;\" \/>\n<meta property=\"og:url\" content=\"https:\/\/assam.org.tr\/en\/depremin-siddeti-ve-ayni-gun-iki-buyuk-deprem-olagan-disi-neler-olabilir-en\/\" \/>\n<meta property=\"og:site_name\" content=\"Assam\" \/>\n<meta property=\"article:published_time\" content=\"2023-03-15T06:31:59+00:00\" \/>\n<meta property=\"og:image\" content=\"https:\/\/assam.org.tr\/downloads\/2023\/03\/ab62275605c41a191b9e46f582304ada-scaled.jpg\" \/>\n\t<meta property=\"og:image:width\" content=\"2560\" \/>\n\t<meta property=\"og:image:height\" content=\"1440\" \/>\n\t<meta property=\"og:image:type\" content=\"image\/jpeg\" \/>\n<meta name=\"author\" content=\"admin\" \/>\n<meta name=\"twitter:card\" content=\"summary_large_image\" \/>\n<meta name=\"twitter:label1\" content=\"Written by\" \/>\n\t<meta name=\"twitter:data1\" content=\"admin\" \/>\n\t<meta name=\"twitter:label2\" content=\"Est. reading time\" \/>\n\t<meta name=\"twitter:data2\" content=\"8 minutes\" \/>\n<script type=\"application\/ld+json\" class=\"yoast-schema-graph\">{\"@context\":\"https:\/\/schema.org\",\"@graph\":[{\"@type\":\"WebPage\",\"@id\":\"https:\/\/assam.org.tr\/en\/depremin-siddeti-ve-ayni-gun-iki-buyuk-deprem-olagan-disi-neler-olabilir-en\/\",\"url\":\"https:\/\/assam.org.tr\/en\/depremin-siddeti-ve-ayni-gun-iki-buyuk-deprem-olagan-disi-neler-olabilir-en\/\",\"name\":\"Deprem\u2019in \u015eiddeti ve Ayn\u0131 G\u00fcn \u0130ki B\u00fcy\u00fck Deprem! Ola\u011fan D\u0131\u015f\u0131 Neler Olabilir! - Assam\",\"isPartOf\":{\"@id\":\"https:\/\/assam.org.tr\/en\/#website\"},\"primaryImageOfPage\":{\"@id\":\"https:\/\/assam.org.tr\/en\/depremin-siddeti-ve-ayni-gun-iki-buyuk-deprem-olagan-disi-neler-olabilir-en\/#primaryimage\"},\"image\":{\"@id\":\"https:\/\/assam.org.tr\/en\/depremin-siddeti-ve-ayni-gun-iki-buyuk-deprem-olagan-disi-neler-olabilir-en\/#primaryimage\"},\"thumbnailUrl\":\"https:\/\/assam.org.tr\/downloads\/2023\/03\/ab62275605c41a191b9e46f582304ada-scaled.jpg\",\"datePublished\":\"2023-03-15T06:31:59+00:00\",\"author\":{\"@id\":\"https:\/\/assam.org.tr\/en\/#\/schema\/person\/3acfcd4778cdd610ce53e7926748b2ef\"},\"breadcrumb\":{\"@id\":\"https:\/\/assam.org.tr\/en\/depremin-siddeti-ve-ayni-gun-iki-buyuk-deprem-olagan-disi-neler-olabilir-en\/#breadcrumb\"},\"inLanguage\":\"en-US\",\"potentialAction\":[{\"@type\":\"ReadAction\",\"target\":[\"https:\/\/assam.org.tr\/en\/depremin-siddeti-ve-ayni-gun-iki-buyuk-deprem-olagan-disi-neler-olabilir-en\/\"]}]},{\"@type\":\"ImageObject\",\"inLanguage\":\"en-US\",\"@id\":\"https:\/\/assam.org.tr\/en\/depremin-siddeti-ve-ayni-gun-iki-buyuk-deprem-olagan-disi-neler-olabilir-en\/#primaryimage\",\"url\":\"https:\/\/assam.org.tr\/downloads\/2023\/03\/ab62275605c41a191b9e46f582304ada-scaled.jpg\",\"contentUrl\":\"https:\/\/assam.org.tr\/downloads\/2023\/03\/ab62275605c41a191b9e46f582304ada-scaled.jpg\",\"width\":2560,\"height\":1440},{\"@type\":\"BreadcrumbList\",\"@id\":\"https:\/\/assam.org.tr\/en\/depremin-siddeti-ve-ayni-gun-iki-buyuk-deprem-olagan-disi-neler-olabilir-en\/#breadcrumb\",\"itemListElement\":[{\"@type\":\"ListItem\",\"position\":1,\"name\":\"Anasayfa\",\"item\":\"https:\/\/assam.org.tr\/en\/\"},{\"@type\":\"ListItem\",\"position\":2,\"name\":\"Deprem\u2019in \u015eiddeti ve Ayn\u0131 G\u00fcn \u0130ki B\u00fcy\u00fck Deprem! Ola\u011fan D\u0131\u015f\u0131 Neler Olabilir!\"}]},{\"@type\":\"WebSite\",\"@id\":\"https:\/\/assam.org.tr\/en\/#website\",\"url\":\"https:\/\/assam.org.tr\/en\/\",\"name\":\"Assam\",\"description\":\"\",\"potentialAction\":[{\"@type\":\"SearchAction\",\"target\":{\"@type\":\"EntryPoint\",\"urlTemplate\":\"https:\/\/assam.org.tr\/en\/?s={search_term_string}\"},\"query-input\":{\"@type\":\"PropertyValueSpecification\",\"valueRequired\":true,\"valueName\":\"search_term_string\"}}],\"inLanguage\":\"en-US\"},{\"@type\":\"Person\",\"@id\":\"https:\/\/assam.org.tr\/en\/#\/schema\/person\/3acfcd4778cdd610ce53e7926748b2ef\",\"name\":\"admin\",\"image\":{\"@type\":\"ImageObject\",\"inLanguage\":\"en-US\",\"@id\":\"https:\/\/assam.org.tr\/en\/#\/schema\/person\/image\/\",\"url\":\"https:\/\/secure.gravatar.com\/avatar\/b64b9f9a11c3402664510c42229973ea79f05e8f86997d5123fb1c02cf533ea4?s=96&d=mm&r=g\",\"contentUrl\":\"https:\/\/secure.gravatar.com\/avatar\/b64b9f9a11c3402664510c42229973ea79f05e8f86997d5123fb1c02cf533ea4?s=96&d=mm&r=g\",\"caption\":\"admin\"},\"sameAs\":[\"https:\/\/yeni.assam.org.tr\"],\"url\":\"https:\/\/assam.org.tr\/en\/author\/admin\/\"}]}<\/script>\n<!-- \/ Yoast SEO plugin. -->","yoast_head_json":{"title":"Assam","robots":{"index":"index","follow":"follow","max-snippet":"max-snippet:-1","max-image-preview":"max-image-preview:large","max-video-preview":"max-video-preview:-1"},"canonical":"https:\/\/assam.org.tr\/en\/depremin-siddeti-ve-ayni-gun-iki-buyuk-deprem-olagan-disi-neler-olabilir-en\/","og_locale":"en_US","og_type":"article","og_title":"Deprem\u2019in \u015eiddeti ve Ayn\u0131 G\u00fcn \u0130ki B\u00fcy\u00fck Deprem! Ola\u011fan D\u0131\u015f\u0131 Neler Olabilir! - Assam","og_description":"Adaleti Savunanlar Stratejik Ara\u015ft\u0131rmalar Merkezi (ASSAM) Gen\u00e7ler&#46;&#46;&#46;","og_url":"https:\/\/assam.org.tr\/en\/depremin-siddeti-ve-ayni-gun-iki-buyuk-deprem-olagan-disi-neler-olabilir-en\/","og_site_name":"Assam","article_published_time":"2023-03-15T06:31:59+00:00","og_image":[{"width":2560,"height":1440,"url":"https:\/\/assam.org.tr\/downloads\/2023\/03\/ab62275605c41a191b9e46f582304ada-scaled.jpg","type":"image\/jpeg"}],"author":"admin","twitter_card":"summary_large_image","twitter_misc":{"Written by":"admin","Est. reading time":"8 minutes"},"schema":{"@context":"https:\/\/schema.org","@graph":[{"@type":"WebPage","@id":"https:\/\/assam.org.tr\/en\/depremin-siddeti-ve-ayni-gun-iki-buyuk-deprem-olagan-disi-neler-olabilir-en\/","url":"https:\/\/assam.org.tr\/en\/depremin-siddeti-ve-ayni-gun-iki-buyuk-deprem-olagan-disi-neler-olabilir-en\/","name":"Deprem\u2019in \u015eiddeti ve Ayn\u0131 G\u00fcn \u0130ki B\u00fcy\u00fck Deprem! Ola\u011fan D\u0131\u015f\u0131 Neler Olabilir! - Assam","isPartOf":{"@id":"https:\/\/assam.org.tr\/en\/#website"},"primaryImageOfPage":{"@id":"https:\/\/assam.org.tr\/en\/depremin-siddeti-ve-ayni-gun-iki-buyuk-deprem-olagan-disi-neler-olabilir-en\/#primaryimage"},"image":{"@id":"https:\/\/assam.org.tr\/en\/depremin-siddeti-ve-ayni-gun-iki-buyuk-deprem-olagan-disi-neler-olabilir-en\/#primaryimage"},"thumbnailUrl":"https:\/\/assam.org.tr\/downloads\/2023\/03\/ab62275605c41a191b9e46f582304ada-scaled.jpg","datePublished":"2023-03-15T06:31:59+00:00","author":{"@id":"https:\/\/assam.org.tr\/en\/#\/schema\/person\/3acfcd4778cdd610ce53e7926748b2ef"},"breadcrumb":{"@id":"https:\/\/assam.org.tr\/en\/depremin-siddeti-ve-ayni-gun-iki-buyuk-deprem-olagan-disi-neler-olabilir-en\/#breadcrumb"},"inLanguage":"en-US","potentialAction":[{"@type":"ReadAction","target":["https:\/\/assam.org.tr\/en\/depremin-siddeti-ve-ayni-gun-iki-buyuk-deprem-olagan-disi-neler-olabilir-en\/"]}]},{"@type":"ImageObject","inLanguage":"en-US","@id":"https:\/\/assam.org.tr\/en\/depremin-siddeti-ve-ayni-gun-iki-buyuk-deprem-olagan-disi-neler-olabilir-en\/#primaryimage","url":"https:\/\/assam.org.tr\/downloads\/2023\/03\/ab62275605c41a191b9e46f582304ada-scaled.jpg","contentUrl":"https:\/\/assam.org.tr\/downloads\/2023\/03\/ab62275605c41a191b9e46f582304ada-scaled.jpg","width":2560,"height":1440},{"@type":"BreadcrumbList","@id":"https:\/\/assam.org.tr\/en\/depremin-siddeti-ve-ayni-gun-iki-buyuk-deprem-olagan-disi-neler-olabilir-en\/#breadcrumb","itemListElement":[{"@type":"ListItem","position":1,"name":"Anasayfa","item":"https:\/\/assam.org.tr\/en\/"},{"@type":"ListItem","position":2,"name":"Deprem\u2019in \u015eiddeti ve Ayn\u0131 G\u00fcn \u0130ki B\u00fcy\u00fck Deprem! Ola\u011fan D\u0131\u015f\u0131 Neler Olabilir!"}]},{"@type":"WebSite","@id":"https:\/\/assam.org.tr\/en\/#website","url":"https:\/\/assam.org.tr\/en\/","name":"Assam","description":"","potentialAction":[{"@type":"SearchAction","target":{"@type":"EntryPoint","urlTemplate":"https:\/\/assam.org.tr\/en\/?s={search_term_string}"},"query-input":{"@type":"PropertyValueSpecification","valueRequired":true,"valueName":"search_term_string"}}],"inLanguage":"en-US"},{"@type":"Person","@id":"https:\/\/assam.org.tr\/en\/#\/schema\/person\/3acfcd4778cdd610ce53e7926748b2ef","name":"admin","image":{"@type":"ImageObject","inLanguage":"en-US","@id":"https:\/\/assam.org.tr\/en\/#\/schema\/person\/image\/","url":"https:\/\/secure.gravatar.com\/avatar\/b64b9f9a11c3402664510c42229973ea79f05e8f86997d5123fb1c02cf533ea4?s=96&d=mm&r=g","contentUrl":"https:\/\/secure.gravatar.com\/avatar\/b64b9f9a11c3402664510c42229973ea79f05e8f86997d5123fb1c02cf533ea4?s=96&d=mm&r=g","caption":"admin"},"sameAs":["https:\/\/yeni.assam.org.tr"],"url":"https:\/\/assam.org.tr\/en\/author\/admin\/"}]}},"_links":{"self":[{"href":"https:\/\/assam.org.tr\/en\/wp-json\/wp\/v2\/posts\/6778","targetHints":{"allow":["GET"]}}],"collection":[{"href":"https:\/\/assam.org.tr\/en\/wp-json\/wp\/v2\/posts"}],"about":[{"href":"https:\/\/assam.org.tr\/en\/wp-json\/wp\/v2\/types\/post"}],"author":[{"embeddable":true,"href":"https:\/\/assam.org.tr\/en\/wp-json\/wp\/v2\/users\/1"}],"replies":[{"embeddable":true,"href":"https:\/\/assam.org.tr\/en\/wp-json\/wp\/v2\/comments?post=6778"}],"version-history":[{"count":0,"href":"https:\/\/assam.org.tr\/en\/wp-json\/wp\/v2\/posts\/6778\/revisions"}],"wp:featuredmedia":[{"embeddable":true,"href":"https:\/\/assam.org.tr\/en\/wp-json\/wp\/v2\/media\/6775"}],"wp:attachment":[{"href":"https:\/\/assam.org.tr\/en\/wp-json\/wp\/v2\/media?parent=6778"}],"wp:term":[{"taxonomy":"category","embeddable":true,"href":"https:\/\/assam.org.tr\/en\/wp-json\/wp\/v2\/categories?post=6778"},{"taxonomy":"post_tag","embeddable":true,"href":"https:\/\/assam.org.tr\/en\/wp-json\/wp\/v2\/tags?post=6778"},{"taxonomy":"manset","embeddable":true,"href":"https:\/\/assam.org.tr\/en\/wp-json\/wp\/v2\/manset?post=6778"}],"curies":[{"name":"wp","href":"https:\/\/api.w.org\/{rel}","templated":true}]}}