{"id":7198,"date":"2023-10-09T06:45:52","date_gmt":"2023-10-09T03:45:52","guid":{"rendered":"https:\/\/yeni.assam.org.tr\/index.php\/2023\/10\/09\/teror-orgutleri-niye-kuruldu-en\/"},"modified":"2023-10-09T06:45:52","modified_gmt":"2023-10-09T03:45:52","slug":"teror-orgutleri-niye-kuruldu-en","status":"publish","type":"post","link":"https:\/\/assam.org.tr\/en\/teror-orgutleri-niye-kuruldu-en\/","title":{"rendered":"Ter\u00f6r \u00d6rg\u00fctleri Niye Kuruldu?"},"content":{"rendered":"<p><img loading=\"lazy\" decoding=\"async\" class=\" size-full wp-image-7195\" src=\"https:\/\/assam.org.tr\/wp-content\/uploads\/2023\/10\/c17033ddd55ecdf5f16c90daa55576ba-scaled.jpg\" alt=\"\" width=\"2560\" height=\"1440\" \/><\/p>\n<p style=\"text-align: justify;\">G\u00fcney Do\u011fu Anadolu b\u00f6lgesinde yap\u0131lan sismik ara\u015ft\u0131rmalar ve sondajlardan sonra b\u00f6lgenin yeralt\u0131 kaynaklar\u0131 bak\u0131m\u0131ndan olduk\u00e7a zengin bir b\u00f6lge oldu\u011funun ortaya \u00e7\u0131kmas\u0131, T\u00fcrkiye\u2019yi ekonomik olarak b\u00fcy\u00fck bir kazan\u0131m ve at\u0131l\u0131ma do\u011fru y\u00f6nlendirirken, y\u0131llard\u0131r b\u00f6lgede ya\u015fanan ter\u00f6r olaylar\u0131n\u0131n da farkl\u0131 bir ak\u0131\u015f a\u00e7\u0131s\u0131 ile de\u011ferlendirilmesine yol a\u00e7t\u0131. Bu da a\u00e7g\u00f6zl\u00fc emperyalist (yay\u0131lmac\u0131) \u00fclkelerin T\u00fcrkiye\u2019nin Do\u011fusunda, Suriye\u2019de ve Irak\u2019ta niye planl\u0131 bir \u015fekilde i\u00e7 kar\u0131\u015f\u0131kl\u0131klar yaratt\u0131klar\u0131 sorusunun cevab\u0131na tekab\u00fcl ediyor.<\/p>\n<p><!--more--><\/p>\n<p style=\"text-align: justify;\">B\u00f6lge halklar\u0131n\u0131, \u201csize \u00f6zg\u00fcrl\u00fck ve devlet kurmay\u0131 vaat ediyoruz\u201d s\u00f6zleri ile ger\u00e7ekte kendi ekonomik \u00e7\u0131karlar\u0131 i\u00e7in kand\u0131rarak ate\u015fe att\u0131klar\u0131, b\u00f6lgeyi kan, g\u00f6zya\u015f\u0131 ve kaosa gark ettikleri art\u0131k a\u015fikar.<\/p>\n<p style=\"text-align: justify;\">A\u00e7g\u00f6zl\u00fc emperyalist \u00fclkelerin bu ter\u00f6rist gruplar\u0131 beslemek, maa\u015flar\u0131n\u0131 \u00f6demek, ellerine verdikleri silahlar\u0131n ve sava\u015f ara\u00e7lar\u0131n\u0131n bedellerini kar\u015f\u0131lamak i\u00e7in kendi ceplerinden \u00e7\u0131kan tek bir kuru\u015f bile yok. D\u00fcnya ticaretinde ge\u00e7erli olan ama kendilerinin tek bir kuru\u015f bedel \u00f6demeden kar\u015f\u0131l\u0131ks\u0131z bast\u0131klar\u0131 ka\u011f\u0131t paralar ile bu ter\u00f6r \u00f6rg\u00fctlerinin b\u00fct\u00fcn finansman\u0131n\u0131 sa\u011fl\u0131yorlar.<\/p>\n<p style=\"text-align: justify;\">Hedefleri T\u00fcrkiye\u2019nin Do\u011fusunu, Irak\u2019\u0131n kuzeyini, \u0130ran\u2019\u0131n bat\u0131s\u0131n\u0131 ve Suriye\u2019nin do\u011fusunu kapsayan bu b\u00f6lgede tamamen kendi y\u00f6netim ve g\u00fcd\u00fcmlerinde yapay bir devlet kurmak, b\u00f6lgedeki petrol\u00fcn t\u00fcm\u00fcn\u00fcn sahibi ve hakimi olmak, petrole ba\u011f\u0131ml\u0131 olan devletleri de enerji bask\u0131s\u0131 alt\u0131na alarak yapt\u0131r\u0131m uygulamak, \u015fantaj yapmak.<\/p>\n<p style=\"text-align: justify;\">Hat\u0131rlayal\u0131m; 1 Kas\u0131m 1973 tarihinde d\u00fcnya siyasetini belirleyen d\u00fc\u015f\u00fcnce kurulu\u015flar\u0131n\u0131n ald\u0131klar\u0131 talimat uyar\u0131nca \u00fczerinde yo\u011fun bir \u015fekilde \u00e7al\u0131\u015fmaya ba\u015flad\u0131klar\u0131 Orta Do\u011fu Plan\u0131\u2018n\u0131n ana iskeleti a\u015fa\u011f\u0131daki ana hedeflerden olu\u015fmaktayd\u0131. <br \/>&#8211; \u00dczerinde yapay devletin kurulaca\u011f\u0131 T\u00fcrkiye, Suriye, Irak ve \u0130ran topraklar\u0131nda karga\u015fa ve i\u00e7 \u00e7at\u0131\u015fma \u00e7\u0131karmak, <br \/>&#8211; Bu \u00fclkeleri y\u00f6neten h\u00fck\u00fcmetlerin i\u00e7 bar\u0131\u015f\u0131 ve huzuru sa\u011flayan polis g\u00fcc\u00fcn\u00fc zay\u0131flatmak, <br \/>&#8211; S\u0131n\u0131rlar\u0131n\u0131n g\u00fcvenli\u011fini sa\u011flayan ve d\u0131\u015ftan gelecek sald\u0131r\u0131lar\u0131 durduracak ulusal askeri g\u00fcc\u00fcn\u00fc i\u00e7ten m\u00fcdahalelerle k\u0131p\u0131rdayamaz ve i\u015f g\u00f6remez hale getirmek,<br \/>&#8211; S\u00f6z konusu bu \u00fclkelerin emperyalist g\u00fc\u00e7lere kar\u015f\u0131 koymak cesaretini g\u00f6steren liderlerini yok etmek,<br \/>&#8211; Bu \u00fclkelerde \u00e7\u0131kar\u0131lacak i\u00e7 \u00e7at\u0131\u015fmalardan sonra, \u201cinsan haklar\u0131, adalet, e\u015fitlik, dola\u015f\u0131m \u00f6zg\u00fcrl\u00fc\u011f\u00fc\u201d gibi kula\u011fa ho\u015f gelen yapt\u0131r\u0131m tehditlerini kullanarak s\u00f6z konusu \u00fclkelerin belirlenmi\u015f yerlerini i\u015fgal etmek, askeri kamplar kurmak,<br \/>&#8211; Birle\u015fmi\u015f Milletler kisvesi alt\u0131nda \u00e7at\u0131\u015fma \u00e7\u0131kan yerlere kendilerinin s\u00f6z\u00fcnden \u00e7\u0131kmaya cesaret edemeyen \u00fclkelerin askerlerini sokmak, yerle\u015ftirmek ve sivil ya\u015fama m\u00fcdahale etmek, <br \/>&#8211; Bu \u00fclkelerin herhangi birinde kendilerinin s\u00f6zde yasal i\u015fgaline kar\u015f\u0131 \u00e7\u0131kabilecek olan g\u00fc\u00e7leri derhal yok etmek veya susturarak ses \u00e7\u0131karamaz hale getirmek.<br \/>&#8211; Gerekti\u011fi zaman bu \u00fclkelerde askeri darbe yaparak y\u00f6netimin ba\u015f\u0131na kendi adamlar\u0131n\u0131 koyarak, istedikleri gibi \u00fclkeyi ve petrol\/do\u011falgaz yataklar\u0131n\u0131 \u00e7al\u0131\u015ft\u0131rmak.<br \/>&#8211; Zaman ve siyasi ortam uygun olunca, kendi s\u00f6zlerinden \u00e7\u0131kamayacak yapay bir devleti s\u00f6z konusu topraklar \u00fczerinde kurmak,<br \/>&#8211; B\u00f6lgedeki petrol\u00fc ve do\u011falgaz\u0131 sorunsuzca \u00e7\u0131kararak kendi gereksinimleri i\u00e7in kullanmak, gerekti\u011fi zaman ekonomik veya da siyasi yapt\u0131r\u0131m i\u00e7in di\u011fer \u00fclkeler kar\u015f\u0131 kullanmak. <\/p>\n<p>Yap\u0131lan yo\u011fun \u00e7al\u0131\u015fmalardan sonra uzun vadeli \u201cOrta Do\u011fu Plan\u0131\u201dn\u0131n ana plan\u0131 belirlendi ve 1982 y\u0131l\u0131nda da uygulamaya kondu.<\/p>\n<p style=\"text-align: justify;\">T\u00fcrkiye\u2019mizde ve kom\u015fu \u00fclkeler olan Suriye, Irak ve \u0130ran\u2019da ya\u015fanan t\u00fcm ter\u00f6r olaylar\u0131n\u0131n k\u00f6keninde bu \u201cOrta Do\u011fu Plan\u0131\u201dn\u0131n yatmakta oldu\u011funu art\u0131k bilmeyen yok.<br \/>Bu plan, emperyalist devletlerin yo\u011fun \u00e7abalar\u0131na ra\u011fmen T\u00fcrkiye ve \u0130ran\u2019da ba\u015far\u0131s\u0131z olurken, Irak ve Suriye\u2019de k\u0131smen ba\u015far\u0131l\u0131 oldu. <br \/>Ancak takke d\u00fc\u015ft\u00fc kel g\u00f6r\u00fcnd\u00fc. Ter\u00f6r \u00f6rg\u00fct\u00fc PKK\u2019n\u0131n art\u0131k T\u00fcrkiye\u2019den eleman bulamamas\u0131, siyahiler dahil paral\u0131 asker sistemine y\u00f6nelmesi ve bu paralar\u0131n kimler taraf\u0131ndan \u00f6dendi\u011finin\/\u00f6denebilece\u011finin ortaya \u00e7\u0131kmas\u0131 meselenin \u00f6z\u00fcn\u00fc ortaya koyuyor. \u00d6ng\u00f6r\u00fcm ve dile\u011fim \u015fudur ki, art\u0131k bu d\u00f6rt \u00fclke bir g\u00fcn bir araya gelecek, aralar\u0131ndaki k\u0131rg\u0131nl\u0131klar\u0131 veya da k\u00fc\u00e7\u00fck anla\u015fmazl\u0131klar\u0131 bir kenara itip, birle\u015ferek emperyalist g\u00fc\u00e7leri topraklar\u0131ndan s\u00f6k\u00fcp atacaklar.<\/p>\n<p style=\"text-align: justify;\">Prof. Dr. (\u0130n\u015f. M\u00fch.), Do\u00e7. Dr. (UA. \u0130li\u015f.) Ata ATUN<br \/>Dekan, K\u0131br\u0131s \u0130lim \u00dcniversitesi<br \/>KKTC Cumhurba\u015fkan\u0131 Politik\u00a0Dan\u0131\u015fman\u0131<\/p>\n","protected":false},"excerpt":{"rendered":"<p>G\u00fcney Do\u011fu Anadolu b\u00f6lgesinde yap\u0131lan sismik ara\u015ft\u0131rmalar&#46;&#46;&#46;<\/p>\n","protected":false},"author":1,"featured_media":7195,"comment_status":"open","ping_status":"open","sticky":false,"template":"","format":"standard","meta":{"_acf_changed":false,"footnotes":""},"categories":[323],"tags":[987,868,964,1782,978],"manset":[],"class_list":["post-7198","post","type-post","status-publish","format-standard","has-post-thumbnail","hentry","category-news","tag-ortadogu","tag-pkk","tag-teror","tag-teror-orgutleri","tag-turkiye"],"acf":[],"yoast_head":"<!-- This site is optimized with the Yoast SEO plugin v26.1 - https:\/\/yoast.com\/wordpress\/plugins\/seo\/ -->\n<title>Assam<\/title>\n<meta name=\"robots\" content=\"index, follow, max-snippet:-1, max-image-preview:large, max-video-preview:-1\" \/>\n<link rel=\"canonical\" href=\"https:\/\/assam.org.tr\/en\/teror-orgutleri-niye-kuruldu-en\/\" \/>\n<meta property=\"og:locale\" content=\"en_US\" \/>\n<meta property=\"og:type\" content=\"article\" \/>\n<meta property=\"og:title\" content=\"Ter\u00f6r \u00d6rg\u00fctleri Niye Kuruldu? - Assam\" \/>\n<meta property=\"og:description\" content=\"G\u00fcney Do\u011fu Anadolu b\u00f6lgesinde yap\u0131lan sismik ara\u015ft\u0131rmalar&#046;&#046;&#046;\" \/>\n<meta property=\"og:url\" content=\"https:\/\/assam.org.tr\/en\/teror-orgutleri-niye-kuruldu-en\/\" \/>\n<meta property=\"og:site_name\" content=\"Assam\" \/>\n<meta property=\"article:published_time\" content=\"2023-10-09T03:45:52+00:00\" \/>\n<meta property=\"og:image\" content=\"https:\/\/assam.org.tr\/downloads\/2023\/10\/c17033ddd55ecdf5f16c90daa55576ba-scaled.jpg\" \/>\n\t<meta property=\"og:image:width\" content=\"2560\" \/>\n\t<meta property=\"og:image:height\" content=\"1440\" \/>\n\t<meta property=\"og:image:type\" content=\"image\/jpeg\" \/>\n<meta name=\"author\" content=\"admin\" \/>\n<meta name=\"twitter:card\" content=\"summary_large_image\" \/>\n<meta name=\"twitter:label1\" content=\"Written by\" \/>\n\t<meta name=\"twitter:data1\" content=\"admin\" \/>\n\t<meta name=\"twitter:label2\" content=\"Est. reading time\" \/>\n\t<meta name=\"twitter:data2\" content=\"4 minutes\" \/>\n<script type=\"application\/ld+json\" class=\"yoast-schema-graph\">{\"@context\":\"https:\/\/schema.org\",\"@graph\":[{\"@type\":\"WebPage\",\"@id\":\"https:\/\/assam.org.tr\/en\/teror-orgutleri-niye-kuruldu-en\/\",\"url\":\"https:\/\/assam.org.tr\/en\/teror-orgutleri-niye-kuruldu-en\/\",\"name\":\"Ter\u00f6r \u00d6rg\u00fctleri Niye Kuruldu? - Assam\",\"isPartOf\":{\"@id\":\"https:\/\/assam.org.tr\/en\/#website\"},\"primaryImageOfPage\":{\"@id\":\"https:\/\/assam.org.tr\/en\/teror-orgutleri-niye-kuruldu-en\/#primaryimage\"},\"image\":{\"@id\":\"https:\/\/assam.org.tr\/en\/teror-orgutleri-niye-kuruldu-en\/#primaryimage\"},\"thumbnailUrl\":\"https:\/\/assam.org.tr\/downloads\/2023\/10\/c17033ddd55ecdf5f16c90daa55576ba-scaled.jpg\",\"datePublished\":\"2023-10-09T03:45:52+00:00\",\"author\":{\"@id\":\"https:\/\/assam.org.tr\/en\/#\/schema\/person\/3acfcd4778cdd610ce53e7926748b2ef\"},\"breadcrumb\":{\"@id\":\"https:\/\/assam.org.tr\/en\/teror-orgutleri-niye-kuruldu-en\/#breadcrumb\"},\"inLanguage\":\"en-US\",\"potentialAction\":[{\"@type\":\"ReadAction\",\"target\":[\"https:\/\/assam.org.tr\/en\/teror-orgutleri-niye-kuruldu-en\/\"]}]},{\"@type\":\"ImageObject\",\"inLanguage\":\"en-US\",\"@id\":\"https:\/\/assam.org.tr\/en\/teror-orgutleri-niye-kuruldu-en\/#primaryimage\",\"url\":\"https:\/\/assam.org.tr\/downloads\/2023\/10\/c17033ddd55ecdf5f16c90daa55576ba-scaled.jpg\",\"contentUrl\":\"https:\/\/assam.org.tr\/downloads\/2023\/10\/c17033ddd55ecdf5f16c90daa55576ba-scaled.jpg\",\"width\":2560,\"height\":1440},{\"@type\":\"BreadcrumbList\",\"@id\":\"https:\/\/assam.org.tr\/en\/teror-orgutleri-niye-kuruldu-en\/#breadcrumb\",\"itemListElement\":[{\"@type\":\"ListItem\",\"position\":1,\"name\":\"Anasayfa\",\"item\":\"https:\/\/assam.org.tr\/en\/\"},{\"@type\":\"ListItem\",\"position\":2,\"name\":\"Ter\u00f6r \u00d6rg\u00fctleri Niye Kuruldu?\"}]},{\"@type\":\"WebSite\",\"@id\":\"https:\/\/assam.org.tr\/en\/#website\",\"url\":\"https:\/\/assam.org.tr\/en\/\",\"name\":\"Assam\",\"description\":\"\",\"potentialAction\":[{\"@type\":\"SearchAction\",\"target\":{\"@type\":\"EntryPoint\",\"urlTemplate\":\"https:\/\/assam.org.tr\/en\/?s={search_term_string}\"},\"query-input\":{\"@type\":\"PropertyValueSpecification\",\"valueRequired\":true,\"valueName\":\"search_term_string\"}}],\"inLanguage\":\"en-US\"},{\"@type\":\"Person\",\"@id\":\"https:\/\/assam.org.tr\/en\/#\/schema\/person\/3acfcd4778cdd610ce53e7926748b2ef\",\"name\":\"admin\",\"image\":{\"@type\":\"ImageObject\",\"inLanguage\":\"en-US\",\"@id\":\"https:\/\/assam.org.tr\/en\/#\/schema\/person\/image\/\",\"url\":\"https:\/\/secure.gravatar.com\/avatar\/b64b9f9a11c3402664510c42229973ea79f05e8f86997d5123fb1c02cf533ea4?s=96&d=mm&r=g\",\"contentUrl\":\"https:\/\/secure.gravatar.com\/avatar\/b64b9f9a11c3402664510c42229973ea79f05e8f86997d5123fb1c02cf533ea4?s=96&d=mm&r=g\",\"caption\":\"admin\"},\"sameAs\":[\"https:\/\/yeni.assam.org.tr\"],\"url\":\"https:\/\/assam.org.tr\/en\/author\/admin\/\"}]}<\/script>\n<!-- \/ Yoast SEO plugin. -->","yoast_head_json":{"title":"Assam","robots":{"index":"index","follow":"follow","max-snippet":"max-snippet:-1","max-image-preview":"max-image-preview:large","max-video-preview":"max-video-preview:-1"},"canonical":"https:\/\/assam.org.tr\/en\/teror-orgutleri-niye-kuruldu-en\/","og_locale":"en_US","og_type":"article","og_title":"Ter\u00f6r \u00d6rg\u00fctleri Niye Kuruldu? - Assam","og_description":"G\u00fcney Do\u011fu Anadolu b\u00f6lgesinde yap\u0131lan sismik ara\u015ft\u0131rmalar&#46;&#46;&#46;","og_url":"https:\/\/assam.org.tr\/en\/teror-orgutleri-niye-kuruldu-en\/","og_site_name":"Assam","article_published_time":"2023-10-09T03:45:52+00:00","og_image":[{"width":2560,"height":1440,"url":"https:\/\/assam.org.tr\/downloads\/2023\/10\/c17033ddd55ecdf5f16c90daa55576ba-scaled.jpg","type":"image\/jpeg"}],"author":"admin","twitter_card":"summary_large_image","twitter_misc":{"Written by":"admin","Est. reading time":"4 minutes"},"schema":{"@context":"https:\/\/schema.org","@graph":[{"@type":"WebPage","@id":"https:\/\/assam.org.tr\/en\/teror-orgutleri-niye-kuruldu-en\/","url":"https:\/\/assam.org.tr\/en\/teror-orgutleri-niye-kuruldu-en\/","name":"Ter\u00f6r \u00d6rg\u00fctleri Niye Kuruldu? - Assam","isPartOf":{"@id":"https:\/\/assam.org.tr\/en\/#website"},"primaryImageOfPage":{"@id":"https:\/\/assam.org.tr\/en\/teror-orgutleri-niye-kuruldu-en\/#primaryimage"},"image":{"@id":"https:\/\/assam.org.tr\/en\/teror-orgutleri-niye-kuruldu-en\/#primaryimage"},"thumbnailUrl":"https:\/\/assam.org.tr\/downloads\/2023\/10\/c17033ddd55ecdf5f16c90daa55576ba-scaled.jpg","datePublished":"2023-10-09T03:45:52+00:00","author":{"@id":"https:\/\/assam.org.tr\/en\/#\/schema\/person\/3acfcd4778cdd610ce53e7926748b2ef"},"breadcrumb":{"@id":"https:\/\/assam.org.tr\/en\/teror-orgutleri-niye-kuruldu-en\/#breadcrumb"},"inLanguage":"en-US","potentialAction":[{"@type":"ReadAction","target":["https:\/\/assam.org.tr\/en\/teror-orgutleri-niye-kuruldu-en\/"]}]},{"@type":"ImageObject","inLanguage":"en-US","@id":"https:\/\/assam.org.tr\/en\/teror-orgutleri-niye-kuruldu-en\/#primaryimage","url":"https:\/\/assam.org.tr\/downloads\/2023\/10\/c17033ddd55ecdf5f16c90daa55576ba-scaled.jpg","contentUrl":"https:\/\/assam.org.tr\/downloads\/2023\/10\/c17033ddd55ecdf5f16c90daa55576ba-scaled.jpg","width":2560,"height":1440},{"@type":"BreadcrumbList","@id":"https:\/\/assam.org.tr\/en\/teror-orgutleri-niye-kuruldu-en\/#breadcrumb","itemListElement":[{"@type":"ListItem","position":1,"name":"Anasayfa","item":"https:\/\/assam.org.tr\/en\/"},{"@type":"ListItem","position":2,"name":"Ter\u00f6r \u00d6rg\u00fctleri Niye Kuruldu?"}]},{"@type":"WebSite","@id":"https:\/\/assam.org.tr\/en\/#website","url":"https:\/\/assam.org.tr\/en\/","name":"Assam","description":"","potentialAction":[{"@type":"SearchAction","target":{"@type":"EntryPoint","urlTemplate":"https:\/\/assam.org.tr\/en\/?s={search_term_string}"},"query-input":{"@type":"PropertyValueSpecification","valueRequired":true,"valueName":"search_term_string"}}],"inLanguage":"en-US"},{"@type":"Person","@id":"https:\/\/assam.org.tr\/en\/#\/schema\/person\/3acfcd4778cdd610ce53e7926748b2ef","name":"admin","image":{"@type":"ImageObject","inLanguage":"en-US","@id":"https:\/\/assam.org.tr\/en\/#\/schema\/person\/image\/","url":"https:\/\/secure.gravatar.com\/avatar\/b64b9f9a11c3402664510c42229973ea79f05e8f86997d5123fb1c02cf533ea4?s=96&d=mm&r=g","contentUrl":"https:\/\/secure.gravatar.com\/avatar\/b64b9f9a11c3402664510c42229973ea79f05e8f86997d5123fb1c02cf533ea4?s=96&d=mm&r=g","caption":"admin"},"sameAs":["https:\/\/yeni.assam.org.tr"],"url":"https:\/\/assam.org.tr\/en\/author\/admin\/"}]}},"_links":{"self":[{"href":"https:\/\/assam.org.tr\/en\/wp-json\/wp\/v2\/posts\/7198","targetHints":{"allow":["GET"]}}],"collection":[{"href":"https:\/\/assam.org.tr\/en\/wp-json\/wp\/v2\/posts"}],"about":[{"href":"https:\/\/assam.org.tr\/en\/wp-json\/wp\/v2\/types\/post"}],"author":[{"embeddable":true,"href":"https:\/\/assam.org.tr\/en\/wp-json\/wp\/v2\/users\/1"}],"replies":[{"embeddable":true,"href":"https:\/\/assam.org.tr\/en\/wp-json\/wp\/v2\/comments?post=7198"}],"version-history":[{"count":0,"href":"https:\/\/assam.org.tr\/en\/wp-json\/wp\/v2\/posts\/7198\/revisions"}],"wp:featuredmedia":[{"embeddable":true,"href":"https:\/\/assam.org.tr\/en\/wp-json\/wp\/v2\/media\/7195"}],"wp:attachment":[{"href":"https:\/\/assam.org.tr\/en\/wp-json\/wp\/v2\/media?parent=7198"}],"wp:term":[{"taxonomy":"category","embeddable":true,"href":"https:\/\/assam.org.tr\/en\/wp-json\/wp\/v2\/categories?post=7198"},{"taxonomy":"post_tag","embeddable":true,"href":"https:\/\/assam.org.tr\/en\/wp-json\/wp\/v2\/tags?post=7198"},{"taxonomy":"manset","embeddable":true,"href":"https:\/\/assam.org.tr\/en\/wp-json\/wp\/v2\/manset?post=7198"}],"curies":[{"name":"wp","href":"https:\/\/api.w.org\/{rel}","templated":true}]}}