{"id":7210,"date":"2023-10-09T07:02:01","date_gmt":"2023-10-09T04:02:01","guid":{"rendered":"https:\/\/yeni.assam.org.tr\/index.php\/2023\/10\/09\/asrika-mihveri-islam-birligi-modelini-gerekli-kilan-sebepler-3-en\/"},"modified":"2023-10-09T07:02:01","modified_gmt":"2023-10-09T04:02:01","slug":"asrika-mihveri-islam-birligi-modelini-gerekli-kilan-sebepler-3-en","status":"publish","type":"post","link":"https:\/\/assam.org.tr\/en\/asrika-mihveri-islam-birligi-modelini-gerekli-kilan-sebepler-3-en\/","title":{"rendered":"\u200bASR\u0130KA Mihveri &#8216;\u0130slam Birli\u011fi&#8217; Modelini Gerekli K\u0131lan Sebepler -3-"},"content":{"rendered":"<p><img loading=\"lazy\" decoding=\"async\" class=\" size-full wp-image-7207\" src=\"https:\/\/assam.org.tr\/wp-content\/uploads\/2023\/10\/6176c11bdfbc564ec8ab329c0188939a-scaled.jpg\" alt=\"\" width=\"2560\" height=\"1440\" \/><\/p>\n<p style=\"text-align: justify;\">So\u011fuk sava\u015f\u0131n sona erdi\u011fi 1990 y\u0131l\u0131ndan sonra POTUS Jeorge W.Bush taraf\u0131ndan ha\u00e7l\u0131 seferleri ba\u015flat\u0131larak Irak, arkas\u0131ndan 2001\u2019de Afganistan i\u015fgal edilmi\u015ftir. Fakat bu i\u015fgaller hem maddi hem de askeri kay\u0131plara neden oldu\u011fu i\u00e7in bat\u0131 kamuoyunda itirazlara neden olmu\u015ftur. \u00dcnl\u00fc teorisyen Graham E. Fuller ki bu \u015fah\u0131s Amerikan RAND Corporation d\u00fc\u015f\u00fcnce kurulu\u015funun daimi politik Dan\u0131\u015fman\u0131 ABD Merkezi Haber alma Te\u015fkilat\u0131&#8217;n\u0131n Milli Haber alma Konseyi eski ba\u015fkan yard\u0131mc\u0131s\u0131 yazar Amerikal\u0131 devlet g\u00f6revlisi\u00a0taraf\u0131ndan ileri s\u00fcr\u00fclen\u00a0<b><strong>\u2018Medeniyet \u0130\u00e7i \u00c7at\u0131\u015fma\u2019\u00a0<\/strong><\/b>tezi \u0130slam d\u00fcnyas\u0131ndaki iki fay hatt\u0131 olan milliyet\u00e7ilik ve mezhep\u00e7ilik \u00fczerinden hayata ge\u00e7irilmi\u015ftir. Bizzat bat\u0131n\u0131n kurup finanse etti\u011fi ter\u00f6r \u00f6rg\u00fctleri \u0130slam co\u011frafyas\u0131n\u0131n yeni i\u015fgal vas\u0131talar\u0131 olarak vek\u00e2let sava\u015f\u0131nda kullan\u0131lm\u0131\u015ft\u0131r.<\/p>\n<p><!--more--><\/p>\n<p style=\"text-align: justify;\">2011 \u2018de Bat\u0131n\u0131n\u00a0<b><strong>\u201cArap Bahar\u0131\u201d<\/strong><\/b>\u00a0bizimse\u00a0<b><strong>\u201cArap \u00c7ilesi\u201d<\/strong><\/b>\u00a0dedi\u011fimiz olaylar\u0131n ba\u015flamas\u0131 sonucunda Kuzey Afrika \u00e7alkant\u0131ya girmi\u015f bat\u0131ya kar\u015f\u0131 en sert tavr\u0131 sergileyen Libya ve Kaddafi\u2019ye a\u011f\u0131r bir bedel \u00f6detilmi\u015ftir. Libya i\u015fgale u\u011fram\u0131\u015f, Kaddafi lin\u00e7 edilmi\u015ftir. Suriye ise i\u00e7 sava\u015fa s\u00fcr\u00fcklenmi\u015ftir. \u00dclkemizdeki senaryo ise 15 Temmuz\u2019da asil milletimiz ve g\u00fc\u00e7l\u00fc siyasi irade taraf\u0131ndan bertaraf etmi\u015ftir.<\/p>\n<p style=\"text-align: justify;\">Bu vetirede \u2018Bat\u0131\u2019 \u0130slam d\u00fcnyas\u0131na imparatorluklarla sald\u0131r\u0131rken \u0130slam \u00fclkeleri Irak, Libya, Suriye, Afganistan \u00f6rne\u011finde oldu\u011fu gibi m\u00fcnferit savunma yapm\u0131\u015flard\u0131r. A\u011f\u0131r ma\u011flubiyetlerle sonu\u00e7lanan i\u015fgaller ve par\u00e7alanmalar ya\u015fanm\u0131\u015ft\u0131r. Kaynaklar\u0131m\u0131z Bat\u0131 emperyalizmi taraf\u0131ndan s\u00f6m\u00fcr\u00fclmektedir.<\/p>\n<p style=\"text-align: justify;\">Dolay\u0131s\u0131yla \u0130slam d\u00fcnyas\u0131 sahip oldu\u011fu jeopolitik de\u011fer, yeralt\u0131 ve yer \u00fcst\u00fc kaynaklar bak\u0131m\u0131ndan\u00a0<b><strong>\u2018Hasta Bat\u0131\u2019n\u0131n<\/strong><\/b>\u00a0a\u00e7\u0131k tehdidi alt\u0131ndad\u0131r. Bat\u0131\u2019n\u0131n medeniyetler \u00e7at\u0131\u015fmas\u0131 \u00fczerinden ba\u015flatt\u0131\u011f\u0131 medeniyet i\u00e7i \u00e7at\u0131\u015fma ile ikame ve idame ettirdi\u011fi i\u015fgalleri durdurman\u0131n bir tek yolu vard\u0131r. O da \u0130slam d\u00fcnyas\u0131n\u0131n\u00a0<b><strong>\u2018bir medeniyet i\u00e7i ittifak\u0131\u2019<\/strong><\/b>\u00a0kurup idame ettirmesidir.<\/p>\n<p style=\"text-align: justify;\">Ya\u015fananlar bir tesad\u00fcf de\u011fildir. Planl\u0131d\u0131r, y\u00fczy\u0131llardan beridir ad\u0131m ad\u0131m elde edilmi\u015f bir sonu\u00e7tur. Bug\u00fcn ya\u015fananlar hi\u00e7 ku\u015fkusuz D\u00fcnya\u2019y\u0131 bir Yahudi hapishanesine \u00e7eviren Yahudi Nazizm\u2019i- Siyasal Siyonizm jeopolitik felsefesinin bir sonucudur. Bu zul\u00fcm d\u00fczeni ile m\u00fccadele etmek b\u00fct\u00fcn M\u00fcsl\u00fcmanlar\u0131n vazifesidir.<\/p>\n<p style=\"text-align: justify;\"><b><strong>\u0130sl\u00e2m Birli\u011fi Fikri\u2019nin<\/strong><\/b>\u00a0temeli \u0130sl\u00e2m\u2019\u0131n temel faraziyelerinden biri olan \u201cM\u00fcsl\u00fcmanlar ancak karde\u015ftir.\u201d emridir. \u0130slam\u2019\u0131n \u00f6nerdi\u011fi toplum modeli \u00fcmmet olmakt\u0131r. Emperyalizmin tuzaklar\u0131ndan ve s\u00f6m\u00fcr\u00fcden kurtulu\u015f re\u00e7etesidir. K\u00fcresel Sistem\u2019in, Irk\u00e7\u0131 Emperyalizm \u2019in ve G-7\u2019lerin kar\u015f\u0131s\u0131na adil, herkesin m\u00fcreffeh oldu\u011fu bir d\u00fcnya nizam\u0131n\u0131n konmas\u0131d\u0131r.<\/p>\n<p style=\"text-align: justify;\"><b><strong>\u0130slam Birli\u011fi Fikri, \u0130sl\u00e2m<\/strong><\/b>\u00a0d\u00fcnyas\u0131n\u0131n, Bat\u0131l\u0131lar kar\u015f\u0131s\u0131nda d\u00fc\u015ft\u00fc\u011f\u00fc zafiyet, aczi yet ve a\u015fa\u011f\u0131l\u0131k kompleksinden kurtulu\u015f ve dirili\u015f yolunun aray\u0131\u015f\u0131d\u0131r.<\/p>\n<p style=\"text-align: justify;\">Bu itibarla \u0130slam Birli\u011fi veya di\u011fer ifadeyle \u0130ttihat-\u0131 \u0130slam teklifi bir y\u00f6n\u00fcyle mevcut d\u00fczene bir alternatif, di\u011fer y\u00f6n\u00fcyle de tepkiseldir. Bat\u0131 kar\u015f\u0131s\u0131nda M\u00fcsl\u00fcmanlar\u0131n durumlar\u0131n\u0131 d\u00fczeltmeyi\/\u0131slah\u0131 gaye edinmektedir.<\/p>\n<p style=\"text-align: justify;\"><b><strong>B\u00fct\u00fcn bu izahlardan \u00e7\u0131kacak sonu\u00e7 \u015fudur; T\u00fcrkiye&#8217;nin yeri<\/strong><\/b>\u00a0<b><strong>Papa XII. Pio&#8217;nun tavsiyesiyle Roma Antla\u015fmas\u0131na dayan\u0131larak bir Hristiyan birli\u011fi olarak kurulan<\/strong><\/b>\u00a0<b><strong>\u201cAvrupa Birli\u011fi\u201d de\u011fil, D\u00fcnya \u0130slam Birli\u011fi\u2019nin liderli\u011fi olmal\u0131d\u0131r\u2026<\/strong><\/b><\/p>\n<p style=\"text-align: justify;\">ASSAM\u2019\u0131n \u00f6nerdi\u011fi ASR\u0130KA M\u0130HVER\u0130 bu fikri nazariyelerle ortaya \u00e7\u0131km\u0131\u015f\u00a0<b><strong><u>bir jeopolitik mihverdir\u2026 Mutlaka hayata ge\u00e7irilmelidir.<\/u><\/strong><\/b><\/p>\n","protected":false},"excerpt":{"rendered":"<p>So\u011fuk sava\u015f\u0131n sona erdi\u011fi 1990 y\u0131l\u0131ndan sonra&#46;&#46;&#46;<\/p>\n","protected":false},"author":53,"featured_media":7207,"comment_status":"open","ping_status":"open","sticky":false,"template":"","format":"standard","meta":{"_acf_changed":false,"footnotes":""},"categories":[323],"tags":[574,2439,1048,866,1313],"manset":[],"class_list":["post-7210","post","type-post","status-publish","format-standard","has-post-thumbnail","hentry","category-news","tag-asrika","tag-asrika-mihveri","tag-assam","tag-islam-birligi","tag-nejat-ozden"],"acf":[],"yoast_head":"<!-- This site is optimized with the Yoast SEO plugin v26.1 - https:\/\/yoast.com\/wordpress\/plugins\/seo\/ -->\n<title>Assam<\/title>\n<meta name=\"robots\" content=\"index, follow, max-snippet:-1, max-image-preview:large, max-video-preview:-1\" \/>\n<link rel=\"canonical\" href=\"https:\/\/assam.org.tr\/en\/asrika-mihveri-islam-birligi-modelini-gerekli-kilan-sebepler-3-en\/\" \/>\n<meta property=\"og:locale\" content=\"en_US\" \/>\n<meta property=\"og:type\" content=\"article\" \/>\n<meta property=\"og:title\" content=\"\u200bASR\u0130KA Mihveri &#039;\u0130slam Birli\u011fi&#039; Modelini Gerekli K\u0131lan Sebepler -3- Assam\" \/>\n<meta property=\"og:description\" content=\"So\u011fuk sava\u015f\u0131n sona erdi\u011fi 1990 y\u0131l\u0131ndan sonra&#046;&#046;&#046;\" \/>\n<meta property=\"og:url\" content=\"https:\/\/assam.org.tr\/en\/asrika-mihveri-islam-birligi-modelini-gerekli-kilan-sebepler-3-en\/\" \/>\n<meta property=\"og:site_name\" content=\"Assam\" \/>\n<meta property=\"article:published_time\" content=\"2023-10-09T04:02:01+00:00\" \/>\n<meta property=\"og:image\" content=\"https:\/\/assam.org.tr\/downloads\/2023\/10\/6176c11bdfbc564ec8ab329c0188939a-scaled.jpg\" \/>\n\t<meta property=\"og:image:width\" content=\"2560\" \/>\n\t<meta property=\"og:image:height\" content=\"1440\" \/>\n\t<meta property=\"og:image:type\" content=\"image\/jpeg\" \/>\n<meta name=\"author\" content=\"Nejat \u00d6ZDEN\" \/>\n<meta name=\"twitter:card\" content=\"summary_large_image\" \/>\n<meta name=\"twitter:label1\" content=\"Written by\" \/>\n\t<meta name=\"twitter:data1\" content=\"Nejat \u00d6ZDEN\" \/>\n\t<meta name=\"twitter:label2\" content=\"Est. reading time\" \/>\n\t<meta name=\"twitter:data2\" content=\"3 minutes\" \/>\n<script type=\"application\/ld+json\" class=\"yoast-schema-graph\">{\"@context\":\"https:\/\/schema.org\",\"@graph\":[{\"@type\":\"WebPage\",\"@id\":\"https:\/\/assam.org.tr\/en\/asrika-mihveri-islam-birligi-modelini-gerekli-kilan-sebepler-3-en\/\",\"url\":\"https:\/\/assam.org.tr\/en\/asrika-mihveri-islam-birligi-modelini-gerekli-kilan-sebepler-3-en\/\",\"name\":\"\u200bASR\u0130KA Mihveri '\u0130slam Birli\u011fi' Modelini Gerekli K\u0131lan Sebepler -3- Assam\",\"isPartOf\":{\"@id\":\"https:\/\/assam.org.tr\/en\/#website\"},\"primaryImageOfPage\":{\"@id\":\"https:\/\/assam.org.tr\/en\/asrika-mihveri-islam-birligi-modelini-gerekli-kilan-sebepler-3-en\/#primaryimage\"},\"image\":{\"@id\":\"https:\/\/assam.org.tr\/en\/asrika-mihveri-islam-birligi-modelini-gerekli-kilan-sebepler-3-en\/#primaryimage\"},\"thumbnailUrl\":\"https:\/\/assam.org.tr\/downloads\/2023\/10\/6176c11bdfbc564ec8ab329c0188939a-scaled.jpg\",\"datePublished\":\"2023-10-09T04:02:01+00:00\",\"author\":{\"@id\":\"https:\/\/assam.org.tr\/en\/#\/schema\/person\/e99765eefa13258942e4f90b4d92d0ea\"},\"breadcrumb\":{\"@id\":\"https:\/\/assam.org.tr\/en\/asrika-mihveri-islam-birligi-modelini-gerekli-kilan-sebepler-3-en\/#breadcrumb\"},\"inLanguage\":\"en-US\",\"potentialAction\":[{\"@type\":\"ReadAction\",\"target\":[\"https:\/\/assam.org.tr\/en\/asrika-mihveri-islam-birligi-modelini-gerekli-kilan-sebepler-3-en\/\"]}]},{\"@type\":\"ImageObject\",\"inLanguage\":\"en-US\",\"@id\":\"https:\/\/assam.org.tr\/en\/asrika-mihveri-islam-birligi-modelini-gerekli-kilan-sebepler-3-en\/#primaryimage\",\"url\":\"https:\/\/assam.org.tr\/downloads\/2023\/10\/6176c11bdfbc564ec8ab329c0188939a-scaled.jpg\",\"contentUrl\":\"https:\/\/assam.org.tr\/downloads\/2023\/10\/6176c11bdfbc564ec8ab329c0188939a-scaled.jpg\",\"width\":2560,\"height\":1440},{\"@type\":\"BreadcrumbList\",\"@id\":\"https:\/\/assam.org.tr\/en\/asrika-mihveri-islam-birligi-modelini-gerekli-kilan-sebepler-3-en\/#breadcrumb\",\"itemListElement\":[{\"@type\":\"ListItem\",\"position\":1,\"name\":\"Anasayfa\",\"item\":\"https:\/\/assam.org.tr\/en\/\"},{\"@type\":\"ListItem\",\"position\":2,\"name\":\"\u200bASR\u0130KA Mihveri &#8216;\u0130slam Birli\u011fi&#8217; Modelini Gerekli K\u0131lan Sebepler -3-\"}]},{\"@type\":\"WebSite\",\"@id\":\"https:\/\/assam.org.tr\/en\/#website\",\"url\":\"https:\/\/assam.org.tr\/en\/\",\"name\":\"Assam\",\"description\":\"\",\"potentialAction\":[{\"@type\":\"SearchAction\",\"target\":{\"@type\":\"EntryPoint\",\"urlTemplate\":\"https:\/\/assam.org.tr\/en\/?s={search_term_string}\"},\"query-input\":{\"@type\":\"PropertyValueSpecification\",\"valueRequired\":true,\"valueName\":\"search_term_string\"}}],\"inLanguage\":\"en-US\"},{\"@type\":\"Person\",\"@id\":\"https:\/\/assam.org.tr\/en\/#\/schema\/person\/e99765eefa13258942e4f90b4d92d0ea\",\"name\":\"Nejat \u00d6ZDEN\",\"image\":{\"@type\":\"ImageObject\",\"inLanguage\":\"en-US\",\"@id\":\"https:\/\/assam.org.tr\/en\/#\/schema\/person\/image\/\",\"url\":\"https:\/\/secure.gravatar.com\/avatar\/54957d7b5eb9c6f0fe0ecb60e87ae8eb47a29d06d772d8cfc107db7285750492?s=96&d=mm&r=g\",\"contentUrl\":\"https:\/\/secure.gravatar.com\/avatar\/54957d7b5eb9c6f0fe0ecb60e87ae8eb47a29d06d772d8cfc107db7285750492?s=96&d=mm&r=g\",\"caption\":\"Nejat \u00d6ZDEN\"},\"url\":\"https:\/\/assam.org.tr\/en\/author\/nejat-ozden\/\"}]}<\/script>\n<!-- \/ Yoast SEO plugin. -->","yoast_head_json":{"title":"Assam","robots":{"index":"index","follow":"follow","max-snippet":"max-snippet:-1","max-image-preview":"max-image-preview:large","max-video-preview":"max-video-preview:-1"},"canonical":"https:\/\/assam.org.tr\/en\/asrika-mihveri-islam-birligi-modelini-gerekli-kilan-sebepler-3-en\/","og_locale":"en_US","og_type":"article","og_title":"\u200bASR\u0130KA Mihveri '\u0130slam Birli\u011fi' Modelini Gerekli K\u0131lan Sebepler -3- Assam","og_description":"So\u011fuk sava\u015f\u0131n sona erdi\u011fi 1990 y\u0131l\u0131ndan sonra&#46;&#46;&#46;","og_url":"https:\/\/assam.org.tr\/en\/asrika-mihveri-islam-birligi-modelini-gerekli-kilan-sebepler-3-en\/","og_site_name":"Assam","article_published_time":"2023-10-09T04:02:01+00:00","og_image":[{"width":2560,"height":1440,"url":"https:\/\/assam.org.tr\/downloads\/2023\/10\/6176c11bdfbc564ec8ab329c0188939a-scaled.jpg","type":"image\/jpeg"}],"author":"Nejat \u00d6ZDEN","twitter_card":"summary_large_image","twitter_misc":{"Written by":"Nejat \u00d6ZDEN","Est. reading time":"3 minutes"},"schema":{"@context":"https:\/\/schema.org","@graph":[{"@type":"WebPage","@id":"https:\/\/assam.org.tr\/en\/asrika-mihveri-islam-birligi-modelini-gerekli-kilan-sebepler-3-en\/","url":"https:\/\/assam.org.tr\/en\/asrika-mihveri-islam-birligi-modelini-gerekli-kilan-sebepler-3-en\/","name":"\u200bASR\u0130KA Mihveri '\u0130slam Birli\u011fi' Modelini Gerekli K\u0131lan Sebepler -3- Assam","isPartOf":{"@id":"https:\/\/assam.org.tr\/en\/#website"},"primaryImageOfPage":{"@id":"https:\/\/assam.org.tr\/en\/asrika-mihveri-islam-birligi-modelini-gerekli-kilan-sebepler-3-en\/#primaryimage"},"image":{"@id":"https:\/\/assam.org.tr\/en\/asrika-mihveri-islam-birligi-modelini-gerekli-kilan-sebepler-3-en\/#primaryimage"},"thumbnailUrl":"https:\/\/assam.org.tr\/downloads\/2023\/10\/6176c11bdfbc564ec8ab329c0188939a-scaled.jpg","datePublished":"2023-10-09T04:02:01+00:00","author":{"@id":"https:\/\/assam.org.tr\/en\/#\/schema\/person\/e99765eefa13258942e4f90b4d92d0ea"},"breadcrumb":{"@id":"https:\/\/assam.org.tr\/en\/asrika-mihveri-islam-birligi-modelini-gerekli-kilan-sebepler-3-en\/#breadcrumb"},"inLanguage":"en-US","potentialAction":[{"@type":"ReadAction","target":["https:\/\/assam.org.tr\/en\/asrika-mihveri-islam-birligi-modelini-gerekli-kilan-sebepler-3-en\/"]}]},{"@type":"ImageObject","inLanguage":"en-US","@id":"https:\/\/assam.org.tr\/en\/asrika-mihveri-islam-birligi-modelini-gerekli-kilan-sebepler-3-en\/#primaryimage","url":"https:\/\/assam.org.tr\/downloads\/2023\/10\/6176c11bdfbc564ec8ab329c0188939a-scaled.jpg","contentUrl":"https:\/\/assam.org.tr\/downloads\/2023\/10\/6176c11bdfbc564ec8ab329c0188939a-scaled.jpg","width":2560,"height":1440},{"@type":"BreadcrumbList","@id":"https:\/\/assam.org.tr\/en\/asrika-mihveri-islam-birligi-modelini-gerekli-kilan-sebepler-3-en\/#breadcrumb","itemListElement":[{"@type":"ListItem","position":1,"name":"Anasayfa","item":"https:\/\/assam.org.tr\/en\/"},{"@type":"ListItem","position":2,"name":"\u200bASR\u0130KA Mihveri &#8216;\u0130slam Birli\u011fi&#8217; Modelini Gerekli K\u0131lan Sebepler -3-"}]},{"@type":"WebSite","@id":"https:\/\/assam.org.tr\/en\/#website","url":"https:\/\/assam.org.tr\/en\/","name":"Assam","description":"","potentialAction":[{"@type":"SearchAction","target":{"@type":"EntryPoint","urlTemplate":"https:\/\/assam.org.tr\/en\/?s={search_term_string}"},"query-input":{"@type":"PropertyValueSpecification","valueRequired":true,"valueName":"search_term_string"}}],"inLanguage":"en-US"},{"@type":"Person","@id":"https:\/\/assam.org.tr\/en\/#\/schema\/person\/e99765eefa13258942e4f90b4d92d0ea","name":"Nejat \u00d6ZDEN","image":{"@type":"ImageObject","inLanguage":"en-US","@id":"https:\/\/assam.org.tr\/en\/#\/schema\/person\/image\/","url":"https:\/\/secure.gravatar.com\/avatar\/54957d7b5eb9c6f0fe0ecb60e87ae8eb47a29d06d772d8cfc107db7285750492?s=96&d=mm&r=g","contentUrl":"https:\/\/secure.gravatar.com\/avatar\/54957d7b5eb9c6f0fe0ecb60e87ae8eb47a29d06d772d8cfc107db7285750492?s=96&d=mm&r=g","caption":"Nejat \u00d6ZDEN"},"url":"https:\/\/assam.org.tr\/en\/author\/nejat-ozden\/"}]}},"_links":{"self":[{"href":"https:\/\/assam.org.tr\/en\/wp-json\/wp\/v2\/posts\/7210","targetHints":{"allow":["GET"]}}],"collection":[{"href":"https:\/\/assam.org.tr\/en\/wp-json\/wp\/v2\/posts"}],"about":[{"href":"https:\/\/assam.org.tr\/en\/wp-json\/wp\/v2\/types\/post"}],"author":[{"embeddable":true,"href":"https:\/\/assam.org.tr\/en\/wp-json\/wp\/v2\/users\/53"}],"replies":[{"embeddable":true,"href":"https:\/\/assam.org.tr\/en\/wp-json\/wp\/v2\/comments?post=7210"}],"version-history":[{"count":0,"href":"https:\/\/assam.org.tr\/en\/wp-json\/wp\/v2\/posts\/7210\/revisions"}],"wp:featuredmedia":[{"embeddable":true,"href":"https:\/\/assam.org.tr\/en\/wp-json\/wp\/v2\/media\/7207"}],"wp:attachment":[{"href":"https:\/\/assam.org.tr\/en\/wp-json\/wp\/v2\/media?parent=7210"}],"wp:term":[{"taxonomy":"category","embeddable":true,"href":"https:\/\/assam.org.tr\/en\/wp-json\/wp\/v2\/categories?post=7210"},{"taxonomy":"post_tag","embeddable":true,"href":"https:\/\/assam.org.tr\/en\/wp-json\/wp\/v2\/tags?post=7210"},{"taxonomy":"manset","embeddable":true,"href":"https:\/\/assam.org.tr\/en\/wp-json\/wp\/v2\/manset?post=7210"}],"curies":[{"name":"wp","href":"https:\/\/api.w.org\/{rel}","templated":true}]}}