{"id":7288,"date":"2023-10-23T13:16:51","date_gmt":"2023-10-23T10:16:51","guid":{"rendered":"https:\/\/yeni.assam.org.tr\/index.php\/2023\/10\/23\/almanya-turkiye-beyin-gocu-en\/"},"modified":"2023-10-23T13:16:51","modified_gmt":"2023-10-23T10:16:51","slug":"almanya-turkiye-beyin-gocu-en","status":"publish","type":"post","link":"https:\/\/assam.org.tr\/en\/almanya-turkiye-beyin-gocu-en\/","title":{"rendered":"Almanya-T\u00fcrkiye Beyin G\u00f6\u00e7\u00fc"},"content":{"rendered":"<p><img loading=\"lazy\" decoding=\"async\" class=\" size-full wp-image-7285\" src=\"https:\/\/assam.org.tr\/wp-content\/uploads\/2023\/10\/537eafaab0a4c0a227d88cc02e4492cf-scaled.jpg\" alt=\"\" width=\"2560\" height=\"1440\" \/><\/p>\n<p><strong>Giri\u015f<\/strong><\/p>\n<p style=\"text-align: justify;\">Beyin g\u00f6\u00e7\u00fc, nitelikli profesyonellerin, ara\u015ft\u0131rmac\u0131lar\u0131n ve uzmanlar\u0131n bir \u00fclkeden di\u011ferine g\u00f6\u00e7 etmesi anlam\u0131na gelir.\u00a0<\/p>\n<p><!--more--><\/p>\n<p style=\"text-align: justify;\">Almanya, y\u00fcksek kaliteli e\u011fitim ve i\u015f f\u0131rsatlar\u0131 sunan bir \u00fclke oldu\u011fu i\u00e7in bir\u00e7ok beyin g\u00f6\u00e7\u00fc olmu\u015ftur.<\/p>\n<ol style=\"text-align: justify;\">\n<li>E\u011fitim: Almanya, d\u00fcnya \u00e7ap\u0131nda sayg\u0131n \u00fcniversitelere sahiptir. Bir\u00e7ok yabanc\u0131 \u00f6\u011frenci Almanya&#8217;ya e\u011fitim almaya gelir. \u00dcniversiteler \u00fccretsiz veya d\u00fc\u015f\u00fck \u00fccretlidir ve uluslararas\u0131 \u00f6\u011frencilere de a\u00e7\u0131kt\u0131r.<\/li>\n<li>\u0130\u015f F\u0131rsatlar\u0131: Almanya, bir\u00e7ok end\u00fcstride i\u015f f\u0131rsatlar\u0131 sunar. M\u00fchendislik, bilim, teknoloji ve sa\u011fl\u0131k gibi alanlarda uzmanla\u015fm\u0131\u015f ki\u015filere i\u015f imkanlar\u0131 sa\u011flar.<\/li>\n<li>Ara\u015ft\u0131rma ve Geli\u015ftirme: Almanya, ara\u015ft\u0131rma ve geli\u015ftirme faaliyetlerine b\u00fcy\u00fck yat\u0131r\u0131mlar yapar. Bu nedenle bilim insanlar\u0131 ve ara\u015ft\u0131rmac\u0131lar i\u00e7in cazip bir yerdir.<\/li>\n<li>G\u00f6\u00e7men Dostu Politika: Almanya, y\u00fcksek nitelikli g\u00f6\u00e7menleri \u00e7ekmek i\u00e7in \u00e7e\u015fitli politikalar ve vize se\u00e7enekleri sunar. Mavi Kart gibi \u00f6zel g\u00f6\u00e7men vize programlar\u0131 da bulunur.<\/li>\n<li>Dil: Almanca, i\u015f bulma ve yerle\u015fme s\u00fcrecinde \u00f6nemli bir rol oynar. Almanca bilmek, i\u015f ba\u015fvurular\u0131 ve ileti\u015fim a\u00e7\u0131s\u0131ndan faydal\u0131d\u0131r.<\/li>\n<li>\u00c7al\u0131\u015fma \u0130zni: Almanya&#8217;ya yerle\u015fmek ve \u00e7al\u0131\u015fmak isteyenler i\u00e7in \u00f6zel \u00e7al\u0131\u015fma izni gerekebilir. Bu izin, Alman h\u00fck\u00fcmetinden al\u0131n\u0131r.<\/li>\n<li>Uyum Programlar\u0131: Almanya, yeni g\u00f6\u00e7menlere yerel k\u00fclt\u00fcr ve topluma uyum sa\u011flama konusunda destek sunan programlar ve hizmetler sunar.<\/li>\n<\/ol>\n<p style=\"text-align: justify;\"><strong>Hedef-Kitle<\/strong><\/p>\n<ul style=\"text-align: justify;\">\n<li>&#8220;Beyin g\u00f6\u00e7\u00fc hedef&#8221; ifadesi, genellikle bir \u00fclkenin belirli bir s\u00fcre i\u00e7inde nitelikli profesyonelleri ve uzmanlar\u0131 \u00e7ekmeyi veya kazanmay\u0131 ama\u00e7layan bir politikay\u0131 veya stratejiyi ifade eder. Bu politika, \u00fclkenin bilim, teknoloji, ekonomi ve di\u011fer sekt\u00f6rlerdeki geli\u015fmeleri h\u0131zland\u0131rmak ve rekabet\u00e7ili\u011fini art\u0131rmak i\u00e7in kullan\u0131l\u0131r.<\/li>\n<li>Bir \u00fclkenin beyin g\u00f6\u00e7\u00fc hedefleri \u015funlar\u0131 i\u00e7erebilir:<\/li>\n<\/ul>\n<ol style=\"text-align: justify;\">\n<li>Nitelikli \u0130\u015fg\u00fcc\u00fc \u00c7ekme: \u00dclke, y\u00fcksek becerilere sahip profesyonelleri ve uzmanlar\u0131 kendilerine \u00e7ekmek i\u00e7in cazip i\u015f f\u0131rsatlar\u0131 sunar. Bu, \u00fclkenin i\u015fg\u00fcc\u00fcn\u00fc iyile\u015ftirmesine ve uzmanl\u0131k alanlar\u0131nda b\u00fcy\u00fcmesine yard\u0131mc\u0131 olabilir.<\/li>\n<li>Ara\u015ft\u0131rma ve \u0130novasyon: Bilim insanlar\u0131, ara\u015ft\u0131rmac\u0131lar ve m\u00fchendisler i\u00e7in ara\u015ft\u0131rma ve inovasyon projelerine kat\u0131lmalar\u0131 i\u00e7in te\u015fvikler sunar. Bu, bilimsel ve teknolojik geli\u015fmeyi h\u0131zland\u0131rabilir.<\/li>\n<li>E\u011fitim: \u00dclke, y\u00fcksek \u00f6\u011frenim kurumlar\u0131na yat\u0131r\u0131m yapar ve yabanc\u0131 \u00f6\u011frencileri \u00e7ekmek i\u00e7in burslar ve destekler sa\u011flar. Bu, uluslararas\u0131 \u00f6\u011frencilerin \u00fclkede e\u011fitim almalar\u0131n\u0131 te\u015fvik eder.<\/li>\n<li>G\u00f6\u00e7men Dostu Politika: Vize politikalar\u0131n\u0131 ve g\u00f6\u00e7menlik s\u00fcre\u00e7lerini iyile\u015ftirir ve kolayla\u015ft\u0131r\u0131r. Bu, yabanc\u0131 nitelikli profesyonellerin \u00fclkeye kolayca yerle\u015fmelerine yard\u0131mc\u0131 olur.<\/li>\n<li>Dil E\u011fitimi: \u00dclke, yabanc\u0131lar\u0131n yerel dilini \u00f6\u011frenmelerini te\u015fvik eder ve dil e\u011fitimi sa\u011flar.<\/li>\n<li>\u0130\u015fbirli\u011fi: Uluslararas\u0131 i\u015fbirli\u011fi ve akademik de\u011fi\u015fim programlar\u0131 yoluyla \u00fclkeyi di\u011fer \u00fclkelerdeki yeteneklerle ba\u011flar.<\/li>\n<\/ol>\n<ul style=\"text-align: justify;\">\n<li>Almanya gibi \u00fclkeler, beyin g\u00f6\u00e7\u00fc hedeflerini ger\u00e7ekle\u015ftirmek i\u00e7in benzer politikalar\u0131 benimseyebilirler. Bu t\u00fcr bir politika, ekonomik b\u00fcy\u00fcmeyi desteklemek, inovasyonu te\u015fvik etmek ve \u00fclkenin rekabet g\u00fcc\u00fcn\u00fc art\u0131rmak amac\u0131yla kullan\u0131labilir, ayni Zamanda Batila hizmet etmekte en b\u00fcy\u00fck silah.<\/li>\n<\/ul>\n<p style=\"text-align: justify;\"><strong>Misyon<\/strong><\/p>\n<p style=\"text-align: justify;\">Tarihsel olarak, hak ile bat\u0131l aras\u0131ndaki m\u00fccadele her zaman var olmu\u015ftur. 19. y\u00fczy\u0131l\u0131n ba\u015flar\u0131 ve ortalar\u0131nda, sava\u015flar genellikle silah veya kuvvetle a\u00e7\u0131k\u00e7a s\u00fcrd\u00fcr\u00fcl\u00fcyordu. Ancak g\u00fcn\u00fcm\u00fczde, teknolojinin etkisiyle sava\u015flar \u00e7ok farkl\u0131 yollarla y\u00fcr\u00fct\u00fcl\u00fcyor. Bu nedenle, Ha\u00e7l\u0131 Seferleri-M\u00fccadelesi gibi tarihsel olaylar, g\u00fcn\u00fcm\u00fczde beyin g\u00f6\u00e7\u00fcn\u00fc etkileyen fakt\u00f6rlerden biri haline geldi.<\/p>\n<p style=\"text-align: justify;\">Almanya gibi baz\u0131 \u00fclkeler, d\u00fcnya ekonomisinin merkezlerinden biri olarak pozisyonlar\u0131n\u0131 korumak i\u00e7in y\u00fcksek kaliteli beyin g\u00fcc\u00fcn\u00fc \u00e7ekmeye odaklanm\u0131\u015ft\u0131r. Bu, sosyal ya\u015famdan ba\u015flayarak, ba\u015far\u0131l\u0131 \u00f6\u011frencilere sa\u011flanan desteklere kadar bir\u00e7ok alan\u0131 i\u00e7ermektedir. Ancak, bu cazip avantajlara kap\u0131lan ve yurtd\u0131\u015f\u0131nda e\u011fitim alan gen\u00e7 bireyler, i\u015f hayat\u0131na ba\u015flad\u0131klar\u0131nda geri d\u00f6nmeleri zor veya imk\u00e2ns\u0131z durum haline geliyor. As\u0131l \u00f6nemli olan, sadece bug\u00fcn\u00fc ve yar\u0131n\u0131 in\u015fa etmek de\u011fil, ayn\u0131 zamanda k\u0131yamete kadar s\u00fcrecek sa\u011flam\/bilincli\u00a0 nesiller yeti\u015ftirmektir. \u00c7\u00fcnk\u00fc sava\u015flar her zaman var olacakt\u0131r, ancak nesillerin beyinlerinin kendi k\u00f6klerini ve de\u011ferlerini unutmamalar\u0131, toplumsal sorumluluklar\u0131na sad\u0131k kalmalar\u0131, adil bir d\u00fcnya in\u015fa etme g\u00fcc\u00fcne sahip olmalar\u0131 gereklidir. Her bireyin, kendi vatan\u0131n\u0131 koruma ve geli\u015ftirme sorumlulu\u011fu vard\u0131r, ve bu, k\u00fcresel bar\u0131\u015f ve istikrar\u0131n temelini olu\u015fturabilir.<\/p>\n<p style=\"text-align: justify;\"><strong>\u00d6zet Sonu\u00e7<\/strong><\/p>\n<ul style=\"text-align: justify;\">\n<li>Sonu\u00e7 olarak, M\u00fcsl\u00fcman topluluklar, dinimizin ilk emri olan &#8220;ikra&#8221; (oku) emrini yerine getiren topluluklar\u0131 daha fazla destekleyen ve de\u011fer veren programlar olu\u015fturmal\u0131d\u0131r. Belki de Ha\u00e7l\u0131 Seferleri&#8217;nin bug\u00fcnk\u00fc en b\u00fcy\u00fck zarar\u0131, gen\u00e7, dinamik nesilleri kendi \u00f6z de\u011ferlerinden uzakla\u015ft\u0131rarak, d\u00fc\u015fman fitne tohumlar\u0131n\u0131 ekmek ve ayr\u0131mc\u0131l\u0131k yapmaktad\u0131r. Hayat k\u0131lavuzumuz olan Kur&#8217;an, fitneye kar\u015f\u0131 uyar\u0131larda bulunur ve bu konuya b\u00fcy\u00fck \u00f6nem atfeder.<\/li>\n<li>G\u00f6r\u00fcyoruz ki, Kur&#8217;an&#8217;\u0131 hayat\u0131m\u0131z\u0131n merkezine koyarak, her konuda oldu\u011fu gibi beyin g\u00f6\u00e7\u00fc konusunda da sonu\u00e7 odakl\u0131 ve g\u00fc\u00e7l\u00fc ad\u0131mlar atabiliriz. Kur&#8217;an, hem ki\u015fisel hem de toplumsal rehberlik sa\u011flayarak, M\u00fcsl\u00fcman topluluklar i\u00e7in de\u011ferlerini koruma ve geli\u015ftirme yolunda bir k\u0131lavuz olabilir. Bu, M\u00fcsl\u00fcman toplumun istikrar\u0131n\u0131 ve birlik i\u00e7inde ilerlemesini destekleyebilir.<\/li>\n<li>Onlara: \u201cYery\u00fcz\u00fcnde bozgunculuk yapmay\u0131n.\u201d denildi\u011finde: \u201cBiz sadece \u0131slah edicileriz.\u201d derler.(2\/Bakara 11<\/li>\n<li>Dikkat edin! Onlar bozguncular\u0131n ta kendileridirler. Lakin fark\u0131nda de\u011fillerdir.(2\/Bakara 12<\/li>\n<li><em>\u201cAllah (cc), m\u00fcminlerin Ehl-i Kitab\u2019\u0131 dost edinmesini yasakl\u0131yor (<a href=\"https:\/\/tevhidmeali.com\/sure\/maide-suresi\/51\">5\/<\/a><a href=\"https:\/\/tevhidmeali.com\/sure\/maide-suresi\/51\">M\u00e2ide<\/a><a href=\"https:\/\/tevhidmeali.com\/sure\/maide-suresi\/51\">, 51<\/a>), k\u00e2firleri dost edinmenin fitneye sebep olup bunun, yery\u00fcz\u00fcnde bozgunculuk olaca\u011f\u0131n\u0131 belirtiyordu (<a href=\"https:\/\/tevhidmeali.com\/sure\/enfal-suresi\/73\">8\/<\/a><a href=\"https:\/\/tevhidmeali.com\/sure\/enfal-suresi\/73\">Enf\u00e2l<\/a><a href=\"https:\/\/tevhidmeali.com\/sure\/enfal-suresi\/73\">, 73<\/a>). M\u00fcnaf\u0131klar, Allah\u2019\u0131n (cc) yasa\u011f\u0131n\u0131 \u00e7i\u011fniyor ve \u2018Biz, m\u00fcminler ile Ehl-i Kitab\u2019\u0131n aras\u0131n\u0131 buluyor, \u0131slah ediyoruz.\u2019 diyorlard\u0131.\u201d (\u0130bni Ebi Hatim, 124, \u0130bni Abbas\u2019tan) Bunun \u00fczerine Allah (cc) okudu\u011fumuz ayeti indirdi.<\/em><\/li>\n<li>(fas\u0131klar) ki sa\u011flamla\u015ft\u0131r\u0131ld\u0131ktan sonra Allah\u2019\u0131n s\u00f6z\u00fcn\u00fc bozar, Allah\u2019\u0131n birle\u015ftirilmesini istedi\u011fi (ba\u011flar\u0131) kopar\u0131r, yery\u00fcz\u00fcnde bozgunculuk yaparlar. \u0130\u015fte bunlar h\u00fcsrana u\u011frayanlar\u0131n ta kendileridir.(2\/Bakara 27<\/li>\n<li>(Bir i\u015fin ba\u015f\u0131na y\u00f6netici oldu\u011funda ya da) yan\u0131n\u0131zdan ayr\u0131ld\u0131\u011f\u0131nda yery\u00fcz\u00fcnde bozgunculuk yapmak, ekini ve nesli yok etmek i\u00e7in \u00e7al\u0131\u015f\u0131r. (Oysa) Allah, bozgunculu\u011fu sevmez.(2\/Bakara 205<\/li>\n<li>Ey iman edenler! Kendi d\u0131\u015f\u0131n\u0131zda (s\u0131rlar\u0131n\u0131z\u0131 payla\u015f\u0131p i\u00e7 i\u015flerinizden haberdar edece\u011finiz k\u00e2fir) bir \u00e7evre edinmeyin. (\u00c7\u00fcnk\u00fc k\u00e2firler) size zarar vermekten geri durmaz, sizin zora d\u00fc\u015fmenizi isterler. Kinleri a\u011f\u0131zlar\u0131nda belirmi\u015ftir. Sinelerinin saklad\u0131\u011f\u0131 (kin) ise \u00e7ok daha b\u00fcy\u00fckt\u00fcr. \u015eayet aklediyorsan\u0131z ger\u00e7ekten size ayetlerimizi a\u00e7\u0131klad\u0131k. (3\/\u00c2l-i \u0130mran 118)<\/li>\n<\/ul>\n<p style=\"text-align: justify;\">HAMD ALEMLER\u0130N RABB\u0130NE MAHSUSTUR<\/p>\n","protected":false},"excerpt":{"rendered":"<p>Giri\u015f Beyin g\u00f6\u00e7\u00fc, nitelikli profesyonellerin, ara\u015ft\u0131rmac\u0131lar\u0131n ve&#46;&#46;&#46;<\/p>\n","protected":false},"author":1,"featured_media":7285,"comment_status":"open","ping_status":"open","sticky":false,"template":"","format":"standard","meta":{"_acf_changed":false,"footnotes":""},"categories":[257],"tags":[2445,2447,839,2446,2444],"manset":[],"class_list":["post-7288","post","type-post","status-publish","format-standard","has-post-thumbnail","hentry","category-islam-ulkeleri-en","tag-arastirma","tag-beyin-gocu","tag-egitim","tag-gelistirme","tag-is"],"acf":[],"yoast_head":"<!-- This site is optimized with the Yoast SEO plugin v26.1 - https:\/\/yoast.com\/wordpress\/plugins\/seo\/ -->\n<title>Assam<\/title>\n<meta name=\"robots\" content=\"index, follow, max-snippet:-1, max-image-preview:large, max-video-preview:-1\" \/>\n<link rel=\"canonical\" href=\"https:\/\/assam.org.tr\/en\/almanya-turkiye-beyin-gocu-en\/\" \/>\n<meta property=\"og:locale\" content=\"en_US\" \/>\n<meta property=\"og:type\" content=\"article\" \/>\n<meta property=\"og:title\" content=\"Almanya-T\u00fcrkiye Beyin G\u00f6\u00e7\u00fc - Assam\" \/>\n<meta property=\"og:description\" content=\"Giri\u015f Beyin g\u00f6\u00e7\u00fc, nitelikli profesyonellerin, ara\u015ft\u0131rmac\u0131lar\u0131n ve&#046;&#046;&#046;\" \/>\n<meta property=\"og:url\" content=\"https:\/\/assam.org.tr\/en\/almanya-turkiye-beyin-gocu-en\/\" \/>\n<meta property=\"og:site_name\" content=\"Assam\" \/>\n<meta property=\"article:published_time\" content=\"2023-10-23T10:16:51+00:00\" \/>\n<meta property=\"og:image\" content=\"https:\/\/assam.org.tr\/downloads\/2023\/10\/537eafaab0a4c0a227d88cc02e4492cf-scaled.jpg\" \/>\n\t<meta property=\"og:image:width\" content=\"2560\" \/>\n\t<meta property=\"og:image:height\" content=\"1440\" \/>\n\t<meta property=\"og:image:type\" content=\"image\/jpeg\" \/>\n<meta name=\"author\" content=\"admin\" \/>\n<meta name=\"twitter:card\" content=\"summary_large_image\" \/>\n<meta name=\"twitter:label1\" content=\"Written by\" \/>\n\t<meta name=\"twitter:data1\" content=\"admin\" \/>\n\t<meta name=\"twitter:label2\" content=\"Est. reading time\" \/>\n\t<meta name=\"twitter:data2\" content=\"6 minutes\" \/>\n<script type=\"application\/ld+json\" class=\"yoast-schema-graph\">{\"@context\":\"https:\/\/schema.org\",\"@graph\":[{\"@type\":\"WebPage\",\"@id\":\"https:\/\/assam.org.tr\/en\/almanya-turkiye-beyin-gocu-en\/\",\"url\":\"https:\/\/assam.org.tr\/en\/almanya-turkiye-beyin-gocu-en\/\",\"name\":\"Almanya-T\u00fcrkiye Beyin G\u00f6\u00e7\u00fc - Assam\",\"isPartOf\":{\"@id\":\"https:\/\/assam.org.tr\/en\/#website\"},\"primaryImageOfPage\":{\"@id\":\"https:\/\/assam.org.tr\/en\/almanya-turkiye-beyin-gocu-en\/#primaryimage\"},\"image\":{\"@id\":\"https:\/\/assam.org.tr\/en\/almanya-turkiye-beyin-gocu-en\/#primaryimage\"},\"thumbnailUrl\":\"https:\/\/assam.org.tr\/downloads\/2023\/10\/537eafaab0a4c0a227d88cc02e4492cf-scaled.jpg\",\"datePublished\":\"2023-10-23T10:16:51+00:00\",\"author\":{\"@id\":\"https:\/\/assam.org.tr\/en\/#\/schema\/person\/3acfcd4778cdd610ce53e7926748b2ef\"},\"breadcrumb\":{\"@id\":\"https:\/\/assam.org.tr\/en\/almanya-turkiye-beyin-gocu-en\/#breadcrumb\"},\"inLanguage\":\"en-US\",\"potentialAction\":[{\"@type\":\"ReadAction\",\"target\":[\"https:\/\/assam.org.tr\/en\/almanya-turkiye-beyin-gocu-en\/\"]}]},{\"@type\":\"ImageObject\",\"inLanguage\":\"en-US\",\"@id\":\"https:\/\/assam.org.tr\/en\/almanya-turkiye-beyin-gocu-en\/#primaryimage\",\"url\":\"https:\/\/assam.org.tr\/downloads\/2023\/10\/537eafaab0a4c0a227d88cc02e4492cf-scaled.jpg\",\"contentUrl\":\"https:\/\/assam.org.tr\/downloads\/2023\/10\/537eafaab0a4c0a227d88cc02e4492cf-scaled.jpg\",\"width\":2560,\"height\":1440},{\"@type\":\"BreadcrumbList\",\"@id\":\"https:\/\/assam.org.tr\/en\/almanya-turkiye-beyin-gocu-en\/#breadcrumb\",\"itemListElement\":[{\"@type\":\"ListItem\",\"position\":1,\"name\":\"Anasayfa\",\"item\":\"https:\/\/assam.org.tr\/en\/\"},{\"@type\":\"ListItem\",\"position\":2,\"name\":\"Almanya-T\u00fcrkiye Beyin G\u00f6\u00e7\u00fc\"}]},{\"@type\":\"WebSite\",\"@id\":\"https:\/\/assam.org.tr\/en\/#website\",\"url\":\"https:\/\/assam.org.tr\/en\/\",\"name\":\"Assam\",\"description\":\"\",\"potentialAction\":[{\"@type\":\"SearchAction\",\"target\":{\"@type\":\"EntryPoint\",\"urlTemplate\":\"https:\/\/assam.org.tr\/en\/?s={search_term_string}\"},\"query-input\":{\"@type\":\"PropertyValueSpecification\",\"valueRequired\":true,\"valueName\":\"search_term_string\"}}],\"inLanguage\":\"en-US\"},{\"@type\":\"Person\",\"@id\":\"https:\/\/assam.org.tr\/en\/#\/schema\/person\/3acfcd4778cdd610ce53e7926748b2ef\",\"name\":\"admin\",\"image\":{\"@type\":\"ImageObject\",\"inLanguage\":\"en-US\",\"@id\":\"https:\/\/assam.org.tr\/en\/#\/schema\/person\/image\/\",\"url\":\"https:\/\/secure.gravatar.com\/avatar\/b64b9f9a11c3402664510c42229973ea79f05e8f86997d5123fb1c02cf533ea4?s=96&d=mm&r=g\",\"contentUrl\":\"https:\/\/secure.gravatar.com\/avatar\/b64b9f9a11c3402664510c42229973ea79f05e8f86997d5123fb1c02cf533ea4?s=96&d=mm&r=g\",\"caption\":\"admin\"},\"sameAs\":[\"https:\/\/yeni.assam.org.tr\"],\"url\":\"https:\/\/assam.org.tr\/en\/author\/admin\/\"}]}<\/script>\n<!-- \/ Yoast SEO plugin. -->","yoast_head_json":{"title":"Assam","robots":{"index":"index","follow":"follow","max-snippet":"max-snippet:-1","max-image-preview":"max-image-preview:large","max-video-preview":"max-video-preview:-1"},"canonical":"https:\/\/assam.org.tr\/en\/almanya-turkiye-beyin-gocu-en\/","og_locale":"en_US","og_type":"article","og_title":"Almanya-T\u00fcrkiye Beyin G\u00f6\u00e7\u00fc - Assam","og_description":"Giri\u015f Beyin g\u00f6\u00e7\u00fc, nitelikli profesyonellerin, ara\u015ft\u0131rmac\u0131lar\u0131n ve&#46;&#46;&#46;","og_url":"https:\/\/assam.org.tr\/en\/almanya-turkiye-beyin-gocu-en\/","og_site_name":"Assam","article_published_time":"2023-10-23T10:16:51+00:00","og_image":[{"width":2560,"height":1440,"url":"https:\/\/assam.org.tr\/downloads\/2023\/10\/537eafaab0a4c0a227d88cc02e4492cf-scaled.jpg","type":"image\/jpeg"}],"author":"admin","twitter_card":"summary_large_image","twitter_misc":{"Written by":"admin","Est. reading time":"6 minutes"},"schema":{"@context":"https:\/\/schema.org","@graph":[{"@type":"WebPage","@id":"https:\/\/assam.org.tr\/en\/almanya-turkiye-beyin-gocu-en\/","url":"https:\/\/assam.org.tr\/en\/almanya-turkiye-beyin-gocu-en\/","name":"Almanya-T\u00fcrkiye Beyin G\u00f6\u00e7\u00fc - Assam","isPartOf":{"@id":"https:\/\/assam.org.tr\/en\/#website"},"primaryImageOfPage":{"@id":"https:\/\/assam.org.tr\/en\/almanya-turkiye-beyin-gocu-en\/#primaryimage"},"image":{"@id":"https:\/\/assam.org.tr\/en\/almanya-turkiye-beyin-gocu-en\/#primaryimage"},"thumbnailUrl":"https:\/\/assam.org.tr\/downloads\/2023\/10\/537eafaab0a4c0a227d88cc02e4492cf-scaled.jpg","datePublished":"2023-10-23T10:16:51+00:00","author":{"@id":"https:\/\/assam.org.tr\/en\/#\/schema\/person\/3acfcd4778cdd610ce53e7926748b2ef"},"breadcrumb":{"@id":"https:\/\/assam.org.tr\/en\/almanya-turkiye-beyin-gocu-en\/#breadcrumb"},"inLanguage":"en-US","potentialAction":[{"@type":"ReadAction","target":["https:\/\/assam.org.tr\/en\/almanya-turkiye-beyin-gocu-en\/"]}]},{"@type":"ImageObject","inLanguage":"en-US","@id":"https:\/\/assam.org.tr\/en\/almanya-turkiye-beyin-gocu-en\/#primaryimage","url":"https:\/\/assam.org.tr\/downloads\/2023\/10\/537eafaab0a4c0a227d88cc02e4492cf-scaled.jpg","contentUrl":"https:\/\/assam.org.tr\/downloads\/2023\/10\/537eafaab0a4c0a227d88cc02e4492cf-scaled.jpg","width":2560,"height":1440},{"@type":"BreadcrumbList","@id":"https:\/\/assam.org.tr\/en\/almanya-turkiye-beyin-gocu-en\/#breadcrumb","itemListElement":[{"@type":"ListItem","position":1,"name":"Anasayfa","item":"https:\/\/assam.org.tr\/en\/"},{"@type":"ListItem","position":2,"name":"Almanya-T\u00fcrkiye Beyin G\u00f6\u00e7\u00fc"}]},{"@type":"WebSite","@id":"https:\/\/assam.org.tr\/en\/#website","url":"https:\/\/assam.org.tr\/en\/","name":"Assam","description":"","potentialAction":[{"@type":"SearchAction","target":{"@type":"EntryPoint","urlTemplate":"https:\/\/assam.org.tr\/en\/?s={search_term_string}"},"query-input":{"@type":"PropertyValueSpecification","valueRequired":true,"valueName":"search_term_string"}}],"inLanguage":"en-US"},{"@type":"Person","@id":"https:\/\/assam.org.tr\/en\/#\/schema\/person\/3acfcd4778cdd610ce53e7926748b2ef","name":"admin","image":{"@type":"ImageObject","inLanguage":"en-US","@id":"https:\/\/assam.org.tr\/en\/#\/schema\/person\/image\/","url":"https:\/\/secure.gravatar.com\/avatar\/b64b9f9a11c3402664510c42229973ea79f05e8f86997d5123fb1c02cf533ea4?s=96&d=mm&r=g","contentUrl":"https:\/\/secure.gravatar.com\/avatar\/b64b9f9a11c3402664510c42229973ea79f05e8f86997d5123fb1c02cf533ea4?s=96&d=mm&r=g","caption":"admin"},"sameAs":["https:\/\/yeni.assam.org.tr"],"url":"https:\/\/assam.org.tr\/en\/author\/admin\/"}]}},"_links":{"self":[{"href":"https:\/\/assam.org.tr\/en\/wp-json\/wp\/v2\/posts\/7288","targetHints":{"allow":["GET"]}}],"collection":[{"href":"https:\/\/assam.org.tr\/en\/wp-json\/wp\/v2\/posts"}],"about":[{"href":"https:\/\/assam.org.tr\/en\/wp-json\/wp\/v2\/types\/post"}],"author":[{"embeddable":true,"href":"https:\/\/assam.org.tr\/en\/wp-json\/wp\/v2\/users\/1"}],"replies":[{"embeddable":true,"href":"https:\/\/assam.org.tr\/en\/wp-json\/wp\/v2\/comments?post=7288"}],"version-history":[{"count":0,"href":"https:\/\/assam.org.tr\/en\/wp-json\/wp\/v2\/posts\/7288\/revisions"}],"wp:featuredmedia":[{"embeddable":true,"href":"https:\/\/assam.org.tr\/en\/wp-json\/wp\/v2\/media\/7285"}],"wp:attachment":[{"href":"https:\/\/assam.org.tr\/en\/wp-json\/wp\/v2\/media?parent=7288"}],"wp:term":[{"taxonomy":"category","embeddable":true,"href":"https:\/\/assam.org.tr\/en\/wp-json\/wp\/v2\/categories?post=7288"},{"taxonomy":"post_tag","embeddable":true,"href":"https:\/\/assam.org.tr\/en\/wp-json\/wp\/v2\/tags?post=7288"},{"taxonomy":"manset","embeddable":true,"href":"https:\/\/assam.org.tr\/en\/wp-json\/wp\/v2\/manset?post=7288"}],"curies":[{"name":"wp","href":"https:\/\/api.w.org\/{rel}","templated":true}]}}