{"id":8684,"date":"2025-10-16T11:58:23","date_gmt":"2025-10-16T08:58:23","guid":{"rendered":"https:\/\/assam.org.tr\/?p=8684"},"modified":"2025-10-16T12:00:09","modified_gmt":"2025-10-16T09:00:09","slug":"seeking-solution-to-the-europe-and-central-asia-turkestan-region-crisis-2025","status":"publish","type":"post","link":"https:\/\/assam.org.tr\/en\/seeking-solution-to-the-europe-and-central-asia-turkestan-region-crisis-2025\/","title":{"rendered":"Seeking Solution to the Europe and Central Asia (Turkestan) Region Crisis \u2013 2025"},"content":{"rendered":"\n<figure class=\"wp-block-embed is-type-video is-provider-youtube wp-block-embed-youtube wp-embed-aspect-16-9 wp-has-aspect-ratio\"><div class=\"wp-block-embed__wrapper\">\n<iframe loading=\"lazy\" title=\"Seeking Solution to the Europe and Central Asia (Turkestan) Region Crisis \u2013 2025 Promotional Video\" width=\"500\" height=\"281\" src=\"data:image\/png;base64,iVBORw0KGgoAAAANSUhEUgAAAAIAAAABCAQAAABeK7cBAAAAC0lEQVR42mNkAAIAAAoAAv\/lxKUAAAAASUVORK5CYII=\" data-src=\"https:\/\/www.youtube.com\/embed\/OQrqPkEGI4w?feature=oembed\" frameborder=\"0\" allow=\"accelerometer; autoplay; clipboard-write; encrypted-media; gyroscope; picture-in-picture; web-share\" referrerpolicy=\"strict-origin-when-cross-origin\" class=\"kanews-lazy\" allowfullscreen><\/iframe>\n<\/div><\/figure>\n\n\n\n<p>ASRICA Model Islamic Union Congress on Seeking Solutions to Crises in the Europe and Central Asia (Turkestan) Region <\/p>\n\n\n\n<p>Common Mind, Common Security, Common Future In Unity Lies Strength <\/p>\n\n\n\n<p>November 09, 2025 <\/p>\n\n\n\n<p>\u0130stanbul Sabahattin Zaim University Abdullah Tivnikli Conference Hall<\/p>\n\n\n\n<p>Esteemed Sir, Congresses; To make determinations on an academic and political basis regarding current problems in world politics, especially the Geography of Islamic Countries; to propose solutions to international, regional and local crises; To determine the necessary institutions for the gathering of Islamic Countries under one will and to create the necessary legislative models for these institutions; It aims to present a solution to the Islamic World and decision makers. We would be deeply honored to welcome Your Esteemed Presence as our guest of honor at this significant gathering, where we will come together with distinguished representatives from our country and friendly nations. Sincerely. ,<\/p>\n\n\n\n<p>Melih TANRIVERD\u0130 <\/p>\n\n\n\n<p>Chairman of the Board of Directors<\/p>\n\n\n\n<p>1. Day \/ Saturday, November 8, 2025 <\/p>\n\n\n\n<p>Opening and Greeting Speeches <\/p>\n\n\n\n<p>Partners\u2019 Speeches <\/p>\n\n\n\n<p>Opening Speech of Mr. Hasan Turan, AK Party MP <\/p>\n\n\n\n<p>Sudan Prime Minister Prof. Dr. Mr. Kamil El-Tayeb Idris Abdelhafiz <\/p>\n\n\n\n<p>Opening Speech Keynote Speakers Prof. Dr. Kamaruzaman bin Yusoff \/ Malezya Technology University<\/p>\n\n\n\n<p> Ambassador Syed Abrar Hussain \/ Pakistan <\/p>\n\n\n\n<p>Prof. Dr. S\u00fcleyman K\u0131z\u0131ltoprak \/ Rector, K\u00fctahya Dumlup\u0131nar University <\/p>\n\n\n\n<p>Prof. Dr. L\u00fctfi Sunar \/ Rector, International Balkan University <\/p>\n\n\n\n<p>Prof. Dr. Ensar Ni\u015fanc\u0131 \/ Tekirda\u011f Nam\u0131k Kemal University <\/p>\n\n\n\n<p>Prof. Dr. Cafer Tayyar Ar\u0131 \/ Uluda\u011f University <\/p>\n\n\n\n<p>Prof. Dr. Seyfettin Erdo\u011fan \/ \u0130stanbul Medeniyet University <\/p>\n\n\n\n<p>Prof. Dr. \u0130lham Mira\u00e7 \/ \u00dcsk\u00fcdar University <\/p>\n\n\n\n<p>Prof. Dr. Gluham Mursaleen \/ Hindistan Aligarh Muslim University <\/p>\n\n\n\n<p>Prof. Dr. Hebatallah Adam \/ Hindistan Jindal Global University <\/p>\n\n\n\n<p>Prof. Dr. Silky Vigg Kushwah \/ Hindistan New Delhi Institute of Management <\/p>\n\n\n\n<p>Session \u2013 1 European and Central Asia (Turkestan) Islamic Countries\u2019 Demographic, Geopolitics, Socio-Cultural Structures <\/p>\n\n\n\n<p>Session \u2013 2 European and Central Asia (Turkestan) Islamic Countries\u2019 History of the Struggle Against Imperialism and Colonialism <\/p>\n\n\n\n<p>Session  \u2013 3 Regional (European and Central Asia (Turkestan) Islamic Countries\u2019 Region) Policies of the Superpowers <\/p>\n\n\n\n<p>Session  \u2013 4 European and Central Asia (Turkestan) Islamic Countries\u2019 Economic, Trade, Energy, Migration Dynamics <\/p>\n\n\n\n<p>Session  \u2013 5 Security Issues, Conflicts, and Proposed Solutions in the Region of Islamic States in European and Central Asia (Turkestan)<\/p>\n","protected":false},"excerpt":{"rendered":"<p>ASRICA Model Islamic Union Congress on Seeking&#46;&#46;&#46;<\/p>\n","protected":false},"author":1,"featured_media":8686,"comment_status":"closed","ping_status":"closed","sticky":false,"template":"","format":"standard","meta":{"_acf_changed":false,"footnotes":""},"categories":[376],"tags":[2743,2744,2745],"manset":[],"class_list":["post-8684","post","type-post","status-publish","format-standard","has-post-thumbnail","hentry","category-announcement","tag-assam-3","tag-congress-2","tag-europe-and-central-asia-turkestan"],"acf":[],"yoast_head":"<!-- This site is optimized with the Yoast SEO plugin v26.1 - https:\/\/yoast.com\/wordpress\/plugins\/seo\/ -->\n<title>Assam<\/title>\n<meta name=\"robots\" content=\"index, follow, max-snippet:-1, max-image-preview:large, max-video-preview:-1\" \/>\n<link rel=\"canonical\" href=\"https:\/\/assam.org.tr\/en\/seeking-solution-to-the-europe-and-central-asia-turkestan-region-crisis-2025\/\" \/>\n<meta property=\"og:locale\" content=\"en_US\" \/>\n<meta property=\"og:type\" content=\"article\" \/>\n<meta property=\"og:title\" content=\"Seeking Solution to the Europe and Central Asia (Turkestan) Region Crisis \u2013 2025 - Assam\" \/>\n<meta property=\"og:description\" content=\"ASRICA Model Islamic Union Congress on Seeking&#046;&#046;&#046;\" \/>\n<meta property=\"og:url\" content=\"https:\/\/assam.org.tr\/en\/seeking-solution-to-the-europe-and-central-asia-turkestan-region-crisis-2025\/\" \/>\n<meta property=\"og:site_name\" content=\"Assam\" \/>\n<meta property=\"article:published_time\" content=\"2025-10-16T08:58:23+00:00\" \/>\n<meta property=\"article:modified_time\" content=\"2025-10-16T09:00:09+00:00\" \/>\n<meta property=\"og:image\" content=\"https:\/\/assam.org.tr\/downloads\/2025\/10\/en-kapak-1024x486.png\" \/>\n\t<meta property=\"og:image:width\" content=\"1024\" \/>\n\t<meta property=\"og:image:height\" content=\"486\" \/>\n\t<meta property=\"og:image:type\" content=\"image\/png\" \/>\n<meta name=\"author\" content=\"admin\" \/>\n<meta name=\"twitter:card\" content=\"summary_large_image\" \/>\n<meta name=\"twitter:label1\" content=\"Written by\" \/>\n\t<meta name=\"twitter:data1\" content=\"admin\" \/>\n\t<meta name=\"twitter:label2\" content=\"Est. reading time\" \/>\n\t<meta name=\"twitter:data2\" content=\"3 minutes\" \/>\n<script type=\"application\/ld+json\" class=\"yoast-schema-graph\">{\"@context\":\"https:\/\/schema.org\",\"@graph\":[{\"@type\":\"WebPage\",\"@id\":\"https:\/\/assam.org.tr\/en\/seeking-solution-to-the-europe-and-central-asia-turkestan-region-crisis-2025\/\",\"url\":\"https:\/\/assam.org.tr\/en\/seeking-solution-to-the-europe-and-central-asia-turkestan-region-crisis-2025\/\",\"name\":\"Seeking Solution to the Europe and Central Asia (Turkestan) Region Crisis \u2013 2025 - Assam\",\"isPartOf\":{\"@id\":\"https:\/\/assam.org.tr\/en\/#website\"},\"primaryImageOfPage\":{\"@id\":\"https:\/\/assam.org.tr\/en\/seeking-solution-to-the-europe-and-central-asia-turkestan-region-crisis-2025\/#primaryimage\"},\"image\":{\"@id\":\"https:\/\/assam.org.tr\/en\/seeking-solution-to-the-europe-and-central-asia-turkestan-region-crisis-2025\/#primaryimage\"},\"thumbnailUrl\":\"https:\/\/assam.org.tr\/downloads\/2025\/10\/en-kapak.png\",\"datePublished\":\"2025-10-16T08:58:23+00:00\",\"dateModified\":\"2025-10-16T09:00:09+00:00\",\"author\":{\"@id\":\"https:\/\/assam.org.tr\/en\/#\/schema\/person\/3acfcd4778cdd610ce53e7926748b2ef\"},\"breadcrumb\":{\"@id\":\"https:\/\/assam.org.tr\/en\/seeking-solution-to-the-europe-and-central-asia-turkestan-region-crisis-2025\/#breadcrumb\"},\"inLanguage\":\"en-US\",\"potentialAction\":[{\"@type\":\"ReadAction\",\"target\":[\"https:\/\/assam.org.tr\/en\/seeking-solution-to-the-europe-and-central-asia-turkestan-region-crisis-2025\/\"]}]},{\"@type\":\"ImageObject\",\"inLanguage\":\"en-US\",\"@id\":\"https:\/\/assam.org.tr\/en\/seeking-solution-to-the-europe-and-central-asia-turkestan-region-crisis-2025\/#primaryimage\",\"url\":\"https:\/\/assam.org.tr\/downloads\/2025\/10\/en-kapak.png\",\"contentUrl\":\"https:\/\/assam.org.tr\/downloads\/2025\/10\/en-kapak.png\",\"width\":1913,\"height\":908},{\"@type\":\"BreadcrumbList\",\"@id\":\"https:\/\/assam.org.tr\/en\/seeking-solution-to-the-europe-and-central-asia-turkestan-region-crisis-2025\/#breadcrumb\",\"itemListElement\":[{\"@type\":\"ListItem\",\"position\":1,\"name\":\"Anasayfa\",\"item\":\"https:\/\/assam.org.tr\/en\/\"},{\"@type\":\"ListItem\",\"position\":2,\"name\":\"Seeking Solution to the Europe and Central Asia (Turkestan) Region Crisis \u2013 2025\"}]},{\"@type\":\"WebSite\",\"@id\":\"https:\/\/assam.org.tr\/en\/#website\",\"url\":\"https:\/\/assam.org.tr\/en\/\",\"name\":\"Assam\",\"description\":\"\",\"potentialAction\":[{\"@type\":\"SearchAction\",\"target\":{\"@type\":\"EntryPoint\",\"urlTemplate\":\"https:\/\/assam.org.tr\/en\/?s={search_term_string}\"},\"query-input\":{\"@type\":\"PropertyValueSpecification\",\"valueRequired\":true,\"valueName\":\"search_term_string\"}}],\"inLanguage\":\"en-US\"},{\"@type\":\"Person\",\"@id\":\"https:\/\/assam.org.tr\/en\/#\/schema\/person\/3acfcd4778cdd610ce53e7926748b2ef\",\"name\":\"admin\",\"image\":{\"@type\":\"ImageObject\",\"inLanguage\":\"en-US\",\"@id\":\"https:\/\/assam.org.tr\/en\/#\/schema\/person\/image\/\",\"url\":\"https:\/\/secure.gravatar.com\/avatar\/b64b9f9a11c3402664510c42229973ea79f05e8f86997d5123fb1c02cf533ea4?s=96&d=mm&r=g\",\"contentUrl\":\"https:\/\/secure.gravatar.com\/avatar\/b64b9f9a11c3402664510c42229973ea79f05e8f86997d5123fb1c02cf533ea4?s=96&d=mm&r=g\",\"caption\":\"admin\"},\"sameAs\":[\"https:\/\/yeni.assam.org.tr\"],\"url\":\"https:\/\/assam.org.tr\/en\/author\/admin\/\"}]}<\/script>\n<!-- \/ Yoast SEO plugin. -->","yoast_head_json":{"title":"Assam","robots":{"index":"index","follow":"follow","max-snippet":"max-snippet:-1","max-image-preview":"max-image-preview:large","max-video-preview":"max-video-preview:-1"},"canonical":"https:\/\/assam.org.tr\/en\/seeking-solution-to-the-europe-and-central-asia-turkestan-region-crisis-2025\/","og_locale":"en_US","og_type":"article","og_title":"Seeking Solution to the Europe and Central Asia (Turkestan) Region Crisis \u2013 2025 - Assam","og_description":"ASRICA Model Islamic Union Congress on Seeking&#46;&#46;&#46;","og_url":"https:\/\/assam.org.tr\/en\/seeking-solution-to-the-europe-and-central-asia-turkestan-region-crisis-2025\/","og_site_name":"Assam","article_published_time":"2025-10-16T08:58:23+00:00","article_modified_time":"2025-10-16T09:00:09+00:00","og_image":[{"width":1024,"height":486,"url":"https:\/\/assam.org.tr\/downloads\/2025\/10\/en-kapak-1024x486.png","type":"image\/png"}],"author":"admin","twitter_card":"summary_large_image","twitter_misc":{"Written by":"admin","Est. reading time":"3 minutes"},"schema":{"@context":"https:\/\/schema.org","@graph":[{"@type":"WebPage","@id":"https:\/\/assam.org.tr\/en\/seeking-solution-to-the-europe-and-central-asia-turkestan-region-crisis-2025\/","url":"https:\/\/assam.org.tr\/en\/seeking-solution-to-the-europe-and-central-asia-turkestan-region-crisis-2025\/","name":"Seeking Solution to the Europe and Central Asia (Turkestan) Region Crisis \u2013 2025 - Assam","isPartOf":{"@id":"https:\/\/assam.org.tr\/en\/#website"},"primaryImageOfPage":{"@id":"https:\/\/assam.org.tr\/en\/seeking-solution-to-the-europe-and-central-asia-turkestan-region-crisis-2025\/#primaryimage"},"image":{"@id":"https:\/\/assam.org.tr\/en\/seeking-solution-to-the-europe-and-central-asia-turkestan-region-crisis-2025\/#primaryimage"},"thumbnailUrl":"https:\/\/assam.org.tr\/downloads\/2025\/10\/en-kapak.png","datePublished":"2025-10-16T08:58:23+00:00","dateModified":"2025-10-16T09:00:09+00:00","author":{"@id":"https:\/\/assam.org.tr\/en\/#\/schema\/person\/3acfcd4778cdd610ce53e7926748b2ef"},"breadcrumb":{"@id":"https:\/\/assam.org.tr\/en\/seeking-solution-to-the-europe-and-central-asia-turkestan-region-crisis-2025\/#breadcrumb"},"inLanguage":"en-US","potentialAction":[{"@type":"ReadAction","target":["https:\/\/assam.org.tr\/en\/seeking-solution-to-the-europe-and-central-asia-turkestan-region-crisis-2025\/"]}]},{"@type":"ImageObject","inLanguage":"en-US","@id":"https:\/\/assam.org.tr\/en\/seeking-solution-to-the-europe-and-central-asia-turkestan-region-crisis-2025\/#primaryimage","url":"https:\/\/assam.org.tr\/downloads\/2025\/10\/en-kapak.png","contentUrl":"https:\/\/assam.org.tr\/downloads\/2025\/10\/en-kapak.png","width":1913,"height":908},{"@type":"BreadcrumbList","@id":"https:\/\/assam.org.tr\/en\/seeking-solution-to-the-europe-and-central-asia-turkestan-region-crisis-2025\/#breadcrumb","itemListElement":[{"@type":"ListItem","position":1,"name":"Anasayfa","item":"https:\/\/assam.org.tr\/en\/"},{"@type":"ListItem","position":2,"name":"Seeking Solution to the Europe and Central Asia (Turkestan) Region Crisis \u2013 2025"}]},{"@type":"WebSite","@id":"https:\/\/assam.org.tr\/en\/#website","url":"https:\/\/assam.org.tr\/en\/","name":"Assam","description":"","potentialAction":[{"@type":"SearchAction","target":{"@type":"EntryPoint","urlTemplate":"https:\/\/assam.org.tr\/en\/?s={search_term_string}"},"query-input":{"@type":"PropertyValueSpecification","valueRequired":true,"valueName":"search_term_string"}}],"inLanguage":"en-US"},{"@type":"Person","@id":"https:\/\/assam.org.tr\/en\/#\/schema\/person\/3acfcd4778cdd610ce53e7926748b2ef","name":"admin","image":{"@type":"ImageObject","inLanguage":"en-US","@id":"https:\/\/assam.org.tr\/en\/#\/schema\/person\/image\/","url":"https:\/\/secure.gravatar.com\/avatar\/b64b9f9a11c3402664510c42229973ea79f05e8f86997d5123fb1c02cf533ea4?s=96&d=mm&r=g","contentUrl":"https:\/\/secure.gravatar.com\/avatar\/b64b9f9a11c3402664510c42229973ea79f05e8f86997d5123fb1c02cf533ea4?s=96&d=mm&r=g","caption":"admin"},"sameAs":["https:\/\/yeni.assam.org.tr"],"url":"https:\/\/assam.org.tr\/en\/author\/admin\/"}]}},"_links":{"self":[{"href":"https:\/\/assam.org.tr\/en\/wp-json\/wp\/v2\/posts\/8684","targetHints":{"allow":["GET"]}}],"collection":[{"href":"https:\/\/assam.org.tr\/en\/wp-json\/wp\/v2\/posts"}],"about":[{"href":"https:\/\/assam.org.tr\/en\/wp-json\/wp\/v2\/types\/post"}],"author":[{"embeddable":true,"href":"https:\/\/assam.org.tr\/en\/wp-json\/wp\/v2\/users\/1"}],"replies":[{"embeddable":true,"href":"https:\/\/assam.org.tr\/en\/wp-json\/wp\/v2\/comments?post=8684"}],"version-history":[{"count":3,"href":"https:\/\/assam.org.tr\/en\/wp-json\/wp\/v2\/posts\/8684\/revisions"}],"predecessor-version":[{"id":8692,"href":"https:\/\/assam.org.tr\/en\/wp-json\/wp\/v2\/posts\/8684\/revisions\/8692"}],"wp:featuredmedia":[{"embeddable":true,"href":"https:\/\/assam.org.tr\/en\/wp-json\/wp\/v2\/media\/8686"}],"wp:attachment":[{"href":"https:\/\/assam.org.tr\/en\/wp-json\/wp\/v2\/media?parent=8684"}],"wp:term":[{"taxonomy":"category","embeddable":true,"href":"https:\/\/assam.org.tr\/en\/wp-json\/wp\/v2\/categories?post=8684"},{"taxonomy":"post_tag","embeddable":true,"href":"https:\/\/assam.org.tr\/en\/wp-json\/wp\/v2\/tags?post=8684"},{"taxonomy":"manset","embeddable":true,"href":"https:\/\/assam.org.tr\/en\/wp-json\/wp\/v2\/manset?post=8684"}],"curies":[{"name":"wp","href":"https:\/\/api.w.org\/{rel}","templated":true}]}}